{"id":2798,"date":"2026-04-27T10:41:32","date_gmt":"2026-04-27T13:41:32","guid":{"rendered":"https:\/\/www.encontracapaoredondo.com.br\/sobre\/teto-de-comercio-desaba-em-cima-de-clintes-em-sao-paulo\/"},"modified":"2026-04-27T10:41:32","modified_gmt":"2026-04-27T13:41:32","slug":"teto-de-comercio-desaba-em-cima-de-clintes-em-sao-paulo","status":"publish","type":"post","link":"https:\/\/www.encontracapaoredondo.com.br\/sobre\/teto-de-comercio-desaba-em-cima-de-clintes-em-sao-paulo\/","title":{"rendered":"Teto de com\u00e9rcio desaba em cima de clintes em S\u00e3o Paulo"},"content":{"rendered":"<div class=\"8fb9da09c1a584b185d8cf81e63b5046\" data-index=\"1\" style=\"float: none; margin:0px;\">\n<!-- Anuncio display - global -->\r\n<ins class=\"adsbygoogle\"\r\n     style=\"display:block\"\r\n     data-ad-client=\"ca-pub-8585364105181520\"\r\n     data-ad-slot=\"8789329856\"\r\n     data-ad-format=\"auto\"\r\n     data-full-width-responsive=\"true\"><\/ins>\r\n<script>\r\n     (adsbygoogle = window.adsbygoogle || []).push({});\r\n<\/script>\n<\/div>\n<h2>Desabamento do Teto de Com\u00e9rcio em S\u00e3o Paulo<\/h2>\n<p>Um grave incidente ocorreu no final da tarde de quarta-feira (22) no bairro do Cap\u00e3o Redondo, na zona sul de S\u00e3o Paulo, quando o teto de um estabelecimento comercial desabou, tragicamente atingindo diversos clientes que estavam no local no momento do acidente. Desde o evento, h\u00e1 muitos questionamentos sobre a seguran\u00e7a estrutural do estabelecimento e poss\u00edveis medidas preventivas que poderiam ter sido adotadas.<\/p>\n<h2>Causas do Desabamento<\/h2>\n<p>Ainda \u00e9 prematuro determinar as exatas causas do colapso do teto; no entanto, investiga\u00e7\u00f5es preliminares sugerem que a estrutura possa n\u00e3o ter suportado o peso acumulado, possivelmente devido a defici\u00eancias em sua constru\u00e7\u00e3o ou manuten\u00e7\u00e3o inadequada. Engenheiros e peritos foram chamados ao local para uma an\u00e1lise detalhada.<\/p>\n<ul>\n<li><strong>Fatores Estruturais:<\/strong> A qualidade dos materiais utilizados e o estado geral da edifica\u00e7\u00e3o s\u00e3o essenciais para evitar desabamentos.<\/li>\n<li><strong>Condi\u00e7\u00f5es Meteorol\u00f3gicas:<\/strong> Chuvas intensas ou outros fen\u00f4menos clim\u00e1ticos poderiam ter contribu\u00eddo para a deteriora\u00e7\u00e3o da estrutura.<\/li>\n<li><strong>A\u00e7\u00e3o Humana:<\/strong> Altera\u00e7\u00f5es realizadas no im\u00f3vel, sem as devidas aprova\u00e7\u00f5es ou acompanhamento profissional, podem ter comprometido a seguran\u00e7a do edif\u00edcio.<\/li>\n<\/ul>\n<h2>Rea\u00e7\u00f5es da Comunidade<\/h2>\n<p>A trag\u00e9dia gerou uma onda de solidariedade entre os moradores da regi\u00e3o. V\u00e1rios residentes e comerciantes pr\u00f3ximos se mobilizaram para oferecer ajuda \u00e0s v\u00edtimas, doando alimentos e roupas, enquanto as autoridades locais come\u00e7aram a investigar o acidente. As redes sociais se tornaram um espa\u00e7o para compartilhar apoio e informa\u00e7\u00f5es sobre os feridos e as v\u00edtimas do desabamento.<\/p>\n<p><img decoding=\"async\" src=\"https:\/\/www.encontracapaoredondo.com.br\/sobre\/wp-content\/uploads\/teto-de-comercio-desaba-em-cima-de-clintes-em-sao-paulo.webp\" alt=\"teto de com\u00e9rcio desaba em S\u00e3o Paulo\" loading=\"lazy\" \/><\/p>\n<h2>Opera\u00e7\u00f5es de Resgate<\/h2>\n<p>As equipes de bombeiros e resgate chegaram rapidamente ao local do desabamento. O trabalho foi intenso, com os profissionais vasculhando os escombros em busca de sobreviventes. At\u00e9 o momento da publica\u00e7\u00e3o, duas pessoas foram retiradas com vida, enquanto a miss\u00e3o de resgate ainda procurava por poss\u00edveis v\u00edtimas sob os destro\u00e7os.<\/p>\n<h2>Estado de Sa\u00fade das V\u00edtimas<\/h2>\n<p>As informa\u00e7\u00f5es sobre a condi\u00e7\u00e3o das v\u00edtimas ainda s\u00e3o incertas. Os socorristas conseguiram retirar duas pessoas do local, mas n\u00e3o h\u00e1 atualiza\u00e7\u00f5es claras sobre sua sa\u00fade. As autoridades est\u00e3o aguardando o progresso dos atendimentos m\u00e9dicos para fornecer mais detalhes sobre as v\u00edtimas.<\/p>\n<h2>Depoimentos de Testemunhas<\/h2>\n<p>Diversas testemunhas relataram momentos aterrorizantes. Algumas afirmaram que ouviram um barulho intenso antes do colapso, enquanto outras descreveram a cena ca\u00f3tica que se seguiu, com pessoas em p\u00e2nico tentando escapar. Os relatos variam, mas todos convergem para uma sensa\u00e7\u00e3o de desespero e confus\u00e3o durante os momentos p\u00f3s-desabamento.<\/p>\n<h2>A Import\u00e2ncia da Seguran\u00e7a Estrutural<\/h2>\n<p>Esse incidente ressalta a necessidade de aten\u00e7\u00e3o cont\u00ednua \u00e0 seguran\u00e7a de estruturas p\u00fablicas e comerciais. Engenheiros e reguladores devem assegurar que os pr\u00e9dios atendam a normas r\u00edgidas de seguran\u00e7a para prevenir acidentes. Campanhas de conscientiza\u00e7\u00e3o sobre revis\u00f5es de manuten\u00e7\u00e3o e fiscaliza\u00e7\u00e3o regular s\u00e3o essenciais para proteger a popula\u00e7\u00e3o.<\/p>\n<h2>Medidas Preventivas Finais<\/h2>\n<p>Ap\u00f3s eventos tr\u00e1gicos como este, \u00e9 crucial que as autoridades revise as normas e regulamentos de seguran\u00e7a. A implementa\u00e7\u00e3o de auditorias em edifica\u00e7\u00f5es antigas, a insist\u00eancia na realiza\u00e7\u00e3o de laudos t\u00e9cnicos antes da realiza\u00e7\u00e3o de obras e a sensibiliza\u00e7\u00e3o dos propriet\u00e1rios sobre a import\u00e2ncia da manuten\u00e7\u00e3o podem ser medidas eficazes.<\/p>\n<ul>\n<li><strong>Reformula\u00e7\u00e3o de Normas:<\/strong> Revisar leis e regulamentos de constru\u00e7\u00e3o pode ajudar a evitar desastres futuros.<\/li>\n<li><strong>Aumento da Fiscaliza\u00e7\u00e3o:<\/strong> Ter mais inspectores qualificados para avaliar a condi\u00e7\u00e3o de pr\u00e9dios comerciais pode ser vital.<\/li>\n<li><strong>Campanhas de Conscientiza\u00e7\u00e3o:<\/strong> Informar \u00e0 popula\u00e7\u00e3o sobre a import\u00e2ncia de relatar estruturas suspeitas de terem problemas.<\/li>\n<\/ul>\n<h2>Investiga\u00e7\u00e3o do Incidente<\/h2>\n<p>Uma investiga\u00e7\u00e3o oficial j\u00e1 foi iniciada para entender as circunst\u00e2ncias que levaram ao desabamento. Especialistas analisar\u00e3o a estrutura do pr\u00e9dio, buscando identificar falhas de constru\u00e7\u00e3o e manuten\u00e7\u00e3o. A participa\u00e7\u00e3o da comunidade, atrav\u00e9s de relatos e informa\u00e7\u00f5es, ser\u00e1 fundamental para esclarecer as causas do acidente.<\/p>\n<h2>Impacto na Localidade<\/h2>\n<p>O desabamento teve grande impacto na comunidade local, n\u00e3o apenas pelas poss\u00edveis v\u00edtimas, mas tamb\u00e9m pela inseguran\u00e7a gerada entre os cidad\u00e3os em rela\u00e7\u00e3o aos estabelecimentos comerciais. Com\u00e9rcio da regi\u00e3o pode sofrer com a diminui\u00e7\u00e3o do fluxo de clientes enquanto o medo sobre a seguran\u00e7a da estrutura prevalece.<\/p>\n<h2>Reflex\u00f5es sobre Acidentes Similares<\/h2>\n<p>Accidentes como esse n\u00e3o s\u00e3o apenas estat\u00edsticas; eles envolvem vidas humanas e t\u00eam consequ\u00eancias profundas nas comunidades. Refletir sobre o que deu errado e garantir que medidas corretivas sejam implementadas \u00e9 essencial para evitar que trag\u00e9dias semelhantes voltem a ocorrer. A seguran\u00e7a deve ser sempre a prioridade em edifica\u00e7\u00f5es que recebem p\u00fablico. <\/p>\n\n<div style=\"font-size: 0px; height: 0px; line-height: 0px; margin: 0; padding: 0; clear: both;\"><\/div>","protected":false},"excerpt":{"rendered":"<p>Teto de com\u00e9rcio desaba em S\u00e3o Paulo e quatro pessoas est\u00e3o desaparecidas.<\/p>\n","protected":false},"author":1,"featured_media":2797,"comment_status":"open","ping_status":"closed","sticky":false,"template":"","format":"standard","meta":{"footnotes":""},"categories":[6],"tags":[],"class_list":["post-2798","post","type-post","status-publish","format-standard","has-post-thumbnail","hentry","category-noticias-no-capao-redondo","has_thumb"],"aioseo_notices":[],"_links":{"self":[{"href":"https:\/\/www.encontracapaoredondo.com.br\/sobre\/wp-json\/wp\/v2\/posts\/2798","targetHints":{"allow":["GET"]}}],"collection":[{"href":"https:\/\/www.encontracapaoredondo.com.br\/sobre\/wp-json\/wp\/v2\/posts"}],"about":[{"href":"https:\/\/www.encontracapaoredondo.com.br\/sobre\/wp-json\/wp\/v2\/types\/post"}],"author":[{"embeddable":true,"href":"https:\/\/www.encontracapaoredondo.com.br\/sobre\/wp-json\/wp\/v2\/users\/1"}],"replies":[{"embeddable":true,"href":"https:\/\/www.encontracapaoredondo.com.br\/sobre\/wp-json\/wp\/v2\/comments?post=2798"}],"version-history":[{"count":0,"href":"https:\/\/www.encontracapaoredondo.com.br\/sobre\/wp-json\/wp\/v2\/posts\/2798\/revisions"}],"wp:featuredmedia":[{"embeddable":true,"href":"https:\/\/www.encontracapaoredondo.com.br\/sobre\/wp-json\/wp\/v2\/media\/2797"}],"wp:attachment":[{"href":"https:\/\/www.encontracapaoredondo.com.br\/sobre\/wp-json\/wp\/v2\/media?parent=2798"}],"wp:term":[{"taxonomy":"category","embeddable":true,"href":"https:\/\/www.encontracapaoredondo.com.br\/sobre\/wp-json\/wp\/v2\/categories?post=2798"},{"taxonomy":"post_tag","embeddable":true,"href":"https:\/\/www.encontracapaoredondo.com.br\/sobre\/wp-json\/wp\/v2\/tags?post=2798"}],"curies":[{"name":"wp","href":"https:\/\/api.w.org\/{rel}","templated":true}]}}