{"id":2794,"date":"2026-04-26T10:54:35","date_gmt":"2026-04-26T13:54:35","guid":{"rendered":"https:\/\/www.encontracapaoredondo.com.br\/sobre\/abertura-da-mostra-a-verdade-da-imagem-o-real-no-documentario\/"},"modified":"2026-04-26T10:54:35","modified_gmt":"2026-04-26T13:54:35","slug":"abertura-da-mostra-a-verdade-da-imagem-o-real-no-documentario","status":"publish","type":"post","link":"https:\/\/www.encontracapaoredondo.com.br\/sobre\/abertura-da-mostra-a-verdade-da-imagem-o-real-no-documentario\/","title":{"rendered":"Abertura da mostra \u201cA verdade da imagem: o real no document\u00e1rio\u201d"},"content":{"rendered":"<div class=\"8fb9da09c1a584b185d8cf81e63b5046\" data-index=\"1\" style=\"float: none; margin:0px;\">\n<!-- Anuncio display - global -->\r\n<ins class=\"adsbygoogle\"\r\n     style=\"display:block\"\r\n     data-ad-client=\"ca-pub-8585364105181520\"\r\n     data-ad-slot=\"8789329856\"\r\n     data-ad-format=\"auto\"\r\n     data-full-width-responsive=\"true\"><\/ins>\r\n<script>\r\n     (adsbygoogle = window.adsbygoogle || []).push({});\r\n<\/script>\n<\/div>\n<h2>Abertura da Mostra &#8220;A Verdade da Imagem: O Real no Document\u00e1rio&#8221;<\/h2>\n<p>A exibi\u00e7\u00e3o intitulada &#8220;A Verdade da Imagem: O Real no Document\u00e1rio&#8221; \u00e9 uma proposta inovadora promovida pelo Sesc, que desafia a percep\u00e7\u00e3o convencional sobre as rela\u00e7\u00f5es entre realidade e fic\u00e7\u00e3o no \u00e2mbito da s\u00e9tima arte. Este evento ocorrer\u00e1 no Audit\u00f3rio e est\u00e1 programado para o dia 06 de maio de 2026, a partir das 19h00, trazendo uma rica experi\u00eancia cinematogr\u00e1fica de forma gratuita.<\/p>\n<h2>Amostra de Filmes no Sesc S\u00e3o Paulo<\/h2>\n<p>Nesta mostra, os espectadores poder\u00e3o ter um vislumbre de como a filmagem documental pode coexistir com elementos fict\u00edcios. Os curtas em destaque s\u00e3o &#8220;Filme dos Outros&#8221;, que explora o cotidiano atrav\u00e9s de grava\u00e7\u00f5es feitas em smartphones, e &#8220;Multir\u00e3o: O Filme&#8221;, que oferece um olhar fresco sobre a hist\u00f3ria comunit\u00e1ria.<\/p>\n<ul>\n<li><strong>Filme dos Outros<\/strong> &#8211; Dire\u00e7\u00e3o de Lincoln P\u00e9ricles LK \u2013 Brasil, 2014, 20 minutos: Este curta \u00e9 uma colagem de v\u00eddeos amadores capturados em S\u00e3o Paulo, fornecendo um retrato \u00edntimo da vida urbana.<\/li>\n<li><strong>Multir\u00e3o: O Filme<\/strong> &#8211; Dire\u00e7\u00e3o de Lincoln P\u00e9ricles LK \u2013 Brasil, 2023, 10 minutos: A obra se centra na vis\u00e3o l\u00fadica de uma crian\u00e7a que rev\u00ea o passado de sua comunidade atrav\u00e9s dos registros do movimento &#8220;Povo em A\u00e7\u00e3o&#8221;.<\/li>\n<\/ul>\n<h2>Di\u00e1logo entre Realidade e Fic\u00e7\u00e3o<\/h2>\n<p>Um dos objetivos centrais desta mostra \u00e9 fomentar um di\u00e1logo profundo sobre a fina linha que separa o real do inventado. A proposta \u00e9 instigar perguntas acerca da verdade na narrativa documental, afirmando que cada imagem capturada \u00e9 o resultado de escolhas art\u00edsticas e tamb\u00e9m uma constru\u00e7\u00e3o social.<\/p>\n<p><img decoding=\"async\" src=\"https:\/\/www.encontracapaoredondo.com.br\/sobre\/wp-content\/uploads\/abertura-da-mostra-a-verdade-da-imagem-o-real-no-documentario.webp\" alt=\"\" loading=\"lazy\" \/><\/p>\n<h2>Curadores que Transformam Imagens<\/h2>\n<p>Um dos destaques deste evento ser\u00e1 a presen\u00e7a de Lincoln P\u00e9ricles LK, o diretor dos filmes apresentados, e Leandro Ol\u00edmpio, curador da mostra. Ambos trar\u00e3o suas perspectivas sobre a realiza\u00e7\u00e3o cinematogr\u00e1fica e a interconex\u00e3o entre document\u00e1rio e fic\u00e7\u00e3o. A atua\u00e7\u00e3o deles destaca o valor da narrativa visual e reflex\u00f5es sobre o significado e a inten\u00e7\u00e3o por tr\u00e1s de cada grava\u00e7\u00e3o.<\/p>\n<h2>Influ\u00eancia do Document\u00e1rio na Sociedade<\/h2>\n<p>Os document\u00e1rios desempenham um papel vital ao registrar e refletir a sociedade. A maneira como as imagens s\u00e3o manipuladas pode influenciar as percep\u00e7\u00f5es do p\u00fablico, tornando-os mais conscientes das din\u00e2micas sociais e pol\u00edticas. A mostra convida os participantes a discutir e analisar como a est\u00e9tica e a narrativa dos document\u00e1rios impactam a cultura e a identidade coletiva.<\/p>\n<h2>Debates com Lincoln P\u00e9ricles LK<\/h2>\n<p>Ap\u00f3s a exibi\u00e7\u00e3o dos curtas, ser\u00e1 promovido um debate enriquecedor com o diretor Lincoln P\u00e9ricles LK. Ele compartilhar\u00e1 suas experi\u00eancias e os desafios enfrentados ao criar obras que dialogam com quest\u00f5es sociais. A conversa abordar\u00e1 tamb\u00e9m as metodologias criativas que sustentam seus projetos e o caminho que percorreu como cineasta de uma periferia vibrante como a de Cap\u00e3o Redondo.<\/p>\n<h2>Overview dos Curtas Apresentados<\/h2>\n<p>A amostra inclui curtas que se destacam por suas abordagens inovadoras. &#8220;Filme dos Outros&#8221; re\u00fane um mosaico de mem\u00f3rias urbanas, enquanto &#8220;Multir\u00e3o: O Filme&#8221; revela a hist\u00f3ria atrav\u00e9s do olhar inocente de uma crian\u00e7a, evocando um senso de pertencimento e orgulho comunit\u00e1rio.<\/p>\n<h2>Explorando a Est\u00e9tica do Document\u00e1rio<\/h2>\n<p>A est\u00e9tica dos document\u00e1rios \u00e9 um campo f\u00e9rtil para a cria\u00e7\u00e3o. O modo como as cenas s\u00e3o filmadas, editadas e apresentadas determina o uso da narrativa visual \u2013 seja atrav\u00e9s de um registro cru da realidade ou atrav\u00e9s de estilos art\u00edsticos mais elaborados, cada escolha tem um impacto no que \u00e9 transmitido ao espectador.<\/p>\n<h2>O que \u00e9 a Verdade no Cinema?<\/h2>\n<p>Questionar o que \u00e9 verdade em um document\u00e1rio implica explorar as inten\u00e7\u00f5es do cineasta. A mostra provoca uma reflex\u00e3o sobre o papel que cada escolha est\u00e9tica e narrativa desempenha na constru\u00e7\u00e3o de uma &#8220;verdade&#8221; cinematogr\u00e1fica. O objetivo n\u00e3o \u00e9 apresentar uma verdade absoluta, mas abrir espa\u00e7o para m\u00faltiplas interpreta\u00e7\u00f5es.<\/p>\n<h2>Impacto Cultural do Document\u00e1rio<\/h2>\n<p>Document\u00e1rios s\u00e3o mais do que relatos visuais; eles t\u00eam o poder de moldar a opini\u00e3o p\u00fablica e provocar mudan\u00e7as sociais. Al\u00e9m disso, abordagens criativas em document\u00e1rios podem transcender barreiras e se conectar com uma audi\u00eancia diversa. A mostra &#8220;A Verdade da Imagem&#8221; se prop\u00f5e a explorar este impacto e seu alcance na sociedade contempor\u00e2nea.<\/p>\n<h2>A Nova Gera\u00e7\u00e3o de Cineastas<\/h2>\n<p>A presen\u00e7a de cineastas como Lincoln P\u00e9ricles LK no evento representa uma nova onda de talentos que emergem de contextos muitas vezes negligenciados pela ind\u00fastria cinematogr\u00e1fica mainstream. A trajet\u00f3ria deste cineasta, focada na pr\u00e1tica comunit\u00e1ria e no uso de narrativas locais, enriquece a diversidade no panorama do cinema brasileiro, mostrando que hist\u00f3rias aut\u00eanticas e experi\u00eancias vividas est\u00e3o ganhando cada vez mais espa\u00e7o e reconhecimento.<\/p>\n\n<div style=\"font-size: 0px; height: 0px; line-height: 0px; margin: 0; padding: 0; clear: both;\"><\/div>","protected":false},"excerpt":{"rendered":"<p>A verdade da imagem \u00e9 explorada em document\u00e1rios impactantes no Sesc.<\/p>\n","protected":false},"author":1,"featured_media":2793,"comment_status":"open","ping_status":"closed","sticky":false,"template":"","format":"standard","meta":{"footnotes":""},"categories":[6],"tags":[],"class_list":["post-2794","post","type-post","status-publish","format-standard","has-post-thumbnail","hentry","category-noticias-no-capao-redondo","has_thumb"],"aioseo_notices":[],"_links":{"self":[{"href":"https:\/\/www.encontracapaoredondo.com.br\/sobre\/wp-json\/wp\/v2\/posts\/2794","targetHints":{"allow":["GET"]}}],"collection":[{"href":"https:\/\/www.encontracapaoredondo.com.br\/sobre\/wp-json\/wp\/v2\/posts"}],"about":[{"href":"https:\/\/www.encontracapaoredondo.com.br\/sobre\/wp-json\/wp\/v2\/types\/post"}],"author":[{"embeddable":true,"href":"https:\/\/www.encontracapaoredondo.com.br\/sobre\/wp-json\/wp\/v2\/users\/1"}],"replies":[{"embeddable":true,"href":"https:\/\/www.encontracapaoredondo.com.br\/sobre\/wp-json\/wp\/v2\/comments?post=2794"}],"version-history":[{"count":0,"href":"https:\/\/www.encontracapaoredondo.com.br\/sobre\/wp-json\/wp\/v2\/posts\/2794\/revisions"}],"wp:featuredmedia":[{"embeddable":true,"href":"https:\/\/www.encontracapaoredondo.com.br\/sobre\/wp-json\/wp\/v2\/media\/2793"}],"wp:attachment":[{"href":"https:\/\/www.encontracapaoredondo.com.br\/sobre\/wp-json\/wp\/v2\/media?parent=2794"}],"wp:term":[{"taxonomy":"category","embeddable":true,"href":"https:\/\/www.encontracapaoredondo.com.br\/sobre\/wp-json\/wp\/v2\/categories?post=2794"},{"taxonomy":"post_tag","embeddable":true,"href":"https:\/\/www.encontracapaoredondo.com.br\/sobre\/wp-json\/wp\/v2\/tags?post=2794"}],"curies":[{"name":"wp","href":"https:\/\/api.w.org\/{rel}","templated":true}]}}