{"id":2792,"date":"2026-04-26T10:53:39","date_gmt":"2026-04-26T13:53:39","guid":{"rendered":"https:\/\/www.encontracapaoredondo.com.br\/sobre\/metro-estacoes-campo-limpo-e-capao-redondo-terao-vacinacao-contra-sarampo-dias-28-e-31\/"},"modified":"2026-04-26T10:53:39","modified_gmt":"2026-04-26T13:53:39","slug":"metro-estacoes-campo-limpo-e-capao-redondo-terao-vacinacao-contra-sarampo-dias-28-e-31","status":"publish","type":"post","link":"https:\/\/www.encontracapaoredondo.com.br\/sobre\/metro-estacoes-campo-limpo-e-capao-redondo-terao-vacinacao-contra-sarampo-dias-28-e-31\/","title":{"rendered":"Metr\u00f4: Esta\u00e7\u00f5es Campo Limpo e Cap\u00e3o Redondo ter\u00e3o vacina\u00e7\u00e3o contra sarampo dias 28 e 31"},"content":{"rendered":"<div class=\"8fb9da09c1a584b185d8cf81e63b5046\" data-index=\"1\" style=\"float: none; margin:0px;\">\n<!-- Anuncio display - global -->\r\n<ins class=\"adsbygoogle\"\r\n     style=\"display:block\"\r\n     data-ad-client=\"ca-pub-8585364105181520\"\r\n     data-ad-slot=\"8789329856\"\r\n     data-ad-format=\"auto\"\r\n     data-full-width-responsive=\"true\"><\/ins>\r\n<script>\r\n     (adsbygoogle = window.adsbygoogle || []).push({});\r\n<\/script>\n<\/div>\n<h2>Datas e Hor\u00e1rios da Vacina\u00e7\u00e3o<\/h2>\n<p>A Campanha de Vacina\u00e7\u00e3o contra sarampo, caxumba e rub\u00e9ola ocorrer\u00e1 em duas datas importantes nas esta\u00e7\u00f5es do Metr\u00f4 em S\u00e3o Paulo. A primeira data \u00e9 <strong>28 de agosto de 2020<\/strong>, quando a vacina\u00e7\u00e3o ser\u00e1 realizada na <strong>Esta\u00e7\u00e3o Campo Limpo<\/strong>, das <strong>10h \u00e0s 15h<\/strong>. A segunda oportunidade para a popula\u00e7\u00e3o ser\u00e1 <strong>31 de agosto de 2020<\/strong>, na <strong>Esta\u00e7\u00e3o Cap\u00e3o Redondo<\/strong>, tamb\u00e9m das <strong>10h \u00e0s 15h<\/strong>. \u00c9 fundamental que os cidad\u00e3os se programem para comparecer nesses locais e hor\u00e1rios.<\/p>\n<h2>Locais da Campanha de Vacina\u00e7\u00e3o<\/h2>\n<p>A campanha de vacina\u00e7\u00e3o acontecer\u00e1 nas seguintes esta\u00e7\u00f5es do Metr\u00f4:<\/p>\n<ul>\n<li><strong>Esta\u00e7\u00e3o Campo Limpo (Linha 5-Lil\u00e1s)<\/strong><\/li>\n<li><strong>Esta\u00e7\u00e3o Cap\u00e3o Redondo (Linha 5-Lil\u00e1s)<\/strong><\/li>\n<\/ul>\n<p>Essas esta\u00e7\u00f5es foram escolhidas para facilitar o acesso da popula\u00e7\u00e3o \u00e0 vacina, utilizando um sistema de transporte amplamente utilizado pelos cidad\u00e3os.<\/p>\n<p><img decoding=\"async\" src=\"https:\/\/www.encontracapaoredondo.com.br\/sobre\/wp-content\/uploads\/metro-estacoes-campo-limpo-e-capao-redondo-terao-vacinacao-contra-sarampo-dias-28-e-31.webp\" alt=\"Vacina\u00e7\u00e3o Contra Sarampo\" loading=\"lazy\" \/><\/p>\n<h2>Import\u00e2ncia da Vacina\u00e7\u00e3o Contra Sarampo<\/h2>\n<p>Vacinar-se contra o sarampo \u00e9 crucial para a prote\u00e7\u00e3o individual e coletiva. O sarampo \u00e9 uma doen\u00e7a altamente contagiosa que pode levar a complica\u00e7\u00f5es graves, incluindo pneumonia, encefalite e at\u00e9 a morte. A vacina\u00e7\u00e3o n\u00e3o apenas protege quem recebe a vacina, mas tamb\u00e9m contribui para a imunidade de rebanho, reduzindo a dissemina\u00e7\u00e3o da doen\u00e7a entre aqueles que n\u00e3o podem se vacinar, como beb\u00eas e pessoas com certas condi\u00e7\u00f5es de sa\u00fade. Mantendo altas taxas de vacina\u00e7\u00e3o, a comunidade pode prevenir surtos e proteger os mais vulner\u00e1veis.<\/p>\n<h2>Quem Pode Receber a Vacina?<\/h2>\n<p>A vacina tr\u00edplice viral \u00e9 recomendada para:<\/p>\n<ul>\n<li>Crian\u00e7as entre 1 e 3 anos;<\/li>\n<li>Adultos de 15 a 49 anos, independentemente de seu hist\u00f3rico vacinal.<\/li>\n<\/ul>\n<p>Para os beb\u00eas com idades entre 6 a 11 meses e crian\u00e7as\/adolescentes de 3 a 14 anos, a aplica\u00e7\u00e3o da vacina ser\u00e1 realizada de acordo com a situa\u00e7\u00e3o vacinal. \u00c9 essencial que os respons\u00e1veis apresentem a carteirinha de vacina\u00e7\u00e3o para garantir a administra\u00e7\u00e3o da dose correta.<\/p>\n<h2>Como se Preparar Para a Vacina\u00e7\u00e3o<\/h2>\n<p>Para garantir uma experi\u00eancia tranquila na hora da vacina\u00e7\u00e3o, siga estas diretrizes:<\/p>\n<ul>\n<li>Verifique seu hist\u00f3rico vacinal e o de seus filhos.<\/li>\n<li>Traga a carteirinha de vacina\u00e7\u00e3o para mostrar ao profissional de sa\u00fade.<\/li>\n<li>Leve um documento de identifica\u00e7\u00e3o para facilitar o processo.<\/li>\n<li>Considere visitar a esta\u00e7\u00e3o em um hor\u00e1rio menos movimentado para evitar filas.<\/li>\n<li>Use m\u00e1scara e siga as orienta\u00e7\u00f5es de sa\u00fade p\u00fablica.<\/li>\n<\/ul>\n<h2>Medidas de Seguran\u00e7a Durante a Vacina\u00e7\u00e3o<\/h2>\n<p>Devido \u00e0 pandemia de COVID-19, a organiza\u00e7\u00e3o da vacina\u00e7\u00e3o tem adotado v\u00e1rias medidas de seguran\u00e7a:<\/p>\n<ul>\n<li>Todos os profissionais de sa\u00fade estar\u00e3o usando equipamentos de prote\u00e7\u00e3o, como m\u00e1scaras e aventais.<\/li>\n<li>Ser\u00e3o disponibilizados pontos de \u00e1lcool em gel para a higieniza\u00e7\u00e3o das m\u00e3os dos visitantes.<\/li>\n<li>Os colaboradores da concession\u00e1ria ir\u00e3o orientar os passageiros a manterem o distanciamento social na fila.<\/li>\n<li>Em caso de sintomas de doen\u00e7as respirat\u00f3rias, recomenda-se adiar a vacina\u00e7\u00e3o e consultar um m\u00e9dico.<\/li>\n<\/ul>\n<h2>Documenta\u00e7\u00e3o Necess\u00e1ria<\/h2>\n<p>Para receber a vacina, os cidad\u00e3os devem portar os seguintes documentos:<\/p>\n<ul>\n<li>Carteirinha de vacina\u00e7\u00e3o (se dispon\u00edvel);<\/li>\n<li>Documento de identifica\u00e7\u00e3o com foto (como RG ou CPF).<\/li>\n<\/ul>\n<p>A apresenta\u00e7\u00e3o desses documentos \u00e9 necess\u00e1ria para garantir que cada pessoa receba a vacina adequada, de acordo com sua faixa et\u00e1ria e hist\u00f3rico vacinal.<\/p>\n<h2>Benef\u00edcios da Vacina\u00e7\u00e3o em Esta\u00e7\u00f5es de Metr\u00f4<\/h2>\n<p>A realiza\u00e7\u00e3o de campanhas de vacina\u00e7\u00e3o em esta\u00e7\u00f5es de metr\u00f4 traz muitos benef\u00edcios para a popula\u00e7\u00e3o:<\/p>\n<ul>\n<li><strong>Acesso facilitado:<\/strong> Esta\u00e7\u00f5es de metr\u00f4 s\u00e3o pontos estrat\u00e9gicos e de f\u00e1cil acesso, tornando a vacina\u00e7\u00e3o mais conveniente.<\/li>\n<li><strong>Visibilidade e conscientiza\u00e7\u00e3o:<\/strong> O alto fluxo de pessoas ajuda a aumentar a conscientiza\u00e7\u00e3o sobre a import\u00e2ncia da vacina\u00e7\u00e3o.<\/li>\n<li><strong>Praticidade:<\/strong> Combinar a vacina\u00e7\u00e3o com deslocamentos di\u00e1rios permite que as pessoas aproveitem a oportunidade sem precisar de deslocamentos extras.<\/li>\n<\/ul>\n<h2>Informa\u00e7\u00f5es Adicionais sobre a Vacina\u00e7\u00e3o<\/h2>\n<p>\u00c9 importante ficar atento \u00e0s informa\u00e7\u00f5es sobre a vacina\u00e7\u00e3o. Al\u00e9m das datas e locais j\u00e1 mencionados, a popula\u00e7\u00e3o pode buscar mais detalhes junto aos \u00f3rg\u00e3os de sa\u00fade ou consultar a p\u00e1gina oficial do Metr\u00f4 de S\u00e3o Paulo. As vacina\u00e7\u00f5es s\u00e3o gratuitas e abertas a todos que atenderem aos crit\u00e9rios estabelecidos.<\/p>\n<h2>Perguntas Frequentes sobre Sarampo<\/h2>\n<p>Confira algumas d\u00favidas comuns que as pessoas t\u00eam em rela\u00e7\u00e3o ao sarampo:<\/p>\n<ul>\n<li><strong>O que \u00e9 sarampo?<\/strong> Sarampo \u00e9 uma infec\u00e7\u00e3o viral altamente contagiosa, que se espalha pelo ar e \u00e9 caracterizada por febre, tosse e erup\u00e7\u00f5es cut\u00e2neas.<\/li>\n<li><strong>Quais s\u00e3o os sintomas do sarampo?<\/strong> Os principais sintomas incluem febre alta, tosse, coriza, olhos avermelhados e manchas brancas dentro da boca, seguidas de uma erup\u00e7\u00e3o cut\u00e2nea que se espalha pelo corpo.<\/li>\n<li><strong>Qual \u00e9 a efic\u00e1cia da vacina contra sarampo?<\/strong> A vacina tr\u00edplice viral \u00e9 altamente eficaz, com efici\u00eancia superior a 95% ap\u00f3s a aplica\u00e7\u00e3o das doses recomendadas.<\/li>\n<li><strong>Preciso vacinar meus filhos mesmo que j\u00e1 tenham tomado a vacina anteriormente?<\/strong> \u00c9 importante seguir as orienta\u00e7\u00f5es de sa\u00fade p\u00fablica e verificar se a crian\u00e7a completou o esquema vacinal, conforme recomendado.<\/li>\n<li><strong>A vacina\u00e7\u00e3o contra sarampo \u00e9 segura?<\/strong> Sim, a vacina\u00e7\u00e3o \u00e9 uma das maneiras mais seguras e eficazes de prevenir o sarampo, com efeitos colaterais raros e geralmente leves.<\/li>\n<\/ul>\n\n<div style=\"font-size: 0px; height: 0px; line-height: 0px; margin: 0; padding: 0; clear: both;\"><\/div>","protected":false},"excerpt":{"rendered":"<p>Vacina\u00e7\u00e3o contra sarampo estar\u00e1 dispon\u00edvel em esta\u00e7\u00f5es do Metr\u00f4 de S\u00e3o Paulo. Confira as datas!<\/p>\n","protected":false},"author":1,"featured_media":2791,"comment_status":"open","ping_status":"closed","sticky":false,"template":"","format":"standard","meta":{"footnotes":""},"categories":[6],"tags":[],"class_list":["post-2792","post","type-post","status-publish","format-standard","has-post-thumbnail","hentry","category-noticias-no-capao-redondo","has_thumb"],"aioseo_notices":[],"_links":{"self":[{"href":"https:\/\/www.encontracapaoredondo.com.br\/sobre\/wp-json\/wp\/v2\/posts\/2792","targetHints":{"allow":["GET"]}}],"collection":[{"href":"https:\/\/www.encontracapaoredondo.com.br\/sobre\/wp-json\/wp\/v2\/posts"}],"about":[{"href":"https:\/\/www.encontracapaoredondo.com.br\/sobre\/wp-json\/wp\/v2\/types\/post"}],"author":[{"embeddable":true,"href":"https:\/\/www.encontracapaoredondo.com.br\/sobre\/wp-json\/wp\/v2\/users\/1"}],"replies":[{"embeddable":true,"href":"https:\/\/www.encontracapaoredondo.com.br\/sobre\/wp-json\/wp\/v2\/comments?post=2792"}],"version-history":[{"count":0,"href":"https:\/\/www.encontracapaoredondo.com.br\/sobre\/wp-json\/wp\/v2\/posts\/2792\/revisions"}],"wp:featuredmedia":[{"embeddable":true,"href":"https:\/\/www.encontracapaoredondo.com.br\/sobre\/wp-json\/wp\/v2\/media\/2791"}],"wp:attachment":[{"href":"https:\/\/www.encontracapaoredondo.com.br\/sobre\/wp-json\/wp\/v2\/media?parent=2792"}],"wp:term":[{"taxonomy":"category","embeddable":true,"href":"https:\/\/www.encontracapaoredondo.com.br\/sobre\/wp-json\/wp\/v2\/categories?post=2792"},{"taxonomy":"post_tag","embeddable":true,"href":"https:\/\/www.encontracapaoredondo.com.br\/sobre\/wp-json\/wp\/v2\/tags?post=2792"}],"curies":[{"name":"wp","href":"https:\/\/api.w.org\/{rel}","templated":true}]}}