{"id":2788,"date":"2026-04-25T10:53:59","date_gmt":"2026-04-25T13:53:59","guid":{"rendered":"https:\/\/www.encontracapaoredondo.com.br\/sobre\/aditivo-para-metro-no-jardim-angela-esta-na-reta-final-diz-tarcisio\/"},"modified":"2026-04-25T10:53:59","modified_gmt":"2026-04-25T13:53:59","slug":"aditivo-para-metro-no-jardim-angela-esta-na-reta-final-diz-tarcisio","status":"publish","type":"post","link":"https:\/\/www.encontracapaoredondo.com.br\/sobre\/aditivo-para-metro-no-jardim-angela-esta-na-reta-final-diz-tarcisio\/","title":{"rendered":"Aditivo para Metr\u00f4 no Jardim \u00c2ngela est\u00e1 na reta final, diz Tarc\u00edsio"},"content":{"rendered":"<div class=\"8fb9da09c1a584b185d8cf81e63b5046\" data-index=\"1\" style=\"float: none; margin:0px;\">\n<!-- Anuncio display - global -->\r\n<ins class=\"adsbygoogle\"\r\n     style=\"display:block\"\r\n     data-ad-client=\"ca-pub-8585364105181520\"\r\n     data-ad-slot=\"8789329856\"\r\n     data-ad-format=\"auto\"\r\n     data-full-width-responsive=\"true\"><\/ins>\r\n<script>\r\n     (adsbygoogle = window.adsbygoogle || []).push({});\r\n<\/script>\n<\/div>\n<h2>O que \u00e9 o Aditivo para o Metr\u00f4?<\/h2>\n<p>O aditivo para o metr\u00f4 no Jardim \u00c2ngela refere-se a um contrato adicional que \u00e9 essencial para a execu\u00e7\u00e3o das obras de extens\u00e3o da Linha 5-Lil\u00e1s do Metr\u00f4 de S\u00e3o Paulo. Esse aditivo \u00e9 um passo necess\u00e1rio para assegurar que as obras de infraestrutura possam ser iniciadas, visando a melhoria da mobilidade urbana na regi\u00e3o.<\/p>\n<h2>Impactos da Extens\u00e3o da Linha 5-Lil\u00e1s<\/h2>\n<p>Com a amplia\u00e7\u00e3o da Linha 5-Lil\u00e1s at\u00e9 o Jardim \u00c2ngela, espera-se um impacto positivo significativo na mobilidade dos cidad\u00e3os. Esta nova extens\u00e3o promete facilitar o acesso a diferentes regi\u00f5es da cidade, reduzindo o tempo de deslocamento e aumentando a capacidade de transporte. A iniciativa \u00e9 vista como um avan\u00e7o crucial para atender \u00e0 demanda por transporte p\u00fablico na \u00e1rea.<\/p>\n<h2>Expectativas para o In\u00edcio das Obras<\/h2>\n<p>Inicialmente, o governo planejava dar in\u00edcio \u00e0s obras da extens\u00e3o em 2025. No entanto, devido a atrasos, a previs\u00e3o agora \u00e9 que os trabalhos comecem em 2026. O governador Tarc\u00edsio de Freitas afirmou que as formaliza\u00e7\u00f5es necess\u00e1rias para a realiza\u00e7\u00e3o das obras est\u00e3o praticamente conclu\u00eddas, trazendo expectativa de que a obra comece em breve.<\/p>\n<p><img decoding=\"async\" src=\"https:\/\/www.encontracapaoredondo.com.br\/sobre\/wp-content\/uploads\/aditivo-para-metro-no-jardim-angela-esta-na-reta-final-diz-tarcisio.webp\" alt=\"aditivo para metr\u00f4 no Jardim \u00c2ngela\" loading=\"lazy\" \/><\/p>\n<h2>A Import\u00e2ncia da Mobilidade Urbana<\/h2>\n<p>A mobilidade urbana \u00e9 um fator fundamental para o desenvolvimento de uma cidade. A extens\u00e3o da Linha 5-Lil\u00e1s n\u00e3o apenas aliviar\u00e1 o tr\u00e2nsito para os motoristas, mas tamb\u00e9m oferecer\u00e1 uma alternativa de transporte mais r\u00e1pida e eficiente para a popula\u00e7\u00e3o. Isso \u00e9 vital para promover um ambiente urbano sustent\u00e1vel e acess\u00edvel, contribuindo para a qualidade de vida dos cidad\u00e3os.<\/p>\n<h2>Novos Trens e a Frota Atual<\/h2>\n<p>Atualmente, a linha conta com uma frota de 26 trens fabricados pela empresa CAF. Com a prevista aquisi\u00e7\u00e3o de 22 novos trens, que deve ser realizada pela fabricante chinesa CRRC, a capacidade e a efici\u00eancia do transporte ser\u00e3o significativamente ampliadas. Essa nova frota est\u00e1 sendo projetada para atender-lhe melhor, especialmente com a expans\u00e3o da linha at\u00e9 o Jardim \u00c2ngela.<\/p>\n<h2>O Papel da ViaMobilidade<\/h2>\n<p>A ViaMobilidade, concession\u00e1ria respons\u00e1vel pela opera\u00e7\u00e3o da Linha 5-Lil\u00e1s, desempenha um papel crucial na implementa\u00e7\u00e3o do projeto de extens\u00e3o. A empresa \u00e9 respons\u00e1vel por garantir que as opera\u00e7\u00f5es do metr\u00f4 ocorram de maneira segura e eficiente, al\u00e9m de coordenar a integra\u00e7\u00e3o com outras linhas e modos de transporte.<\/p>\n<h2>Produ\u00e7\u00e3o dos Trens em Araraquara<\/h2>\n<p>Uma expectativa animadora \u00e9 que os novos trens sejam produzidos na planta da CRRC em Araraquara. Essa produ\u00e7\u00e3o local pode trazer benef\u00edcios econ\u00f4micos significativos para a regi\u00e3o, al\u00e9m de contribuir com a gera\u00e7\u00e3o de empregos. A iniciativa de produzir os trens pr\u00f3ximo do local de opera\u00e7\u00e3o alinha-se com estrat\u00e9gias de redu\u00e7\u00e3o de custo e fortalecimento da economia local.<\/p>\n<h2>Desafios na Constru\u00e7\u00e3o da Linha<\/h2>\n<p>A constru\u00e7\u00e3o da extens\u00e3o da Linha 5-Lil\u00e1s n\u00e3o ser\u00e1 isenta de desafios. Quest\u00f5es como a necessidade de licenciamento ambiental, poss\u00edveis desapropria\u00e7\u00f5es e interfer\u00eancias na infraestrutura urbana s\u00e3o fatores que podem atrasar o progresso das obras. No entanto, a equipe de planejamento est\u00e1 focada em mitigar esses desafios ao m\u00e1ximo para garantir o sucesso do projeto.<\/p>\n<h2>Entendendo as Declara\u00e7\u00f5es de Tarc\u00edsio<\/h2>\n<p>As declara\u00e7\u00f5es do governador Tarc\u00edsio de Freitas t\u00eam gerado grande expectativa. Sua afirma\u00e7\u00e3o de que o aditivo para o metr\u00f4 est\u00e1 na &#8220;reta final&#8221; sugere que as negocia\u00e7\u00f5es est\u00e3o avan\u00e7ando e que as obras come\u00e7am em breve. Essa comunica\u00e7\u00e3o transparente \u00e9 importante para a popula\u00e7\u00e3o, que aguarda ansiosamente melhorias nas op\u00e7\u00f5es de transporte na regi\u00e3o.<\/p>\n<h2>Futuro do Transporte P\u00fablico em S\u00e3o Paulo<\/h2>\n<p>O avan\u00e7o das obras da extens\u00e3o da Linha 5-Lil\u00e1s \u00e9 apenas um dos muitos passos necess\u00e1rios para a evolu\u00e7\u00e3o do transporte p\u00fablico em S\u00e3o Paulo. Projetos futuros precisam seguir o mesmo caminho para que a cidade consiga atender a crescente demanda por transporte, melhorando a integra\u00e7\u00e3o entre diferentes modalidades e garantindo que a popula\u00e7\u00e3o tenha acesso a um transporte eficiente e de qualidade.<\/p>\n\n<div style=\"font-size: 0px; height: 0px; line-height: 0px; margin: 0; padding: 0; clear: both;\"><\/div>","protected":false},"excerpt":{"rendered":"<p>Aditivo para Metr\u00f4 no Jardim \u00c2ngela traz novidades para 2026 em extens\u00e3o da linha.<\/p>\n","protected":false},"author":1,"featured_media":2787,"comment_status":"open","ping_status":"closed","sticky":false,"template":"","format":"standard","meta":{"footnotes":""},"categories":[6],"tags":[],"class_list":["post-2788","post","type-post","status-publish","format-standard","has-post-thumbnail","hentry","category-noticias-no-capao-redondo","has_thumb"],"aioseo_notices":[],"_links":{"self":[{"href":"https:\/\/www.encontracapaoredondo.com.br\/sobre\/wp-json\/wp\/v2\/posts\/2788","targetHints":{"allow":["GET"]}}],"collection":[{"href":"https:\/\/www.encontracapaoredondo.com.br\/sobre\/wp-json\/wp\/v2\/posts"}],"about":[{"href":"https:\/\/www.encontracapaoredondo.com.br\/sobre\/wp-json\/wp\/v2\/types\/post"}],"author":[{"embeddable":true,"href":"https:\/\/www.encontracapaoredondo.com.br\/sobre\/wp-json\/wp\/v2\/users\/1"}],"replies":[{"embeddable":true,"href":"https:\/\/www.encontracapaoredondo.com.br\/sobre\/wp-json\/wp\/v2\/comments?post=2788"}],"version-history":[{"count":0,"href":"https:\/\/www.encontracapaoredondo.com.br\/sobre\/wp-json\/wp\/v2\/posts\/2788\/revisions"}],"wp:featuredmedia":[{"embeddable":true,"href":"https:\/\/www.encontracapaoredondo.com.br\/sobre\/wp-json\/wp\/v2\/media\/2787"}],"wp:attachment":[{"href":"https:\/\/www.encontracapaoredondo.com.br\/sobre\/wp-json\/wp\/v2\/media?parent=2788"}],"wp:term":[{"taxonomy":"category","embeddable":true,"href":"https:\/\/www.encontracapaoredondo.com.br\/sobre\/wp-json\/wp\/v2\/categories?post=2788"},{"taxonomy":"post_tag","embeddable":true,"href":"https:\/\/www.encontracapaoredondo.com.br\/sobre\/wp-json\/wp\/v2\/tags?post=2788"}],"curies":[{"name":"wp","href":"https:\/\/api.w.org\/{rel}","templated":true}]}}