{"id":276,"date":"2011-08-22T04:17:38","date_gmt":"2011-08-22T04:17:38","guid":{"rendered":"http:\/\/www.encontracapaoredondo.com.br\/noticias\/?p=276"},"modified":"2019-04-29T16:29:39","modified_gmt":"2019-04-29T19:29:39","slug":"filme-gravado-no-capao-redondo-estrelado-chega-as-locadoras","status":"publish","type":"post","link":"https:\/\/www.encontracapaoredondo.com.br\/sobre\/filme-gravado-no-capao-redondo-estrelado-chega-as-locadoras\/","title":{"rendered":"Filme gravado no Cap\u00e3o Redondo chega \u00e0s locadoras"},"content":{"rendered":"<div class=\"8fb9da09c1a584b185d8cf81e63b5046\" data-index=\"1\" style=\"float: none; margin:0px;\">\n<!-- Anuncio display - global -->\r\n<ins class=\"adsbygoogle\"\r\n     style=\"display:block\"\r\n     data-ad-client=\"ca-pub-8585364105181520\"\r\n     data-ad-slot=\"8789329856\"\r\n     data-ad-format=\"auto\"\r\n     data-full-width-responsive=\"true\"><\/ins>\r\n<script>\r\n     (adsbygoogle = window.adsbygoogle || []).push({});\r\n<\/script>\n<\/div>\n<p>Filmes brasileiros que relatam hist\u00f3rias vividas na periferia, em que o limite entre a criminalidade e a honestidade \u00e9 quase impercept\u00edvel, j\u00e1 n\u00e3o s\u00e3o novidade. Ap\u00f3s o sucesso de &#8220;Cidade de Deus&#8221;, v\u00e1rias produ\u00e7\u00f5es do tipo foram lan\u00e7adas, e mais uma delas chega \u00e0s locadores de Ribeir\u00e3o Preto, &#8220;Br\u00f3der&#8221;.<\/p>\n<p>O longa-metragem lan\u00e7ado no ano passado \u00e9 estrelado por Caio Blat e conta a hist\u00f3ria de um jovem que mora no bairro do Cap\u00e3o Redondo, em S\u00e3o Paulo, e tem que escolher o que quer para o futuro: uma vida &#8220;normal&#8221; ou a do crime?<\/p>\n<p>Hist\u00f3ria<\/p>\n<p>Blat, na pele de Macu, mora com a m\u00e3e S\u00f4nia (C\u00e1ssia Kiss) na casa do padrasto, Francisco (A\u00edlton Gra\u00e7a). \u00c9 anivers\u00e1rio de 23 anos de Macu e os dois melhores amigos de inf\u00e2ncia dele chegam para a festa: o astro do futebol Jaiminho (Jonathan Haagensen) e o pai de fam\u00edlia Pibe (Silvio Guindane).<\/p>\n<p>E \u00e9 com a separa\u00e7\u00e3o creditada &#8220;ao destino&#8221; que Macu precisa lidar, o mesmo destino que n\u00e3o lhe dera escolha antes de entrar para o crime, o que de fato ainda n\u00e3o aconteceu.<\/p>\n<p>Apesar do tema batido, o diretor Jeferson De consegue encontrar algo novo no debate: Macu representa a maioria que mora nas favelas e que se acha perto do crime, mas na verdade est\u00e1 inserido apenas na linguagem e nas impress\u00f5es. O passo para o campo da a\u00e7\u00e3o \u00e9 o grande dilema do personagem central.<\/p>\n<p>Premiado<\/p>\n<p>&#8220;Br\u00f3der&#8221; foi premiado em Paul\u00ednia e Gramado, os dois principais pr\u00eamios do cinema nacional, e marca a estreia de Jeferson De em longas, mas consolida uma d\u00e9cada da carreira do cineasta, antes especialista em curtas. De contou com o aux\u00edlio de Mano Brown na trilha sonora e o apoio de F\u00e9rrez na pesquisa do tema.<\/p>\n<p>&#8220;\u00c9 mano, n\u00e3o \u00e9 brother&#8221;, d\u00e1 a impress\u00e3o pedida pelo diretor, mas \u00e9 poss\u00edvel ver uma linguagem t\u00edpica da periferia paulistana em v\u00e1rios momentos do filme, no mais, poderia ser muito bem confundido com uma favela carioca.<\/p>\n<p>A interpreta\u00e7\u00e3o de Caio Blat, melhor ator em Gramado, merece elogios, mas todo o elenco parece bem alinhado, o que facilita a compra da ideia pelo telespectador.<\/p>\n<p>Apesar dos v\u00e1rios pr\u00eamios conquistados pelo longa, algumas altera\u00e7\u00f5es, como o corte de parte da trilha sonora original, foram feitas para encaixar no or\u00e7amento do filme.<br \/>\n<em><br \/>\nFonte: Jornal A Cidade<\/em><\/p>\n\n<div style=\"font-size: 0px; height: 0px; line-height: 0px; margin: 0; padding: 0; clear: both;\"><\/div>","protected":false},"excerpt":{"rendered":"<p>Filmes brasileiros que relatam hist\u00f3rias vividas na periferia, em que o limite entre a criminalidade e a honestidade \u00e9 quase impercept\u00edvel, j\u00e1 n\u00e3o s\u00e3o novidade. Ap\u00f3s o sucesso de &#8220;Cidade de Deus&#8221;, v\u00e1rias produ\u00e7\u00f5es do tipo foram lan\u00e7adas, e mais uma delas chega \u00e0s locadores de Ribeir\u00e3o Preto, &#8220;Br\u00f3der&#8221;. O longa-metragem lan\u00e7ado no ano passado \u00e9 estrelado por Caio Blat e conta a hist\u00f3ria de um jovem que mora no bairro do Cap\u00e3o Redondo, em S\u00e3o Paulo, e tem que escolher o que quer para o futuro: uma vida &#8220;normal&#8221; ou a do crime? Hist\u00f3ria Blat, na pele de Macu, <\/p>\n","protected":false},"author":1,"featured_media":0,"comment_status":"open","ping_status":"closed","sticky":false,"template":"","format":"standard","meta":{"footnotes":""},"categories":[6],"tags":[],"class_list":["post-276","post","type-post","status-publish","format-standard","hentry","category-noticias-no-capao-redondo"],"aioseo_notices":[],"_links":{"self":[{"href":"https:\/\/www.encontracapaoredondo.com.br\/sobre\/wp-json\/wp\/v2\/posts\/276","targetHints":{"allow":["GET"]}}],"collection":[{"href":"https:\/\/www.encontracapaoredondo.com.br\/sobre\/wp-json\/wp\/v2\/posts"}],"about":[{"href":"https:\/\/www.encontracapaoredondo.com.br\/sobre\/wp-json\/wp\/v2\/types\/post"}],"author":[{"embeddable":true,"href":"https:\/\/www.encontracapaoredondo.com.br\/sobre\/wp-json\/wp\/v2\/users\/1"}],"replies":[{"embeddable":true,"href":"https:\/\/www.encontracapaoredondo.com.br\/sobre\/wp-json\/wp\/v2\/comments?post=276"}],"version-history":[{"count":0,"href":"https:\/\/www.encontracapaoredondo.com.br\/sobre\/wp-json\/wp\/v2\/posts\/276\/revisions"}],"wp:attachment":[{"href":"https:\/\/www.encontracapaoredondo.com.br\/sobre\/wp-json\/wp\/v2\/media?parent=276"}],"wp:term":[{"taxonomy":"category","embeddable":true,"href":"https:\/\/www.encontracapaoredondo.com.br\/sobre\/wp-json\/wp\/v2\/categories?post=276"},{"taxonomy":"post_tag","embeddable":true,"href":"https:\/\/www.encontracapaoredondo.com.br\/sobre\/wp-json\/wp\/v2\/tags?post=276"}],"curies":[{"name":"wp","href":"https:\/\/api.w.org\/{rel}","templated":true}]}}