{"id":2741,"date":"2026-04-13T11:03:24","date_gmt":"2026-04-13T14:03:24","guid":{"rendered":"https:\/\/www.encontracapaoredondo.com.br\/sobre\/tarcisio-diz-que-sp-deve-aderir-a-proposta-de-lula-para-reduzir-diesel\/"},"modified":"2026-04-13T11:03:24","modified_gmt":"2026-04-13T14:03:24","slug":"tarcisio-diz-que-sp-deve-aderir-a-proposta-de-lula-para-reduzir-diesel","status":"publish","type":"post","link":"https:\/\/www.encontracapaoredondo.com.br\/sobre\/tarcisio-diz-que-sp-deve-aderir-a-proposta-de-lula-para-reduzir-diesel\/","title":{"rendered":"Tarc\u00edsio diz que SP deve aderir \u00e0 proposta de Lula para reduzir diesel"},"content":{"rendered":"<div class=\"8fb9da09c1a584b185d8cf81e63b5046\" data-index=\"1\" style=\"float: none; margin:0px;\">\n<!-- Anuncio display - global -->\r\n<ins class=\"adsbygoogle\"\r\n     style=\"display:block\"\r\n     data-ad-client=\"ca-pub-8585364105181520\"\r\n     data-ad-slot=\"8789329856\"\r\n     data-ad-format=\"auto\"\r\n     data-full-width-responsive=\"true\"><\/ins>\r\n<script>\r\n     (adsbygoogle = window.adsbygoogle || []).push({});\r\n<\/script>\n<\/div>\n<h2>Entenda a Proposta do Governo Federal<\/h2>\n<p>Recentemente, o governador de S\u00e3o Paulo, Tarc\u00edsio de Freitas (Republicanos), manifestou que o estado pretende se alinhar a uma nova proposta apresentada pelo governo federal com o intuito de mitigar os aumentos nos pre\u00e7os do diesel. A proposta surge em um contexto de tens\u00f5es no Oriente M\u00e9dio, que tem impactado os pre\u00e7os do petr\u00f3leo em escala global. Tarc\u00edsio expressou que a sugest\u00e3o atual parece mais vi\u00e1vel quando comparada \u00e0 proposta anterior, que envolvia a isen\u00e7\u00e3o total do Imposto sobre Circula\u00e7\u00e3o de Mercadorias e Servi\u00e7os (ICMS), com o governo federal compensando os estados em 50% da perda de receita.<\/p>\n<h2>Rea\u00e7\u00e3o do Governador Tarc\u00edsio de Freitas<\/h2>\n<p>Em declara\u00e7\u00f5es feitas durante uma coletiva de imprensa, onde participaram jornalistas, Tarc\u00edsio abordou as discuss\u00f5es em torno do ICMS, afirmando que a estrat\u00e9gia anterior era tecnicamente impratic\u00e1vel. O governador argumentou que abrir m\u00e3o de uma receita em ICMS exigiria um suporte fiscal alternativo, e acrescentou que a nova proposta se mostra razo\u00e1vel, no entanto, destacou que ser\u00e1 necess\u00e1rio um planejamento cuidadoso sobre como a implementa\u00e7\u00e3o ocorrer\u00e1. O estado de S\u00e3o Paulo est\u00e1 inclinado a aderir \u00e0 nova proposta, dependendo dos detalhes que ser\u00e3o discutidos posteriormente.<\/p>\n<h2>Impactos da Guerra no Oriente M\u00e9dio<\/h2>\n<p>A guerra no Oriente M\u00e9dio, resultante de recentes ataques, elevou os pre\u00e7os do barril de petr\u00f3leo, alcan\u00e7ando um patamar em torno de 115 d\u00f3lares. Essa conjuntura global de pre\u00e7os do petr\u00f3leo tem levado os pa\u00edses a repensarem suas estrat\u00e9gias de subs\u00eddio para combust\u00edveis, especialmente o diesel, que \u00e9 amplamente utilizado no transporte de mercadorias e na agricultura.<\/p>\n<p><img decoding=\"async\" src=\"https:\/\/www.encontracapaoredondo.com.br\/sobre\/wp-content\/uploads\/tarcisio-diz-que-sp-deve-aderir-a-proposta-de-lula-para-reduzir-diesel.webp\" alt=\"redu\u00e7\u00e3o do diesel\" loading=\"lazy\" \/><\/p>\n<h2>Propostas Anteriores e Suas Implica\u00e7\u00f5es<\/h2>\n<p>Antes do reexame das propostas, o governo Lula (PT) tinha como meta a isen\u00e7\u00e3o total de ICMS por parte dos estados, uma abordagem que n\u00e3o obteve o apoio esperado e, consequentemente, foi reformulada. A nova abordagem envolve a cria\u00e7\u00e3o de uma subven\u00e7\u00e3o de R$ 1,20 por litro de diesel, dividindo o custo entre os estados e o governo federal, assim buscando uma solu\u00e7\u00e3o mais sustent\u00e1vel e vi\u00e1vel.<\/p>\n<h2>Novo Modelo de Subven\u00e7\u00e3o para o Diesel<\/h2>\n<p>No modelo revisado, a responsabilidade pelo custo dos subs\u00eddios ser\u00e1 repartida igualmente entre a Uni\u00e3o e os estados. Isso significa que tanto o governo federal quanto os estados arcar\u00e3o com metade do valor da subven\u00e7\u00e3o. As compensa\u00e7\u00f5es financeiras para os estados ser\u00e3o garantidas por meio do Fundo de Participa\u00e7\u00e3o dos Estados (FPE), que se beneficia de um aumento na arrecada\u00e7\u00e3o do imposto de renda.<\/p>\n<h2>Divis\u00e3o de Custos entre Uni\u00e3o e Estados<\/h2>\n<p>Os custos para a implementa\u00e7\u00e3o da nova proposta ser\u00e3o redistribu\u00eddos, com cada parte comprometida em arcar com a metade do valor definido para o subs\u00eddio. Essa divis\u00e3o de custos visa minimizar o impacto fiscal sobre os estados e assegurar que o apoio \u00e0 pol\u00edtica de pre\u00e7os do diesel seja ben\u00e9fico tanto para o governo federal quanto para os cidad\u00e3os.<\/p>\n<h2>Reuni\u00f5es do Conselho Nacional de Pol\u00edtica Fazend\u00e1ria<\/h2>\n<p>Na \u00faltima reuni\u00e3o do Conselho Nacional de Pol\u00edtica Fazend\u00e1ria (Confaz), realizada no dia 27 de mar\u00e7o, os secret\u00e1rios da Fazenda dos estados e do Distrito Federal discutiram a nova proposta. Durante essa reuni\u00e3o, surgiram diversas rea\u00e7\u00f5es; alguns estados se mostraram favor\u00e1veis \u00e0 ideia de subven\u00e7\u00e3o, enquanto outros preferiram adiar sua decis\u00e3o para mais discuss\u00f5es.<\/p>\n<h2>Expectativas para o An\u00fancio Oficial<\/h2>\n<p>A expectativa \u00e9 que o Minist\u00e9rio da Fazenda se pronuncie oficialmente sobre a nova estrat\u00e9gia no dia 31 de mar\u00e7o, ap\u00f3s se comprometer a aguardar as respostas e delibera\u00e7\u00f5es levadas a cabo por cada estado. A resposta dos estados ser\u00e1 fundamental para a execu\u00e7\u00e3o ou revis\u00e3o da proposta.<\/p>\n<h2>O Papel do ICMS na Quest\u00e3o do Diesel<\/h2>\n<p>O ICMS tem um papel crucial na estrutura de forma\u00e7\u00e3o dos pre\u00e7os do diesel e, por consequ\u00eancia, na pol\u00edtica de pre\u00e7os de combust\u00edveis no Brasil. Com a proposta agora em discuss\u00e3o, a abordagem do ICMS ser\u00e1 revisitada, buscando alternativas que sejam mais vi\u00e1veis e que possam atender tanto as demandas do governo federal quanto as dos estados.<\/p>\n<h2>Como Isso Afeta o Cidad\u00e3o Paulista<\/h2>\n<p>Para os cidad\u00e3os de S\u00e3o Paulo, a ado\u00e7\u00e3o dessa nova proposta poder\u00e1 resultar em consequentes mudan\u00e7as no pre\u00e7o do diesel, que pode se refletir nos pre\u00e7os dos produtos e servi\u00e7os que dependem desse combust\u00edvel. A ado\u00e7\u00e3o das subven\u00e7\u00f5es, se implantada corretamente, pode proporcionar uma al\u00edvio aos motoristas e ao setor de transporte, impactando, de maneira positiva, toda a economia local.<\/p>\n<h2>Considera\u00e7\u00f5es Finais<\/h2>\n<p>O cen\u00e1rio atual exige uma abordagem colaborativa entre Uni\u00e3o e estados para enfrentar os desafios impostos pelas oscila\u00e7\u00f5es no mercado de combust\u00edveis. O novo modelo de subven\u00e7\u00e3o pode se mostrar uma solu\u00e7\u00e3o eficaz se for bem implementada, oferecendo suporte aos setores mais afetados pela alta dos combust\u00edveis e ajudando a estabilizar a economia.<\/p>\n\n<div style=\"font-size: 0px; height: 0px; line-height: 0px; margin: 0; padding: 0; clear: both;\"><\/div>","protected":false},"excerpt":{"rendered":"<p>SP deve seguir proposta do governo federal para reduzir pre\u00e7o do diesel.<\/p>\n","protected":false},"author":1,"featured_media":2740,"comment_status":"open","ping_status":"closed","sticky":false,"template":"","format":"standard","meta":{"footnotes":""},"categories":[6],"tags":[],"class_list":["post-2741","post","type-post","status-publish","format-standard","has-post-thumbnail","hentry","category-noticias-no-capao-redondo","has_thumb"],"aioseo_notices":[],"_links":{"self":[{"href":"https:\/\/www.encontracapaoredondo.com.br\/sobre\/wp-json\/wp\/v2\/posts\/2741","targetHints":{"allow":["GET"]}}],"collection":[{"href":"https:\/\/www.encontracapaoredondo.com.br\/sobre\/wp-json\/wp\/v2\/posts"}],"about":[{"href":"https:\/\/www.encontracapaoredondo.com.br\/sobre\/wp-json\/wp\/v2\/types\/post"}],"author":[{"embeddable":true,"href":"https:\/\/www.encontracapaoredondo.com.br\/sobre\/wp-json\/wp\/v2\/users\/1"}],"replies":[{"embeddable":true,"href":"https:\/\/www.encontracapaoredondo.com.br\/sobre\/wp-json\/wp\/v2\/comments?post=2741"}],"version-history":[{"count":0,"href":"https:\/\/www.encontracapaoredondo.com.br\/sobre\/wp-json\/wp\/v2\/posts\/2741\/revisions"}],"wp:featuredmedia":[{"embeddable":true,"href":"https:\/\/www.encontracapaoredondo.com.br\/sobre\/wp-json\/wp\/v2\/media\/2740"}],"wp:attachment":[{"href":"https:\/\/www.encontracapaoredondo.com.br\/sobre\/wp-json\/wp\/v2\/media?parent=2741"}],"wp:term":[{"taxonomy":"category","embeddable":true,"href":"https:\/\/www.encontracapaoredondo.com.br\/sobre\/wp-json\/wp\/v2\/categories?post=2741"},{"taxonomy":"post_tag","embeddable":true,"href":"https:\/\/www.encontracapaoredondo.com.br\/sobre\/wp-json\/wp\/v2\/tags?post=2741"}],"curies":[{"name":"wp","href":"https:\/\/api.w.org\/{rel}","templated":true}]}}