{"id":2729,"date":"2026-03-29T10:40:38","date_gmt":"2026-03-29T13:40:38","guid":{"rendered":"https:\/\/www.encontracapaoredondo.com.br\/sobre\/do-capao-redondo-ao-topo-ana-brito-projeta-chegada-ao-ufc-apos-ascensao-no-mma\/"},"modified":"2026-03-29T10:40:38","modified_gmt":"2026-03-29T13:40:38","slug":"do-capao-redondo-ao-topo-ana-brito-projeta-chegada-ao-ufc-apos-ascensao-no-mma","status":"publish","type":"post","link":"https:\/\/www.encontracapaoredondo.com.br\/sobre\/do-capao-redondo-ao-topo-ana-brito-projeta-chegada-ao-ufc-apos-ascensao-no-mma\/","title":{"rendered":"Do Cap\u00e3o Redondo ao topo: Ana Brito projeta chegada ao UFC ap\u00f3s ascens\u00e3o no MMA"},"content":{"rendered":"<div class=\"8fb9da09c1a584b185d8cf81e63b5046\" data-index=\"1\" style=\"float: none; margin:0px;\">\n<!-- Anuncio display - global -->\r\n<ins class=\"adsbygoogle\"\r\n     style=\"display:block\"\r\n     data-ad-client=\"ca-pub-8585364105181520\"\r\n     data-ad-slot=\"8789329856\"\r\n     data-ad-format=\"auto\"\r\n     data-full-width-responsive=\"true\"><\/ins>\r\n<script>\r\n     (adsbygoogle = window.adsbygoogle || []).push({});\r\n<\/script>\n<\/div>\n<h2>A Ascens\u00e3o de Ana Brito no MMA<\/h2>\n<p>Ana Brito, conhecida em meio ao cen\u00e1rio do MMA como a \u201cBlack Queen\u201d, tem se destacado de maneira impressionante no universo das artes marciais. Desde suas primeiras experi\u00eancias no jiu-jitsu at\u00e9 seu ingresso no oct\u00f3gono, onde competiu e se destacou como atleta amadora, Ana construiu n\u00e3o apenas uma carreira, mas tamb\u00e9m uma identidade forte e inspiradora. Sua trajet\u00f3ria a levou a conquistar o t\u00edtulo pan-americano no M\u00e9xico e o mundial no Uzbequist\u00e3o, ambos em 2024, sinalizando uma ascens\u00e3o mete\u00f3rica no esporte.<\/p>\n<h2>Cap\u00e3o Redondo: O Ber\u00e7o de um Talento<\/h2>\n<p>A trajet\u00f3ria de Ana \u00e9 marcada por sua origem no Cap\u00e3o Redondo, um dos bairros mais emblem\u00e1ticos da zona sul de S\u00e3o Paulo. Crescer em uma comunidade com muitos desafios a moldou e a motivou a lutar por seus sonhos. Desde cedo, ela se deparou com uma realidade em que poucos conseguiam alcan\u00e7ar seus objetivos. O Cap\u00e3o Redondo, frequentemente caracterizado por sua luta cotidiana, \u00e9, para Ana, um lugar de resist\u00eancia e supera\u00e7\u00e3o. Sua conex\u00e3o com a comunidade n\u00e3o apenas a impulsionou, mas tamb\u00e9m a motivou a representar sua origem no esporte.<\/p>\n<h2>A Import\u00e2ncia da Representatividade no Esporte<\/h2>\n<p>Em um ambiente esportivo que historicamente carece de diversidade, a presen\u00e7a de Ana Brito se torna ainda mais significativa. Com sua luta, ela desafia os estere\u00f3tipos e busca ampliar a representatividade das mulheres negras no MMA. Ana afirma que cada vit\u00f3ria que conquista n\u00e3o \u00e9 apenas pessoal, mas um passo em dire\u00e7\u00e3o a uma maior aceita\u00e7\u00e3o e inclus\u00e3o no esporte. Sua presen\u00e7a no oct\u00f3gono quebra as barreiras e traz visibilidade a talentos frequentemente invisibilizados.<\/p>\n<p><img decoding=\"async\" src=\"https:\/\/www.encontracapaoredondo.com.br\/sobre\/wp-content\/uploads\/do-capao-redondo-ao-topo-ana-brito-projeta-chegada-ao-ufc-apos-ascensao-no-mma.webp\" alt=\"Ana Brito UFC\" loading=\"lazy\" \/><\/p>\n<h2>Ana Brito e o Trabalho com a Comunidade<\/h2>\n<p>Al\u00e9m de suas conquistas no ringue, Ana tamb\u00e9m se dedica a sua comunidade. Por meio de workshops e iniciativas de incentivo ao esporte, ela trabalha para inspirar jovens atletas, especialmente meninas, a seguirem seus sonhos. Para ela, \u00e9 fundamental que as novas gera\u00e7\u00f5es vejam que \u00e9 poss\u00edvel alcan\u00e7ar grandes objetivos, independentemente das dificuldades que o entorno oferece.<\/p>\n<h2>Conquistas no MMA: Pan-Americanos e Mundiais<\/h2>\n<p>As conquistas de Ana no MMA n\u00e3o s\u00e3o meras estat\u00edsticas; cada medalha representa um per\u00edodo de trabalho duro, dedica\u00e7\u00e3o e supera\u00e7\u00e3o. Sua vit\u00f3ria no Pan-Americano, que ocorreu no M\u00e9xico, foi um divisor de \u00e1guas para sua carreira, impulsionando-a a buscar o campeonato mundial no Uzbequist\u00e3o. Esses t\u00edtulos n\u00e3o s\u00e3o apenas um reflexo de suas habilidades, mas tamb\u00e9m da determina\u00e7\u00e3o em se destacar em uma meta que parecia inating\u00edvel.<\/p>\n<h2>Mentorias e Apoio para Atletas Negras<\/h2>\n<p>Em 2025, Ana foi selecionada para participar de um programa de apoio da Afro Esporte, que visa ajudar atletas negros na constru\u00e7\u00e3o de suas carreiras. Este suporte inclui mentorias e acompanhamento psicol\u00f3gico, al\u00e9m de forma\u00e7\u00e3o em \u00e1reas como o letramento racial. Para Ana, essa iniciativa n\u00e3o apenas potencializou sua carreira, mas tamb\u00e9m proporcionou as ferramentas necess\u00e1rias para enfrentar os desafios do esporte de alto rendimento.<\/p>\n<h2>O Papel da Equipe na Forma\u00e7\u00e3o de Lutadores<\/h2>\n<p>Treinar na Fighting Nerds, sua equipe atual, tem sido crucial para o desenvolvimento de Ana como atleta. Com uma equipe diversificada, composta por v\u00e1rias lutadoras, Ana encontra apoio e camaradagem em um ambiente onde a presen\u00e7a feminina \u00e9 encorajada. Ela destaca que o trabalho em equipe e a forma\u00e7\u00e3o de la\u00e7os entre as atletas s\u00e3o fundamentais para a evolu\u00e7\u00e3o de cada uma, conseguindo elevar o n\u00edvel de t\u00e9cnica e competitividade.<\/p>\n<h2>A Identidade de Ana: Mais que uma Atleta<\/h2>\n<p>Ano ap\u00f3s ano, Ana tem mostrado que seu trabalho vai al\u00e9m do mero aspecto competitiva. A \u201cBlack Queen\u201d se ergueu como uma figura representativa para muitos que se veem em sua hist\u00f3ria. Ao celebrar suas ra\u00edzes e afirmar sua identidade negra no oct\u00f3gono, Ana transforma sua presen\u00e7a em um manifesto de empoderamento e visibilidade.<\/p>\n<h2>Estilo e Moda: A Express\u00e3o Al\u00e9m do Oct\u00f3gono<\/h2>\n<p>Al\u00e9m de ser uma atleta talentosa, Ana Brito expressa sua individualidade tamb\u00e9m atrav\u00e9s de seu estilo. Consciente das imposi\u00e7\u00f5es que o esporte pode trazer, ela opta por se vestir de forma a refletir sua personalidade e cultura. Para Ana, cada escolha de vestu\u00e1rio \u00e9 uma forma de arte e express\u00e3o. Suas refer\u00eancias v\u00eam de \u00edcones do rap feminino e da cultura negra, o que a ajuda a se conectar ainda mais com sua identidade.<\/p>\n<h2>O Futuro de Ana Brito no UFC<\/h2>\n<p>A vis\u00e3o de Ana para o futuro \u00e9 clara: ela almeja juntar-se ao UFC dentro de um per\u00edodo de dois a tr\u00eas anos. Neste caminho, continua a se preparar rigorosamente e a capitalizar as oportunidades que surgem, utilizando sua plataforma para inspirar outros. Progredir nas competi\u00e7\u00f5es e assumir seu lugar no UFC \u00e9 uma meta que a acompanha e a motiva a continuar lutando, n\u00e3o apenas por si, mas por todos que a apoiam.<\/p>\n<p>Os objetivos de Ana n\u00e3o residem apenas na ambi\u00e7\u00e3o individual, mas na esperan\u00e7a de abrir portas para outros atletas que v\u00eam de contextos semelhantes. Cada vit\u00f3ria e cada medalha \u00e9 um reflexo do esfor\u00e7o coletivo e um passo em dire\u00e7\u00e3o a uma maior inclus\u00e3o e diversidade no MMA. Dessa forma, Ana Brito se transforma n\u00e3o apenas em uma atleta de sucesso, mas em uma verdadeira representante de mudan\u00e7a e esperan\u00e7a.<\/p>\n\n<div style=\"font-size: 0px; height: 0px; line-height: 0px; margin: 0; padding: 0; clear: both;\"><\/div>","protected":false},"excerpt":{"rendered":"<p>Ana Brito, da periferia, mira o UFC com garra e determina\u00e7\u00e3o.<\/p>\n","protected":false},"author":1,"featured_media":2728,"comment_status":"open","ping_status":"closed","sticky":false,"template":"","format":"standard","meta":{"footnotes":""},"categories":[6],"tags":[],"class_list":["post-2729","post","type-post","status-publish","format-standard","has-post-thumbnail","hentry","category-noticias-no-capao-redondo","has_thumb"],"aioseo_notices":[],"_links":{"self":[{"href":"https:\/\/www.encontracapaoredondo.com.br\/sobre\/wp-json\/wp\/v2\/posts\/2729","targetHints":{"allow":["GET"]}}],"collection":[{"href":"https:\/\/www.encontracapaoredondo.com.br\/sobre\/wp-json\/wp\/v2\/posts"}],"about":[{"href":"https:\/\/www.encontracapaoredondo.com.br\/sobre\/wp-json\/wp\/v2\/types\/post"}],"author":[{"embeddable":true,"href":"https:\/\/www.encontracapaoredondo.com.br\/sobre\/wp-json\/wp\/v2\/users\/1"}],"replies":[{"embeddable":true,"href":"https:\/\/www.encontracapaoredondo.com.br\/sobre\/wp-json\/wp\/v2\/comments?post=2729"}],"version-history":[{"count":0,"href":"https:\/\/www.encontracapaoredondo.com.br\/sobre\/wp-json\/wp\/v2\/posts\/2729\/revisions"}],"wp:featuredmedia":[{"embeddable":true,"href":"https:\/\/www.encontracapaoredondo.com.br\/sobre\/wp-json\/wp\/v2\/media\/2728"}],"wp:attachment":[{"href":"https:\/\/www.encontracapaoredondo.com.br\/sobre\/wp-json\/wp\/v2\/media?parent=2729"}],"wp:term":[{"taxonomy":"category","embeddable":true,"href":"https:\/\/www.encontracapaoredondo.com.br\/sobre\/wp-json\/wp\/v2\/categories?post=2729"},{"taxonomy":"post_tag","embeddable":true,"href":"https:\/\/www.encontracapaoredondo.com.br\/sobre\/wp-json\/wp\/v2\/tags?post=2729"}],"curies":[{"name":"wp","href":"https:\/\/api.w.org\/{rel}","templated":true}]}}