{"id":2718,"date":"2026-03-13T10:57:31","date_gmt":"2026-03-13T13:57:31","guid":{"rendered":"https:\/\/www.encontracapaoredondo.com.br\/sobre\/video-crianca-autista-e-resgatada-em-local-insalubre-desnutrida-e-com-sinais-de-maus\/"},"modified":"2026-03-13T10:57:31","modified_gmt":"2026-03-13T13:57:31","slug":"video-crianca-autista-e-resgatada-em-local-insalubre-desnutrida-e-com-sinais-de-maus","status":"publish","type":"post","link":"https:\/\/www.encontracapaoredondo.com.br\/sobre\/video-crianca-autista-e-resgatada-em-local-insalubre-desnutrida-e-com-sinais-de-maus\/","title":{"rendered":"V\u00cdDEO: Crian\u00e7a autista \u00e9 resgatada em local insalubre, desnutrida e com sinais de maus"},"content":{"rendered":"<div class=\"8fb9da09c1a584b185d8cf81e63b5046\" data-index=\"1\" style=\"float: none; margin:0px;\">\n<!-- Anuncio display - global -->\r\n<ins class=\"adsbygoogle\"\r\n     style=\"display:block\"\r\n     data-ad-client=\"ca-pub-8585364105181520\"\r\n     data-ad-slot=\"8789329856\"\r\n     data-ad-format=\"auto\"\r\n     data-full-width-responsive=\"true\"><\/ins>\r\n<script>\r\n     (adsbygoogle = window.adsbygoogle || []).push({});\r\n<\/script>\n<\/div>\n<h2>Circunst\u00e2ncias do Resgate<\/h2>\n<p>Recentemente, um incidente alarmante ocorreu na zona sul de S\u00e3o Paulo, mais precisamente no bairro Cap\u00e3o Redondo, onde uma menina de apenas 7 anos, diagnosticada com Transtorno do Espectro Autista (TEA), foi resgatada em uma situa\u00e7\u00e3o cr\u00edtica. A opera\u00e7\u00e3o de resgate foi realizada ap\u00f3s um alerta da av\u00f3 materna, que fez a den\u00fancia \u00e0s autoridades sobre a condi\u00e7\u00e3o prec\u00e1ria da crian\u00e7a, que vivia em um ambiente extremamente insalubre e degradante.<\/p>\n<p>A situa\u00e7\u00e3o da menina foi trazida \u00e0 tona quando o propriet\u00e1rio da resid\u00eancia onde ela morava notou que a crian\u00e7a estava desaparecida por um longo per\u00edodo. Ao questionar a m\u00e3e, ele percebeu que ela n\u00e3o tinha explica\u00e7\u00f5es claras sobre o paradeiro da filha, o que gerou suspeitas. A av\u00f3, preocupada e desconfiada, decidiu acionar o Conselho Tutelar para que a situa\u00e7\u00e3o fosse averiguada.<\/p>\n<h2>Condi\u00e7\u00f5es Degradantes<\/h2>\n<p>Durante a opera\u00e7\u00e3o de resgate, os agentes da Guarda Civil Metropolitana (GCM) e os conselheiros tutelares encontraram a menina em condi\u00e7\u00f5es alarmantes. O quarto onde ela estava mantida era escuro e sujo, repleto de lixo e entulho, refletindo uma falta total de cuidados. Al\u00e9m disso, a crian\u00e7a estava descal\u00e7a e apresentava sinais de desnutri\u00e7\u00e3o e viol\u00eancia, como hematomas vis\u00edveis em seu corpo.<\/p>\n<p>As autoridades afirmaram que a menina pode ter sido mantida em situa\u00e7\u00e3o de isolamento por mais de um ano, sem o devido acesso a cuidados b\u00e1sicos e prote\u00e7\u00e3o, o que levanta quest\u00f5es s\u00e9rias sobre a responsabilidade dos pais e o ambiente em que ela estava submetida.<\/p>\n<h2>Sinais de Maus-Tratos<\/h2>\n<p>Os ind\u00edcios de maus-tratos se tornaram evidentes durante a investiga\u00e7\u00e3o. As marcas de viol\u00eancia vis\u00edveis no corpo da crian\u00e7a e o estado geral de sa\u00fade dela foram preocupantes o suficiente para que os especialistas classificassem a situa\u00e7\u00e3o como um caso de abuso e neglig\u00eancia extremo. A desnutri\u00e7\u00e3o que a menina apresentava agravava ainda mais a sua condi\u00e7\u00e3o, exigindo um atendimento m\u00e9dico imediato ap\u00f3s o resgate.<\/p>\n<h2>O Papel do Conselho Tutelar<\/h2>\n<p>O trabalho do Conselho Tutelar foi crucial neste caso. Ao receber a den\u00fancia da av\u00f3 materna, os conselheiros tomaram medidas r\u00e1pidas para averiguar a situa\u00e7\u00e3o e garantir a seguran\u00e7a da menina. Esta a\u00e7\u00e3o exemplifica a import\u00e2ncia da atua\u00e7\u00e3o do Conselho Tutelar no monitoramento e prote\u00e7\u00e3o de crian\u00e7as em situa\u00e7\u00f5es vulner\u00e1veis, al\u00e9m de incentivar familiares e cidad\u00e3os a se manifestarem ao perceberem condi\u00e7\u00f5es inadequadas e potencialmente perigosas.<\/p>\n<h2>A Import\u00e2ncia da Den\u00fancia<\/h2>\n<p>A ocorr\u00eancia desse resgate ressalta a necessidade de que pessoas que testemunham situa\u00e7\u00f5es de descaso ou abuso com crian\u00e7as denunciem imediatamente. A den\u00fancia pode salvar vidas e proporcionar a crian\u00e7as vulner\u00e1veis a chance de um ambiente seguro e acolhedor. Tanto a av\u00f3 quanto o propriet\u00e1rio da casa foram fundamentais, pois, sem essa den\u00fancia, a situa\u00e7\u00e3o da menina poderia ter se prolongado indefinidamente.<\/p>\n<h2>As Consequ\u00eancias Legais<\/h2>\n<p>Como resultado dessas atrocidades, a m\u00e3e da menina e o padrasto foram presos em flagrante. Eles enfrentar\u00e3o acusa\u00e7\u00f5es severas por crimes, incluindo c\u00e1rcere privado, abandono de incapaz e tortura agravada, dada a condi\u00e7\u00e3o da crian\u00e7a autista. Essas penas refletem a gravidade das a\u00e7\u00f5es deles e buscam garantir que n\u00e3o tenham a possibilidade de repetir essas a\u00e7\u00f5es.<\/p>\n<p>A investiga\u00e7\u00e3o do caso est\u00e1 a cargo do 47\u00ba Distrito Policial de S\u00e3o Paulo, que busca coletar provas adicionais e levar \u00e0 justi\u00e7a todos os envolvidos nessa situa\u00e7\u00e3o lament\u00e1vel.<\/p>\n<h2>A Rea\u00e7\u00e3o da Comunidade<\/h2>\n<p>A comunidade local demonstrou grande indigna\u00e7\u00e3o e apoio em rela\u00e7\u00e3o ao caso. O resgate da menina gerou um movimento de solidariedade, com diversas organiza\u00e7\u00f5es e indiv\u00edduos se mobilizando para arrecadar doa\u00e7\u00f5es e fornecer suporte \u00e0 crian\u00e7a e sua av\u00f3. Essa mobiliza\u00e7\u00e3o social \u00e9 um reflexo da uni\u00e3o que pode ocorrer em situa\u00e7\u00f5es cr\u00edticas e da import\u00e2ncia de uma rede de apoio para aqueles que enfrentam dificuldades.<\/p>\n<h2>A Situa\u00e7\u00e3o de Crian\u00e7as com TEA<\/h2>\n<p>Este caso tamb\u00e9m trouxe \u00e0 luz a vulnerabilidade de crian\u00e7as com Transtorno do Espectro Autista. Muitas vezes, essas crian\u00e7as dependem de cuidados especiais e aten\u00e7\u00e3o significativa, sendo ainda mais suscet\u00edveis a situa\u00e7\u00f5es de abuso e neglig\u00eancia se n\u00e3o forem adequadamente protegidas. A conscientiza\u00e7\u00e3o sobre os direitos e necessidades dessas crian\u00e7as \u00e9 fundamental para garantir que situa\u00e7\u00f5es como essa n\u00e3o se repitam.<\/p>\n<h2>Cuidado e Atendimento M\u00e9dico<\/h2>\n<p>Ap\u00f3s ser resgatada, a menina foi levada urgentemente a um hospital para avalia\u00e7\u00e3o e tratamento. O atendimento m\u00e9dico era imperativo, j\u00e1 que sua condi\u00e7\u00e3o exigia cuidados com rela\u00e7\u00e3o \u00e0 desnutri\u00e7\u00e3o e \u00e0s marcas de viol\u00eancia em seu corpo. O apoio psicol\u00f3gico e emocional tamb\u00e9m ser\u00e1 essencial no processo de recupera\u00e7\u00e3o, pois o trauma vivido pode ter efeitos duradouros em sua sa\u00fade mental.<\/p>\n<h2>Reflex\u00f5es Sobre o Caso<\/h2>\n<p>O triste epis\u00f3dio do resgate da menina autista no Cap\u00e3o Redondo \u00e9 um chamado \u00e0 a\u00e7\u00e3o para que todos se unam na luta contra a viol\u00eancia e o descaso com crian\u00e7as. \u00c9 vital que a sociedade se mobilize por uma educa\u00e7\u00e3o que promova o respeito e a prote\u00e7\u00e3o aos direitos das crian\u00e7as, al\u00e9m de incentivar a den\u00fancia de abusos. A hist\u00f3ria da menina precisa ser um catalisador para mudan\u00e7as sociais significativas, garantindo que todas as crian\u00e7as, independentemente de suas condi\u00e7\u00f5es, tenham a chance de se desenvolver em um ambiente seguro e amoroso.<\/p>\n\n<div style=\"font-size: 0px; height: 0px; line-height: 0px; margin: 0; padding: 0; clear: both;\"><\/div>","protected":false},"excerpt":{"rendered":"<p>Crian\u00e7a autista resgatada com sinais de maus-tratos e desnutri\u00e7\u00e3o.<\/p>\n","protected":false},"author":1,"featured_media":0,"comment_status":"open","ping_status":"closed","sticky":false,"template":"","format":"standard","meta":{"footnotes":""},"categories":[31],"tags":[],"class_list":["post-2718","post","type-post","status-publish","format-standard","hentry","category-saude-no-capao-redondo"],"aioseo_notices":[],"_links":{"self":[{"href":"https:\/\/www.encontracapaoredondo.com.br\/sobre\/wp-json\/wp\/v2\/posts\/2718","targetHints":{"allow":["GET"]}}],"collection":[{"href":"https:\/\/www.encontracapaoredondo.com.br\/sobre\/wp-json\/wp\/v2\/posts"}],"about":[{"href":"https:\/\/www.encontracapaoredondo.com.br\/sobre\/wp-json\/wp\/v2\/types\/post"}],"author":[{"embeddable":true,"href":"https:\/\/www.encontracapaoredondo.com.br\/sobre\/wp-json\/wp\/v2\/users\/1"}],"replies":[{"embeddable":true,"href":"https:\/\/www.encontracapaoredondo.com.br\/sobre\/wp-json\/wp\/v2\/comments?post=2718"}],"version-history":[{"count":0,"href":"https:\/\/www.encontracapaoredondo.com.br\/sobre\/wp-json\/wp\/v2\/posts\/2718\/revisions"}],"wp:attachment":[{"href":"https:\/\/www.encontracapaoredondo.com.br\/sobre\/wp-json\/wp\/v2\/media?parent=2718"}],"wp:term":[{"taxonomy":"category","embeddable":true,"href":"https:\/\/www.encontracapaoredondo.com.br\/sobre\/wp-json\/wp\/v2\/categories?post=2718"},{"taxonomy":"post_tag","embeddable":true,"href":"https:\/\/www.encontracapaoredondo.com.br\/sobre\/wp-json\/wp\/v2\/tags?post=2718"}],"curies":[{"name":"wp","href":"https:\/\/api.w.org\/{rel}","templated":true}]}}