{"id":2693,"date":"2026-03-05T10:54:09","date_gmt":"2026-03-05T13:54:09","guid":{"rendered":"https:\/\/www.encontracapaoredondo.com.br\/sobre\/do-capao-a-zona-leste-8-de-marco-mobiliza-mulheres-nas-periferias-de-sao-paulo\/"},"modified":"2026-03-05T10:54:09","modified_gmt":"2026-03-05T13:54:09","slug":"do-capao-a-zona-leste-8-de-marco-mobiliza-mulheres-nas-periferias-de-sao-paulo","status":"publish","type":"post","link":"https:\/\/www.encontracapaoredondo.com.br\/sobre\/do-capao-a-zona-leste-8-de-marco-mobiliza-mulheres-nas-periferias-de-sao-paulo\/","title":{"rendered":"Do Cap\u00e3o \u00e0 zona Leste: 8 de mar\u00e7o mobiliza mulheres nas periferias de S\u00e3o Paulo"},"content":{"rendered":"<div class=\"8fb9da09c1a584b185d8cf81e63b5046\" data-index=\"1\" style=\"float: none; margin:0px;\">\n<!-- Anuncio display - global -->\r\n<ins class=\"adsbygoogle\"\r\n     style=\"display:block\"\r\n     data-ad-client=\"ca-pub-8585364105181520\"\r\n     data-ad-slot=\"8789329856\"\r\n     data-ad-format=\"auto\"\r\n     data-full-width-responsive=\"true\"><\/ins>\r\n<script>\r\n     (adsbygoogle = window.adsbygoogle || []).push({});\r\n<\/script>\n<\/div>\n<h2>A Hist\u00f3ria do 8 de Mar\u00e7o nas Periferias<\/h2>\n<p>Ao longo dos anos, o 8 de mar\u00e7o, conhecido como Dia Internacional da Mulher, se tornou um simbolo de luta e uni\u00e3o, especialmente nas periferias de S\u00e3o Paulo. Neste contexto, o dia n\u00e3o \u00e9 apenas uma data comemorativa, mas uma oportunidade de evidenciar as lutas e desafios enfrentados pelas mulheres que vivem nessas comunidades. Desde suas ra\u00edzes no movimento oper\u00e1rio, a data evoluiu para se tornar um espa\u00e7o de conscientiza\u00e7\u00e3o sobre temas como viol\u00eancia de g\u00eanero, desigualdade de oportunidades e direitos reprodutivos.<\/p>\n<p>Nas \u00faltimas d\u00e9cadas, esse dia ganhou novos significados nas periferias, onde grupos de mulheres se organizam para reivindicar n\u00e3o s\u00f3 direitos, mas tamb\u00e9m visibilidade, respeito e dignidade. O 8 de mar\u00e7o se transformou em uma plataforma potente para a mobiliza\u00e7\u00e3o social e a constru\u00e7\u00e3o de redes de apoio entre as mulheres.<\/p>\n<h2>Atos e Feiras: O Movimento Feminino em A\u00e7\u00e3o<\/h2>\n<p>Em resposta \u00e0 crescente desigualdade e aos altos \u00edndices de viol\u00eancia, organiza\u00e7\u00f5es e coletivos femininos programam uma s\u00e9rie de eventos no Dia Internacional da Mulher. Estes eventos incluem marchas, feiras e oficinas que n\u00e3o s\u00f3 celebram as conquistas, mas tamb\u00e9m abordam quest\u00f5es urgentes que afetam as mulheres nas periferias. Por exemplo, a realiza\u00e7\u00e3o de feiras de livros, onde mulheres aut\u00f4nomas e artistas locais exp\u00f5em suas obras, fortalece a economia criativa, enquanto marchas buscam assegurar que os direitos das mulheres sejam colocados em pauta.<\/p>\n<p><img decoding=\"async\" src=\"https:\/\/www.encontracapaoredondo.com.br\/sobre\/wp-content\/uploads\/do-capao-a-zona-leste-8-de-marco-mobiliza-mulheres-nas-periferias-de-sao-paulo.webp\" alt=\"8 de mar\u00e7o mulheres periferias S\u00e3o Paulo\" loading=\"lazy\" \/><\/p>\n<h2>A Marcha por Todas N\u00f3s: Um Momento de Uni\u00e3o<\/h2>\n<p>A &#8220;Marcha por Todas N\u00f3s&#8221; \u00e9 uma das iniciativas mais significativas do 8 de mar\u00e7o. Organizada pelo F\u00f3rum em Defesa da Mulher, essa marcha se prop\u00f5e a ser um espa\u00e7o de resist\u00eancia e solidariedade. A cada edi\u00e7\u00e3o, o evento homenageia mulheres que se destacaram na luta contra o feminic\u00eddio, a viol\u00eancia e a desigualdade de g\u00eanero.<\/p>\n<p>Cerca de 2000 mulheres costumam marchar lado a lado, erguidos cartazes e gritos de ordem, reafirmando a luta pelo fim do machismo e demandando uma sociedade mais justa. O evento \u00e9 tamb\u00e9m uma oportunidade para que as mulheres compartilhem suas hist\u00f3rias, fortalecendo la\u00e7os e criando uma rede de apoio e empoderamento entre elas.<\/p>\n<h2>Minas do Corre: Corrida e Empoderamento<\/h2>\n<p>Outro destaque \u00e9 o projeto &#8220;Minas do Corre&#8221;, que promove corridas voltadas para mulheres. Iniciativa que alia o esporte \u00e0 sa\u00fade mental e ao autocuidado, as corridas buscam incentivar a pr\u00e1tica esportiva como uma forma de fortalecer a autoestima e a sa\u00fade feminina nas comunidades. Essa atividade se alinha \u00e0 import\u00e2ncia do cuidado com o corpo e a mente, principalmente em um contexto onde as mulheres frequentemente se sentem pressionadas pelas in\u00fameras responsabilidades que enfrentam diariamente.<\/p>\n<h2>Feira da Coragem: Economias Criativas em Destaque<\/h2>\n<p>No dia 8, tamb\u00e9m ocorre a Feira da Coragem, que visa promover e valorizar o trabalho das mulheres empreendedoras da periferia. Nesse espa\u00e7o, elas podem expor e vender suas mercadorias, al\u00e9m de interagir e trocar experi\u00eancias com outras mulheres. A feira \u00e9 um s\u00edmbolo do empoderamento econ\u00f4mico e uma maneira de fortalecer a economia local, contribuindo para que as mulheres se sintam mais confiantes e reconhecidas pelo seu trabalho.<\/p>\n<h2>Rodas de Conversa: Fortalecendo Redes de Apoio<\/h2>\n<p>As rodas de conversa s\u00e3o outro formato importante de mobiliza\u00e7\u00e3o no Dia Internacional da Mulher. Esses encontros re\u00fanem mulheres de diversas origens e experi\u00eancias para discutir temas variados, desde sa\u00fade e empreendedorismo at\u00e9 quest\u00f5es relacionadas \u00e0 viol\u00eancia. \u00c9 um espa\u00e7o seguro para di\u00e1logo e aprendizado, onde as participantes podem se sentir \u00e0 vontade para compartilhar suas hist\u00f3rias, trocar conselhos e, assim, fortalecer a rede de apoio.<\/p>\n<h2>A Import\u00e2ncia da Mobiliza\u00e7\u00e3o Feminina<\/h2>\n<p>A mobiliza\u00e7\u00e3o feminina nas periferias \u00e9 crucial para a mudan\u00e7a social. Por meio de eventos, como o dia 8 de mar\u00e7o, as mulheres n\u00e3o apenas reivindicam direitos, mas tamb\u00e9m educam a popula\u00e7\u00e3o sobre quest\u00f5es como sa\u00fade, justi\u00e7a social e igualdade de g\u00eanero. Essa mobiliza\u00e7\u00e3o tamb\u00e9m se reflete na capacidade das mulheres de ocupar espa\u00e7os de poder e decis\u00e3o, trazendo suas vozes e experi\u00eancias para o debate p\u00fablico.<\/p>\n<h2>Desafios e Conquistas das Mulheres na Periferia<\/h2>\n<p>Embora avan\u00e7os tenham sido conquistados na luta pelos direitos das mulheres nas periferias, muitos desafios permanecem. O aumento do feminic\u00eddio, a precariedade nos servi\u00e7os de sa\u00fade e educa\u00e7\u00e3o, e a falta de pol\u00edticas p\u00fablicas eficazes revelam a luta cont\u00ednua dessas mulheres. No entanto, cada movimento, cada marcha e cada evento \u00e9 uma forma de resist\u00eancia, mostrando que, apesar das dificuldades, o coletivo \u00e9 mais forte e capaz de provocar mudan\u00e7as significativas.<\/p>\n<h2>A Luta Contra o Feminic\u00eddio e a Lesbitransfobia<\/h2>\n<p>Infelizmente, o Brasil ainda enfrenta altos \u00edndices de feminic\u00eddio e lesbitransfobia. Essas formas de viol\u00eancia n\u00e3o s\u00e3o apenas estat\u00edsticas, mas vidas de mulheres que se foram. A luta contra essas realidades \u00e9 central para o movimento feminista, e o 8 de mar\u00e7o se torna uma data emblem\u00e1tica para gritar por justi\u00e7a, exigir mudan\u00e7as nas leis e pol\u00edticas p\u00fablicas e apoiar as v\u00edtimas e suas fam\u00edlias. As mulheres nas periferias se re\u00fanem para exigir que suas vozes sejam ouvidas, que suas experi\u00eancias sejam validadas, e que sejam colocadas em pr\u00e1tica medidas efetivas para garantir sua seguran\u00e7a e dignidade.<\/p>\n<h2>Reflex\u00f5es sobre Direitos e Pol\u00edticas P\u00fablicas<\/h2>\n<p>Por \u00faltimo, a reflex\u00e3o sobre os direitos das mulheres e a necessidade de pol\u00edticas p\u00fablicas efetivas s\u00e3o constantes nos di\u00e1logos que surgem em torno do Dia Internacional da Mulher. O empoderamento feminino n\u00e3o pode ser apenas um discurso; precisa ser respaldado por a\u00e7\u00f5es concretas, como acesso a servi\u00e7os de sa\u00fade, seguran\u00e7a, educa\u00e7\u00e3o e emprego. Por isso, as mulheres nas periferias continuam a mobilizar-se, buscando n\u00e3o apenas visibilidade, mas tamb\u00e9m a implementa\u00e7\u00e3o de pol\u00edticas que garantam seus direitos de forma integral e respeitosa.<\/p>\n\n<div style=\"font-size: 0px; height: 0px; line-height: 0px; margin: 0; padding: 0; clear: both;\"><\/div>","protected":false},"excerpt":{"rendered":"<p>O 8 de mar\u00e7o \u00e9 um dia de luta e uni\u00e3o das mulheres nas periferias de SP.<\/p>\n","protected":false},"author":1,"featured_media":2692,"comment_status":"open","ping_status":"closed","sticky":false,"template":"","format":"standard","meta":{"footnotes":""},"categories":[6],"tags":[],"class_list":["post-2693","post","type-post","status-publish","format-standard","has-post-thumbnail","hentry","category-noticias-no-capao-redondo","has_thumb"],"aioseo_notices":[],"_links":{"self":[{"href":"https:\/\/www.encontracapaoredondo.com.br\/sobre\/wp-json\/wp\/v2\/posts\/2693","targetHints":{"allow":["GET"]}}],"collection":[{"href":"https:\/\/www.encontracapaoredondo.com.br\/sobre\/wp-json\/wp\/v2\/posts"}],"about":[{"href":"https:\/\/www.encontracapaoredondo.com.br\/sobre\/wp-json\/wp\/v2\/types\/post"}],"author":[{"embeddable":true,"href":"https:\/\/www.encontracapaoredondo.com.br\/sobre\/wp-json\/wp\/v2\/users\/1"}],"replies":[{"embeddable":true,"href":"https:\/\/www.encontracapaoredondo.com.br\/sobre\/wp-json\/wp\/v2\/comments?post=2693"}],"version-history":[{"count":0,"href":"https:\/\/www.encontracapaoredondo.com.br\/sobre\/wp-json\/wp\/v2\/posts\/2693\/revisions"}],"wp:featuredmedia":[{"embeddable":true,"href":"https:\/\/www.encontracapaoredondo.com.br\/sobre\/wp-json\/wp\/v2\/media\/2692"}],"wp:attachment":[{"href":"https:\/\/www.encontracapaoredondo.com.br\/sobre\/wp-json\/wp\/v2\/media?parent=2693"}],"wp:term":[{"taxonomy":"category","embeddable":true,"href":"https:\/\/www.encontracapaoredondo.com.br\/sobre\/wp-json\/wp\/v2\/categories?post=2693"},{"taxonomy":"post_tag","embeddable":true,"href":"https:\/\/www.encontracapaoredondo.com.br\/sobre\/wp-json\/wp\/v2\/tags?post=2693"}],"curies":[{"name":"wp","href":"https:\/\/api.w.org\/{rel}","templated":true}]}}