{"id":2687,"date":"2026-03-03T11:06:07","date_gmt":"2026-03-03T14:06:07","guid":{"rendered":"https:\/\/www.encontracapaoredondo.com.br\/sobre\/bandidos-invadem-loja-na-zona-norte-de-sao-paulo-e-fogem-levando-sete-motos-eletricas\/"},"modified":"2026-03-03T11:06:07","modified_gmt":"2026-03-03T14:06:07","slug":"bandidos-invadem-loja-na-zona-norte-de-sao-paulo-e-fogem-levando-sete-motos-eletricas","status":"publish","type":"post","link":"https:\/\/www.encontracapaoredondo.com.br\/sobre\/bandidos-invadem-loja-na-zona-norte-de-sao-paulo-e-fogem-levando-sete-motos-eletricas\/","title":{"rendered":"Bandidos invadem loja na zona norte de S\u00e3o Paulo e fogem levando sete motos el\u00e9tricas"},"content":{"rendered":"<div class=\"8fb9da09c1a584b185d8cf81e63b5046\" data-index=\"1\" style=\"float: none; margin:0px;\">\n<!-- Anuncio display - global -->\r\n<ins class=\"adsbygoogle\"\r\n     style=\"display:block\"\r\n     data-ad-client=\"ca-pub-8585364105181520\"\r\n     data-ad-slot=\"8789329856\"\r\n     data-ad-format=\"auto\"\r\n     data-full-width-responsive=\"true\"><\/ins>\r\n<script>\r\n     (adsbygoogle = window.adsbygoogle || []).push({});\r\n<\/script>\n<\/div>\n<h2>O Caso da Invas\u00e3o na Casa Verde<\/h2>\n<p>Na madrugada do dia 17 de fevereiro de 2026, uma loja localizada no bairro Casa Verde, na zona norte de S\u00e3o Paulo, foi alvo de uma audaciosa invas\u00e3o por criminosos. O grupo conseguiu adentrar o estabelecimento por meio do telhado, surpreendendo a equipe que n\u00e3o contava com tal abordagem.<\/p>\n<h2>Como o Roubo Foi Planejado<\/h2>\n<p>A a\u00e7\u00e3o dos bandidos foi meticulosamente planejada. Eles conseguiram acessar o estoque da loja, onde se encontravam nada menos que sete motocicletas el\u00e9tricas, totalizando um preju\u00edzo estimado de R$ 30 mil para o propriet\u00e1rio do estabelecimento. Ap\u00f3s roubar os ve\u00edculos, os ladr\u00f5es os carregaram em uma Kombi estacionada nas proximidades e fugiram antes que pudessem ser identificados.<\/p>\n<h2>Impacto no Com\u00e9rcio Local<\/h2>\n<p>Esse incidente n\u00e3o somente gerou um preju\u00edzo financeiro significativo para o comerciante, mas tamb\u00e9m abala a confian\u00e7a dos moradores e trabalhadores da regi\u00e3o. A sensa\u00e7\u00e3o de inseguran\u00e7a aumenta quando crimes dessa natureza ocorrem em \u00e1reas comercialmente ativas, levando clientes a reconsiderarem suas visitas e, consequentemente, afetando o faturamento local.<\/p>\n<p><img decoding=\"async\" src=\"https:\/\/www.encontracapaoredondo.com.br\/sobre\/wp-content\/uploads\/bandidos-invadem-loja-na-zona-norte-de-sao-paulo-e-fogem-levando-sete-motos-eletricas.webp\" alt=\"bandidos invadem loja na zona norte de S\u00e3o Paulo\" loading=\"lazy\" \/><\/p>\n<h2>Seguran\u00e7a e Preven\u00e7\u00e3o: O Que Fazer?<\/h2>\n<p>Diante da crescente onda de crimes em \u00e1reas urbanas, \u00e9 importante que os propriet\u00e1rios de estabelecimentos adotem medidas de seguran\u00e7a eficazes. Algumas recomenda\u00e7\u00f5es incluem:<\/p>\n<ul>\n<li><strong>Instala\u00e7\u00e3o de C\u00e2meras de Seguran\u00e7a:<\/strong> Uma rede de c\u00e2meras vis\u00edveis pode dissuadir a a\u00e7\u00e3o de criminosos.<\/li>\n<li><strong>Alarmes e Sensores:<\/strong> Sistemas de alarme bem posicionados podem servir como um alerta imediato para invas\u00f5es.<\/li>\n<li><strong>Treinamento de Funcion\u00e1rios:<\/strong> Capacitar os empregados para que possam reagir adequadamente em situa\u00e7\u00f5es de emerg\u00eancia \u00e9 crucial.<\/li>\n<\/ul>\n<h2>A Rea\u00e7\u00e3o da Comunidade<\/h2>\n<p>A comunidade local rapidamente se mobilizou ap\u00f3s o incidente. Muitos moradores relataram sua indigna\u00e7\u00e3o nas redes sociais, pedindo mais patrulhamento policial na \u00e1rea e sugerindo uma reuni\u00e3o comunit\u00e1ria para discutir a seguran\u00e7a no bairro. A uni\u00e3o da comunidade pode ser um fator primordial para a redu\u00e7\u00e3o de crimes e o fortalecimento das rela\u00e7\u00f5es entre os moradores.<\/p>\n<h2>An\u00e1lise das Imagens de C\u00e2meras<\/h2>\n<p>Ap\u00f3s a invas\u00e3o, um dos s\u00f3cios da loja tentou acessar as grava\u00e7\u00f5es das c\u00e2meras de seguran\u00e7a, apenas para descobrir que os ladr\u00f5es tamb\u00e9m haviam sido astutos o suficiente para levar o DVR que armazenava as imagens. Entretanto, c\u00e2meras de estabelecimentos vizinhos capturaram parte da a\u00e7\u00e3o criminosa, e esses registros est\u00e3o sendo analisados pela pol\u00edcia.<\/p>\n<h2>Esfor\u00e7os da Pol\u00edcia na Investiga\u00e7\u00e3o<\/h2>\n<p>A pol\u00edcia iniciou imediatamente uma investiga\u00e7\u00e3o para tentar identificar os ladr\u00f5es. Apesar da falta de imagens diretas do crime devido \u00e0 perda do DVR, as grava\u00e7\u00f5es das c\u00e2meras vizinhas podem fornecer pistas importantes. Os agentes est\u00e3o empenhados em entrevistar poss\u00edveis testemunhas e coletar dados que ajudem a desvendar a a\u00e7\u00e3o.<\/p>\n<h2>O Desafio de Identificar os Ladr\u00f5es<\/h2>\n<p>Um dos principais desafios enfrentados pela pol\u00edcia \u00e9 a identifica\u00e7\u00e3o dos suspeitos. Sem imagens claras do rosto dos assaltantes, as investiga\u00e7\u00f5es podem se prolongar. At\u00e9 o momento, n\u00e3o houve deten\u00e7\u00f5es relacionadas ao caso, mas a an\u00e1lise continua em busca de qualquer informa\u00e7\u00e3o que possa levar \u00e0 captura dos criminosos.<\/p>\n<h2>Consequ\u00eancias para o Propriet\u00e1rio<\/h2>\n<p>Al\u00e9m do impacto financeiro imediato, o propriet\u00e1rio da loja enfrenta desafios emocionais e psicol\u00f3gicos. A inseguran\u00e7a e o estresse causados por tal viola\u00e7\u00e3o podem afetar a motiva\u00e7\u00e3o e a seguran\u00e7a geral do ambiente de trabalho, impactando ainda mais suas opera\u00e7\u00f5es comerciais futuras.<\/p>\n<h2>Reflex\u00f5es sobre Seguran\u00e7a P\u00fablica<\/h2>\n<p>Esse incidente serve como um lembrete de que a seguran\u00e7a p\u00fablica \u00e9 uma responsabilidade compartilhada. Governos locais, policiais e comunidades precisam trabalhar em conjunto para implementar medidas que previnam criminalidades e garantam a prote\u00e7\u00e3o de todos. O fortalecimento da seguran\u00e7a pode ajudar a restaurar a confian\u00e7a dos cidad\u00e3os em suas \u00e1reas de viv\u00eancia e com\u00e9rcio.<\/p>\n\n<div style=\"font-size: 0px; height: 0px; line-height: 0px; margin: 0; padding: 0; clear: both;\"><\/div>","protected":false},"excerpt":{"rendered":"<p>Bandidos invadem loja em S\u00e3o Paulo e fogem com sete motos el\u00e9tricas.<\/p>\n","protected":false},"author":1,"featured_media":2686,"comment_status":"open","ping_status":"closed","sticky":false,"template":"","format":"standard","meta":{"footnotes":""},"categories":[6],"tags":[],"class_list":["post-2687","post","type-post","status-publish","format-standard","has-post-thumbnail","hentry","category-noticias-no-capao-redondo","has_thumb"],"aioseo_notices":[],"_links":{"self":[{"href":"https:\/\/www.encontracapaoredondo.com.br\/sobre\/wp-json\/wp\/v2\/posts\/2687","targetHints":{"allow":["GET"]}}],"collection":[{"href":"https:\/\/www.encontracapaoredondo.com.br\/sobre\/wp-json\/wp\/v2\/posts"}],"about":[{"href":"https:\/\/www.encontracapaoredondo.com.br\/sobre\/wp-json\/wp\/v2\/types\/post"}],"author":[{"embeddable":true,"href":"https:\/\/www.encontracapaoredondo.com.br\/sobre\/wp-json\/wp\/v2\/users\/1"}],"replies":[{"embeddable":true,"href":"https:\/\/www.encontracapaoredondo.com.br\/sobre\/wp-json\/wp\/v2\/comments?post=2687"}],"version-history":[{"count":0,"href":"https:\/\/www.encontracapaoredondo.com.br\/sobre\/wp-json\/wp\/v2\/posts\/2687\/revisions"}],"wp:featuredmedia":[{"embeddable":true,"href":"https:\/\/www.encontracapaoredondo.com.br\/sobre\/wp-json\/wp\/v2\/media\/2686"}],"wp:attachment":[{"href":"https:\/\/www.encontracapaoredondo.com.br\/sobre\/wp-json\/wp\/v2\/media?parent=2687"}],"wp:term":[{"taxonomy":"category","embeddable":true,"href":"https:\/\/www.encontracapaoredondo.com.br\/sobre\/wp-json\/wp\/v2\/categories?post=2687"},{"taxonomy":"post_tag","embeddable":true,"href":"https:\/\/www.encontracapaoredondo.com.br\/sobre\/wp-json\/wp\/v2\/tags?post=2687"}],"curies":[{"name":"wp","href":"https:\/\/api.w.org\/{rel}","templated":true}]}}