{"id":2685,"date":"2026-03-03T11:02:05","date_gmt":"2026-03-03T14:02:05","guid":{"rendered":"https:\/\/www.encontracapaoredondo.com.br\/sobre\/reuniao-sobre-o-ama-capao-redondo-e-demais-servicos-da-zona-sul\/"},"modified":"2026-03-03T11:02:05","modified_gmt":"2026-03-03T14:02:05","slug":"reuniao-sobre-o-ama-capao-redondo-e-demais-servicos-da-zona-sul","status":"publish","type":"post","link":"https:\/\/www.encontracapaoredondo.com.br\/sobre\/reuniao-sobre-o-ama-capao-redondo-e-demais-servicos-da-zona-sul\/","title":{"rendered":"Reuni\u00e3o sobre o AMA Cap\u00e3o Redondo e demais servi\u00e7os da zona sul"},"content":{"rendered":"<div class=\"8fb9da09c1a584b185d8cf81e63b5046\" data-index=\"1\" style=\"float: none; margin:0px;\">\n<!-- Anuncio display - global -->\r\n<ins class=\"adsbygoogle\"\r\n     style=\"display:block\"\r\n     data-ad-client=\"ca-pub-8585364105181520\"\r\n     data-ad-slot=\"8789329856\"\r\n     data-ad-format=\"auto\"\r\n     data-full-width-responsive=\"true\"><\/ins>\r\n<script>\r\n     (adsbygoogle = window.adsbygoogle || []).push({});\r\n<\/script>\n<\/div>\n<h2>Objetivos da Reuni\u00e3o sobre o AMA<\/h2>\n<p>A reuni\u00e3o realizada sobre o Ambulat\u00f3rio M\u00e9dico de Cap\u00e3o Redondo (AMA) teve como foco principal a an\u00e1lise e discuss\u00e3o dos servi\u00e7os dispon\u00edveis na regi\u00e3o da zona sul de S\u00e3o Paulo. O objetivo foi avaliar as atuais condi\u00e7\u00f5es de atendimento e identificar oportunidades de melhoria, com \u00eanfase especial no acesso da popula\u00e7\u00e3o aos cuidados de sa\u00fade e na amplia\u00e7\u00e3o dos servi\u00e7os oferecidos.<\/p>\n<h2>Quem Participou do Encontro<\/h2>\n<p>O encontro contou com a presen\u00e7a de diversas autoridades e profissionais da sa\u00fade, que s\u00e3o relevantes para a gest\u00e3o e opera\u00e7\u00e3o do AMA. Entre os participantes estavam:<\/p>\n<ul>\n<li>Sandra Sabino \u2013 Secret\u00e1ria Executiva de SEABEVS<\/li>\n<li>Cleonice de Oliveira Exposito \u2013 Coordenadora Regional de Sa\u00fade Sul<\/li>\n<li>Tiago Chaves \u2013 Coordenador de Infraestrutura e Obras da UCP\/Avan\u00e7a Sa\u00fade<\/li>\n<li>Ivan C\u00e1ceres \u2013 Coordenador da Assessoria Parlamentar e Gest\u00e3o Participativa<\/li>\n<li>Isac F\u00e9lix \u2013 C\u00e2mara Municipal de S\u00e3o Paulo<\/li>\n<li>Eduardo Bezerra \u2013 Assessor do Vereador<\/li>\n<li>Jelson Antonio Sayeg de Siqueira \u2013 ARTESP<\/li>\n<li>Heitor Colombini Filho \u2013 ARTESP<\/li>\n<li>B\u00e1rbara Ramos Coutinho Vicalvi \u2013 ARTESP<\/li>\n<li>Gustavo Henrique Lucas Jaquie \u2013 Motiva<\/li>\n<li>P\u00e2mela Diaz Valdivia \u2013 Motiva<\/li>\n<li>Marcelo Oliveira Garcia \u2013 Motiva<\/li>\n<li>Renato dos Santos Teixeira Greg\u00f3rio &#8211; Motiva<\/li>\n<\/ul>\n<h2>Servi\u00e7os da Zona Sul em Foco<\/h2>\n<p>Neste encontro, foram discutidos os diversos servi\u00e7os disponibilizados na zona sul, incluindo a amplia\u00e7\u00e3o da capacidade dos atendimentos e a melhoria nas condi\u00e7\u00f5es de infraestrutura dos ambulat\u00f3rios. Assim, o objetivo \u00e9 atender de forma mais eficiente as demandas da popula\u00e7\u00e3o local, garantindo que todos tenham acesso a servi\u00e7os de sa\u00fade de qualidade.<\/p>\n<p><img decoding=\"async\" src=\"https:\/\/www.encontracapaoredondo.com.br\/sobre\/wp-content\/uploads\/reuniao-sobre-o-ama-capao-redondo-e-demais-servicos-da-zona-sul.webp\" alt=\"reuni\u00e3o sobre o AMA Cap\u00e3o Redondo\" loading=\"lazy\" \/><\/p>\n<h2>Import\u00e2ncia do AMA para a Comunidade<\/h2>\n<p>O AMA Cap\u00e3o Redondo possui um papel crucial na promo\u00e7\u00e3o da sa\u00fade local. Ele fornece atendimento prim\u00e1rio, que \u00e9 fundamental para a preven\u00e7\u00e3o de doen\u00e7as e a promo\u00e7\u00e3o de sa\u00fade, servindo como um ponto de refer\u00eancia para a comunidade. A car\u00eancia de servi\u00e7os de sa\u00fade na regi\u00e3o demanda uma aten\u00e7\u00e3o especial a tais equipamentos, uma vez que s\u00e3o essenciais para garantir o bem-estar da popula\u00e7\u00e3o.<\/p>\n<h2>A\u00e7\u00f5es Futuras Planejadas<\/h2>\n<p>Durante a reuni\u00e3o, foram planejadas a\u00e7\u00f5es futuras que visam a implementa\u00e7\u00e3o de melhorias nos servi\u00e7os prestados pelo AMA. Dentre as sugest\u00f5es discutidas, estavam:  <\/p>\n<ul>\n<li>Refor\u00e7o na capacita\u00e7\u00e3o de profissionais de sa\u00fade.<\/li>\n<li>Amplia\u00e7\u00e3o da oferta de especialidades m\u00e9dicas no AMA.<\/li>\n<li>Desenvolvimento de campanhas informativas para a popula\u00e7\u00e3o sobre os servi\u00e7os dispon\u00edveis.<\/li>\n<li>Utiliza\u00e7\u00e3o de tecnologia para facilitar o agendamento e o acompanhamento dos atendimentos.<\/li>\n<\/ul>\n<h2>Desafios do Sistema de Sa\u00fade<\/h2>\n<p>A reuni\u00e3o tamb\u00e9m abordou os principais desafios enfrentados pelo sistema de sa\u00fade na regi\u00e3o. Os obst\u00e1culos incluem a superlota\u00e7\u00e3o dos servi\u00e7os, a falta de recursos humanos adequados e a necessidade de melhor infraestrutura. Esses aspectos s\u00e3o cr\u00edticos a serem trabalhados para garantir uma sa\u00fade de qualidade \u00e0 popula\u00e7\u00e3o.<\/p>\n<h2>Colabora\u00e7\u00e3o entre Secretarias<\/h2>\n<p>Outro ponto discutido foi a import\u00e2ncia da colabora\u00e7\u00e3o entre diferentes secretarias e institui\u00e7\u00f5es para o fortalecimento do sistema de sa\u00fade na zona sul. A coopera\u00e7\u00e3o entre os \u00f3rg\u00e3os p\u00fablicos \u00e9 essencial para otimizar recursos e melhorar os servi\u00e7os oferecidos.<\/p>\n<h2>Feedback dos Participantes<\/h2>\n<p>Os participantes tiveram a oportunidade de compartilhar suas opini\u00f5es sobre os servi\u00e7os do AMA e sugerir melhorias. O feedback foi crucial para identificar o que est\u00e1 funcionando bem e o que precisa ser ajustado, criando um di\u00e1logo aberto e construtivo entre os presentes.<\/p>\n<h2>Impacto na Sa\u00fade Local<\/h2>\n<p>As a\u00e7\u00f5es discutidas na reuni\u00e3o t\u00eam um impacto direto na sa\u00fade da comunidade. Melhorias no atendimento e na gest\u00e3o dos servi\u00e7os de sa\u00fade podem levar a resultados significativos em termos de qualidade de vida, acesso a cuidados e redu\u00e7\u00e3o de doen\u00e7as na popula\u00e7\u00e3o.<\/p>\n<h2>Pr\u00f3ximos Eventos e Reuni\u00f5es<\/h2>\n<p>Para garantir a continuidade do trabalho e acompanhamento das a\u00e7\u00f5es discutidas, novas reuni\u00f5es foram agendadas. Esse esfor\u00e7o permite que os participantes monitorem a evolu\u00e7\u00e3o das propostas e ajustem as a\u00e7\u00f5es conforme necess\u00e1rio, mantendo o foco na sa\u00fade da popula\u00e7\u00e3o da zona sul.<\/p>\n\n<div style=\"font-size: 0px; height: 0px; line-height: 0px; margin: 0; padding: 0; clear: both;\"><\/div>","protected":false},"excerpt":{"rendered":"<p>A reuni\u00e3o sobre o AMA Cap\u00e3o Redondo discutiu servi\u00e7os essenciais da zona sul.<\/p>\n","protected":false},"author":1,"featured_media":2684,"comment_status":"open","ping_status":"closed","sticky":false,"template":"","format":"standard","meta":{"footnotes":""},"categories":[6],"tags":[],"class_list":["post-2685","post","type-post","status-publish","format-standard","has-post-thumbnail","hentry","category-noticias-no-capao-redondo","has_thumb"],"aioseo_notices":[],"_links":{"self":[{"href":"https:\/\/www.encontracapaoredondo.com.br\/sobre\/wp-json\/wp\/v2\/posts\/2685","targetHints":{"allow":["GET"]}}],"collection":[{"href":"https:\/\/www.encontracapaoredondo.com.br\/sobre\/wp-json\/wp\/v2\/posts"}],"about":[{"href":"https:\/\/www.encontracapaoredondo.com.br\/sobre\/wp-json\/wp\/v2\/types\/post"}],"author":[{"embeddable":true,"href":"https:\/\/www.encontracapaoredondo.com.br\/sobre\/wp-json\/wp\/v2\/users\/1"}],"replies":[{"embeddable":true,"href":"https:\/\/www.encontracapaoredondo.com.br\/sobre\/wp-json\/wp\/v2\/comments?post=2685"}],"version-history":[{"count":0,"href":"https:\/\/www.encontracapaoredondo.com.br\/sobre\/wp-json\/wp\/v2\/posts\/2685\/revisions"}],"wp:featuredmedia":[{"embeddable":true,"href":"https:\/\/www.encontracapaoredondo.com.br\/sobre\/wp-json\/wp\/v2\/media\/2684"}],"wp:attachment":[{"href":"https:\/\/www.encontracapaoredondo.com.br\/sobre\/wp-json\/wp\/v2\/media?parent=2685"}],"wp:term":[{"taxonomy":"category","embeddable":true,"href":"https:\/\/www.encontracapaoredondo.com.br\/sobre\/wp-json\/wp\/v2\/categories?post=2685"},{"taxonomy":"post_tag","embeddable":true,"href":"https:\/\/www.encontracapaoredondo.com.br\/sobre\/wp-json\/wp\/v2\/tags?post=2685"}],"curies":[{"name":"wp","href":"https:\/\/api.w.org\/{rel}","templated":true}]}}