{"id":2673,"date":"2026-02-27T10:54:41","date_gmt":"2026-02-27T13:54:41","guid":{"rendered":"https:\/\/www.encontracapaoredondo.com.br\/sobre\/noticias-ao-vivo-do-brasil-e-do-mundo\/"},"modified":"2026-02-27T10:54:41","modified_gmt":"2026-02-27T13:54:41","slug":"noticias-ao-vivo-do-brasil-e-do-mundo","status":"publish","type":"post","link":"https:\/\/www.encontracapaoredondo.com.br\/sobre\/noticias-ao-vivo-do-brasil-e-do-mundo\/","title":{"rendered":"Not\u00edcias Ao Vivo do Brasil e do Mundo"},"content":{"rendered":"<div class=\"8fb9da09c1a584b185d8cf81e63b5046\" data-index=\"1\" style=\"float: none; margin:0px;\">\n<!-- Anuncio display - global -->\r\n<ins class=\"adsbygoogle\"\r\n     style=\"display:block\"\r\n     data-ad-client=\"ca-pub-8585364105181520\"\r\n     data-ad-slot=\"8789329856\"\r\n     data-ad-format=\"auto\"\r\n     data-full-width-responsive=\"true\"><\/ins>\r\n<script>\r\n     (adsbygoogle = window.adsbygoogle || []).push({});\r\n<\/script>\n<\/div>\n<h2>Atualiza\u00e7\u00f5es ao Vivo sobre Pol\u00edtica<\/h2>\n<p>A pol\u00edtica no Brasil tem estado em constante ebuli\u00e7\u00e3o, com eventos que impactam diretamente a sociedade. Entre as not\u00edcias mais recentes, destaca-se o falecimento de um policial militar em S\u00e3o Paulo, que foi atropelado por um motorista. A trag\u00e9dia ocorreu no dia 22 de fevereiro de 2026 e gerou indigna\u00e7\u00e3o e questionamentos sobre a seguran\u00e7a nas ruas e a postura dos motoristas. O caso \u00e9 um lembrete da fragilidade das vidas que est\u00e3o na linha de frente do servi\u00e7o p\u00fablico.<\/p>\n<h2>Conflitos e Resolu\u00e7\u00f5es Internacional<\/h2>\n<p>No cen\u00e1rio internacional, conflitos continuam a dominar as manchetes, desde a guerra na Ucr\u00e2nia at\u00e9 tens\u00f5es no Oriente M\u00e9dio. Essas situa\u00e7\u00f5es n\u00e3o apenas afetam os pa\u00edses diretamente envolvidos, mas tamb\u00e9m t\u00eam repercuss\u00f5es globais, instigando discuss\u00f5es sobre a necessidade de resolu\u00e7\u00e3o pac\u00edfica e diplom\u00e1tica. A comunidade internacional observa atentamente, com diversas na\u00e7\u00f5es tentando mediadores e buscando formas de interven\u00e7\u00e3o.<\/p>\n<h2>A Economia em Quest\u00e3o<\/h2>\n<p>A economia brasileira enfrenta desafios significativos, com not\u00edcias recorrentes sobre a instabilidade do mercado e as pol\u00edticas econ\u00f4micas do governo atual. O Banco Central tem sido um ator chave, tentando controlar a infla\u00e7\u00e3o e estabilizar a moeda nacional. As decis\u00f5es tomadas refletem uma tentativa de equilibrar crescimento e estabilidade econ\u00f4mica. Contudo, o impacto dessas pol\u00edticas frequentemente se traduz em debates intensos entre especialistas e cidad\u00e3os.<\/p>\n<p><img decoding=\"async\" src=\"https:\/\/www.encontracapaoredondo.com.br\/sobre\/wp-content\/uploads\/noticias-ao-vivo-do-brasil-e-do-mundo.webp\" alt=\"CNN Brasil\" loading=\"lazy\" \/><\/p>\n<h2>Esporte e Pol\u00edtica: Uma Rela\u00e7\u00e3o Intrigante<\/h2>\n<p>Os eventos esportivos no Brasil, como os Jogos Ol\u00edmpicos e o futebol, frequentemente se intersectam com a pol\u00edtica. Mais recentemente, a morte de um PM durante uma tentativa de assalto em pleno jogo de futebol causou alvoro\u00e7o nas redes sociais, trazendo \u00e0 tona discuss\u00f5es sobre a seguran\u00e7a p\u00fablica, tanto em est\u00e1dios quanto em locais de grande circula\u00e7\u00e3o de pessoas. Essa intersec\u00e7\u00e3o entre esporte e pol\u00edtica continua a ser um tema relevante na sociedade.<\/p>\n<h2>Os Impactos Sociais das Decis\u00f5es Governamentais<\/h2>\n<p>Cada decis\u00e3o do governo tem o potencial de impactar profundamente a vida dos cidad\u00e3os. A recente pris\u00e3o de um PM que atuou em um caso de extors\u00e3o e roubo destaca quest\u00f5es de corrup\u00e7\u00e3o dentro das for\u00e7as de seguran\u00e7a e a necessidade de reformas abrangentes. A resposta da popula\u00e7\u00e3o varia, mas a confian\u00e7a nas institui\u00e7\u00f5es \u00e9 frequentemente testada.<\/p>\n<h2>An\u00e1lises das Elei\u00e7\u00f5es em Andamento<\/h2>\n<p>As pr\u00f3ximas elei\u00e7\u00f5es est\u00e3o se aproximando, e com elas v\u00eam intensos debates sobre candidatos, propostas e a validade de promessas eleitorais. A defesa de Lulinha em rela\u00e7\u00e3o a alega\u00e7\u00f5es de quebra de sigilo \u00e9 uma ilustra\u00e7\u00e3o de como a pol\u00edtica pode ser moldada por narrativas p\u00fablicas. An\u00e1lises sobre a condu\u00e7\u00e3o das campanhas e o engajamento dos eleitores s\u00e3o mais relevantes do que nunca.<\/p>\n<h2>Cobertura Especial sobre Crises<\/h2>\n<p>A cobertura da m\u00eddia sobre crises, como a que atingiu o estado do Rio de Janeiro com o an\u00fancio da morte de um PM de folga, indica a import\u00e2ncia de um jornalismo respons\u00e1vel e baseado em fatos. Essas ocasi\u00f5es exigem uma abordagem cr\u00edtica e cuidadosa para entender as causas e consequ\u00eancias das trag\u00e9dias, al\u00e9m de promover a discuss\u00e3o sobre medidas preventivas.<\/p>\n<h2>Tend\u00eancias de M\u00eddia e Informa\u00e7\u00e3o<\/h2>\n<p>A maneira como a informa\u00e7\u00e3o \u00e9 disseminada tem mudado dramaticamente, especialmente com a ascens\u00e3o das redes sociais. O papel da CNN Brasil, como uma das principais fontes de informa\u00e7\u00e3o, \u00e9 desafiar a desinforma\u00e7\u00e3o ao mesmo tempo em que fornece an\u00e1lises profundas sobre assuntos variados, desde economia a pol\u00edcia.<\/p>\n<h2>O Papel da \u00c9tica no Jornalismo<\/h2>\n<p>Com a r\u00e1pida dissemina\u00e7\u00e3o de informa\u00e7\u00f5es, a \u00e9tica no jornalismo se tornou um t\u00f3pico crucial. O compromisso com a verdade e a responsabilidade \u00e9 algo que organiza\u00e7\u00f5es de m\u00eddia devem sempre ter em mente. Os profissionais da CNN Brasil, por exemplo, trabalham para garantir que a informa\u00e7\u00e3o que veiculam seja precisa e verificada, promovendo um espa\u00e7o para discuss\u00f5es saud\u00e1veis.<\/p>\n<h2>Cidadania e Participa\u00e7\u00e3o P\u00fablica<\/h2>\n<p>A cidadania ativa \u00e9 fundamental para o funcionamento da democracia. Iniciativas que incentivam a participa\u00e7\u00e3o dos cidad\u00e3os em discuss\u00f5es pol\u00edticas, como f\u00f3runs abertos e plataformas digitais, ajudam a fortalecer a sociedade civil. Eventos recentes demonstram que a voz da popula\u00e7\u00e3o pode, de fato, influenciar pol\u00edticas p\u00fablicas e decis\u00f5es governamentais.<\/p>\n\n<div style=\"font-size: 0px; height: 0px; line-height: 0px; margin: 0; padding: 0; clear: both;\"><\/div>","protected":false},"excerpt":{"rendered":"<p>CNN Brasil traz fatos impactantes da pol\u00edtica nacional e internacional.<\/p>\n","protected":false},"author":1,"featured_media":2672,"comment_status":"open","ping_status":"closed","sticky":false,"template":"","format":"standard","meta":{"footnotes":""},"categories":[6],"tags":[],"class_list":["post-2673","post","type-post","status-publish","format-standard","has-post-thumbnail","hentry","category-noticias-no-capao-redondo","has_thumb"],"aioseo_notices":[],"_links":{"self":[{"href":"https:\/\/www.encontracapaoredondo.com.br\/sobre\/wp-json\/wp\/v2\/posts\/2673","targetHints":{"allow":["GET"]}}],"collection":[{"href":"https:\/\/www.encontracapaoredondo.com.br\/sobre\/wp-json\/wp\/v2\/posts"}],"about":[{"href":"https:\/\/www.encontracapaoredondo.com.br\/sobre\/wp-json\/wp\/v2\/types\/post"}],"author":[{"embeddable":true,"href":"https:\/\/www.encontracapaoredondo.com.br\/sobre\/wp-json\/wp\/v2\/users\/1"}],"replies":[{"embeddable":true,"href":"https:\/\/www.encontracapaoredondo.com.br\/sobre\/wp-json\/wp\/v2\/comments?post=2673"}],"version-history":[{"count":0,"href":"https:\/\/www.encontracapaoredondo.com.br\/sobre\/wp-json\/wp\/v2\/posts\/2673\/revisions"}],"wp:featuredmedia":[{"embeddable":true,"href":"https:\/\/www.encontracapaoredondo.com.br\/sobre\/wp-json\/wp\/v2\/media\/2672"}],"wp:attachment":[{"href":"https:\/\/www.encontracapaoredondo.com.br\/sobre\/wp-json\/wp\/v2\/media?parent=2673"}],"wp:term":[{"taxonomy":"category","embeddable":true,"href":"https:\/\/www.encontracapaoredondo.com.br\/sobre\/wp-json\/wp\/v2\/categories?post=2673"},{"taxonomy":"post_tag","embeddable":true,"href":"https:\/\/www.encontracapaoredondo.com.br\/sobre\/wp-json\/wp\/v2\/tags?post=2673"}],"curies":[{"name":"wp","href":"https:\/\/api.w.org\/{rel}","templated":true}]}}