{"id":2657,"date":"2026-02-20T10:43:19","date_gmt":"2026-02-20T13:43:19","guid":{"rendered":"https:\/\/www.encontracapaoredondo.com.br\/sobre\/temporal-deixa-81-mil-sem-luz-causa-alagamentos-e-derruba-arvores-em-sao-paulo\/"},"modified":"2026-02-20T10:43:19","modified_gmt":"2026-02-20T13:43:19","slug":"temporal-deixa-81-mil-sem-luz-causa-alagamentos-e-derruba-arvores-em-sao-paulo","status":"publish","type":"post","link":"https:\/\/www.encontracapaoredondo.com.br\/sobre\/temporal-deixa-81-mil-sem-luz-causa-alagamentos-e-derruba-arvores-em-sao-paulo\/","title":{"rendered":"Temporal deixa 81 mil sem luz, causa alagamentos e derruba \u00e1rvores em S\u00e3o Paulo"},"content":{"rendered":"<div class=\"8fb9da09c1a584b185d8cf81e63b5046\" data-index=\"1\" style=\"float: none; margin:0px;\">\n<!-- Anuncio display - global -->\r\n<ins class=\"adsbygoogle\"\r\n     style=\"display:block\"\r\n     data-ad-client=\"ca-pub-8585364105181520\"\r\n     data-ad-slot=\"8789329856\"\r\n     data-ad-format=\"auto\"\r\n     data-full-width-responsive=\"true\"><\/ins>\r\n<script>\r\n     (adsbygoogle = window.adsbygoogle || []).push({});\r\n<\/script>\n<\/div>\n<h2>Alerta de Chuva Forte<\/h2>\n<p>No in\u00edcio da tarde do dia 27 de janeiro de 2026, a cidade de S\u00e3o Paulo recebeu um alerta grave da Defesa Civil devido \u00e0 aproxima\u00e7\u00e3o de um intenso temporal. O aviso visava diferentes regi\u00f5es da capital e indicava a possibilidade de chuvas torrenciais, acompanhadas por raios, ventos fortes e at\u00e9 granizo. Essa previs\u00e3o gerou preocupa\u00e7\u00f5es imediatas, com as autoridades alertando a popula\u00e7\u00e3o sobre os riscos de alagamentos e deslizamentos de terra.<\/p>\n<h2>Impactos na Infraestrutura<\/h2>\n<p>As consequ\u00eancias do temporal foram significativas. O forte volume de chuvas resultou em 81 mil consumidores sem energia el\u00e9trica, a maior parte deles na cidade de S\u00e3o Paulo. A distribuidora Enel confirmou o desligamento em v\u00e1rias \u00e1reas, incluindo algumas onde funcion\u00e1rios estavam trabalhando e enfrentaram situa\u00e7\u00f5es perigosas. Al\u00e9m da falta de luz, a tempestade causou inunda\u00e7\u00f5es em diversas vias, resultando em interrup\u00e7\u00f5es significativas na mobilidade urbana.<\/p>\n<h2>A\u00e7\u00f5es da Defesa Civil<\/h2>\n<p>A Defesa Civil n\u00e3o apenas emitiu o alerta, mas tamb\u00e9m monitorou constantemente a situa\u00e7\u00e3o nas regi\u00f5es mais afetadas. Ao longo da tarde, equipes de emerg\u00eancia foram mobilizadas para responder a incidentes como quedas de \u00e1rvores e at\u00e9 desabamentos que ocorreram durante a tempestade. O \u00f3rg\u00e3o se preparou para agir rapidamente diante de qualquer eventualidade, destacando a import\u00e2ncia de seguir as recomenda\u00e7\u00f5es de seguran\u00e7a.<\/p>\n<p><img decoding=\"async\" src=\"https:\/\/www.encontracapaoredondo.com.br\/sobre\/wp-content\/uploads\/temporal-deixa-81-mil-sem-luz-causa-alagamentos-e-derruba-arvores-em-sao-paulo.webp\" alt=\"temporal em S\u00e3o Paulo\" loading=\"lazy\" \/><\/p>\n<h2>Situa\u00e7\u00e3o das Linhas de Energia<\/h2>\n<p>Relatos da situa\u00e7\u00e3o das linhas de energia s\u00e3o preocupantes. Com o encerramento do estado de aten\u00e7\u00e3o \u00e0s 16h45, ainda persistiam cerca de 50,5 mil resid\u00eancias sem energia, das quais 41,9 mil estavam na capital. A situa\u00e7\u00e3o deixou muitos moradores angustiados, e a distribuidora enfatizou que a maioria das interrup\u00e7\u00f5es era decorrente de problemas causados pelo pr\u00f3prio clima severo.<\/p>\n<h2>N\u00famero de Alagamentos<\/h2>\n<p>At\u00e9 as 21h, o Centro de Gerenciamento de Emerg\u00eancias (CGE) registrou nada menos que 18 pontos de alagamento. Desses, 16 eram considerados intransit\u00e1veis, incluindo \u00e1reas famosas como a marginal Pinheiros. S\u00e3o Paulo, uma cidade conhecida por seus problemas de drenagem, mais uma vez enfrentou a dura realidade dos alagamentos, que dificultou o deslocamento e causou preju\u00edzos aos motoristas.<\/p>\n<h2>Regi\u00f5es Mais Afetadas<\/h2>\n<p>Dentre as v\u00e1rias \u00e1reas afetadas, algumas se destacaram devido \u00e0 severidade dos danos. Na zona sul, por exemplo, a marginal Pinheiros, no sentido Interlagos, e a avenida Guarapiranga, na Capela do Socorro, enfrentaram bloqueios significativos. No centro, havia registros de alagamentos nas avenidas Presidente Castello Branco e nas rotat\u00f3rias mais movimentadas. A coleta de dados precisou ser intensificada para mapear as \u00e1reas cr\u00edticas.<\/p>\n<h2>Resposta dos Servi\u00e7os de Emerg\u00eancia<\/h2>\n<p>Os servi\u00e7os de emerg\u00eancia, incluindo o Corpo de Bombeiros, foram solicitados mais de 30 vezes ao longo da tarde, lidando com casos de quedas de \u00e1rvores e outros acidentes relacionados \u00e0s condi\u00e7\u00f5es clim\u00e1ticas adversas. Reportes inclu\u00edram um desabamento de muro na zona sul, complicando ainda mais a situa\u00e7\u00e3o na cidade que j\u00e1 lidava com a intensidade do tempo.<\/p>\n<h2>Informa\u00e7\u00f5es sobre V\u00edtimas<\/h2>\n<p>Infelizmente, o temporal causou perda de vidas, intensificando a trag\u00e9dia do dia. Entre os casos mais chocantes, a morte de um funcion\u00e1rio da Enel, que estava executando servi\u00e7os e foi v\u00edtima de uma descarga el\u00e9trica, dominou as not\u00edcias. A companhia e a Defesa Civil lamentaram profundamente a situa\u00e7\u00e3o e garantiram que iriam fornecer apoio \u00e0 fam\u00edlia da v\u00edtima.<\/p>\n<h2>Previs\u00f5es Meteorol\u00f3gicas<\/h2>\n<p>O CGE alertou que as condi\u00e7\u00f5es clim\u00e1ticas poderiam persistir, com mais chuvas esperadas para a quarta-feira, 28 de janeiro. A previs\u00e3o indicava que a chegada da brisa mar\u00edtima aumentaria a nebulosidade, trazendo novas pancadas de chuva. Com temperaturas variando entre 18\u00b0C e 30\u00b0C, a umidade relativa do ar se manteria em n\u00edveis elevados, sinalizando dias dif\u00edceis adiante.<\/p>\n<h2>Dicas de Seguran\u00e7a em Temporais<\/h2>\n<p>Em situa\u00e7\u00f5es como a vivida em S\u00e3o Paulo, as recomenda\u00e7\u00f5es de seguran\u00e7a s\u00e3o fundamentais. Para garantir a seguran\u00e7a, os cidad\u00e3os devem evitar sair de casa durante tempestades severas, n\u00e3o tentar atravessar ruas alagadas e acompanhar as atualiza\u00e7\u00f5es das autoridades locais. Se poss\u00edvel, busque abrigo em locais seguros e mantenha-se informado atrav\u00e9s de meios de comunica\u00e7\u00e3o confi\u00e1veis. Al\u00e9m disso, \u00e9 sempre \u00fatil ter um kit de emerg\u00eancia preparado.<\/p>\n\n<div style=\"font-size: 0px; height: 0px; line-height: 0px; margin: 0; padding: 0; clear: both;\"><\/div>","protected":false},"excerpt":{"rendered":"<p>S\u00e3o Paulo enfrenta grave emerg\u00eancia ap\u00f3s temporal que deixou mil em estado cr\u00edtico.<\/p>\n","protected":false},"author":1,"featured_media":2656,"comment_status":"open","ping_status":"closed","sticky":false,"template":"","format":"standard","meta":{"footnotes":""},"categories":[6],"tags":[],"class_list":["post-2657","post","type-post","status-publish","format-standard","has-post-thumbnail","hentry","category-noticias-no-capao-redondo","has_thumb"],"aioseo_notices":[],"_links":{"self":[{"href":"https:\/\/www.encontracapaoredondo.com.br\/sobre\/wp-json\/wp\/v2\/posts\/2657","targetHints":{"allow":["GET"]}}],"collection":[{"href":"https:\/\/www.encontracapaoredondo.com.br\/sobre\/wp-json\/wp\/v2\/posts"}],"about":[{"href":"https:\/\/www.encontracapaoredondo.com.br\/sobre\/wp-json\/wp\/v2\/types\/post"}],"author":[{"embeddable":true,"href":"https:\/\/www.encontracapaoredondo.com.br\/sobre\/wp-json\/wp\/v2\/users\/1"}],"replies":[{"embeddable":true,"href":"https:\/\/www.encontracapaoredondo.com.br\/sobre\/wp-json\/wp\/v2\/comments?post=2657"}],"version-history":[{"count":0,"href":"https:\/\/www.encontracapaoredondo.com.br\/sobre\/wp-json\/wp\/v2\/posts\/2657\/revisions"}],"wp:featuredmedia":[{"embeddable":true,"href":"https:\/\/www.encontracapaoredondo.com.br\/sobre\/wp-json\/wp\/v2\/media\/2656"}],"wp:attachment":[{"href":"https:\/\/www.encontracapaoredondo.com.br\/sobre\/wp-json\/wp\/v2\/media?parent=2657"}],"wp:term":[{"taxonomy":"category","embeddable":true,"href":"https:\/\/www.encontracapaoredondo.com.br\/sobre\/wp-json\/wp\/v2\/categories?post=2657"},{"taxonomy":"post_tag","embeddable":true,"href":"https:\/\/www.encontracapaoredondo.com.br\/sobre\/wp-json\/wp\/v2\/tags?post=2657"}],"curies":[{"name":"wp","href":"https:\/\/api.w.org\/{rel}","templated":true}]}}