{"id":2655,"date":"2026-02-20T10:41:48","date_gmt":"2026-02-20T13:41:48","guid":{"rendered":"https:\/\/www.encontracapaoredondo.com.br\/sobre\/menina-autista-que-era-deixada-em-quarto-sujo-pela-mae-e-acolhida-pela-avo\/"},"modified":"2026-02-20T10:41:48","modified_gmt":"2026-02-20T13:41:48","slug":"menina-autista-que-era-deixada-em-quarto-sujo-pela-mae-e-acolhida-pela-avo","status":"publish","type":"post","link":"https:\/\/www.encontracapaoredondo.com.br\/sobre\/menina-autista-que-era-deixada-em-quarto-sujo-pela-mae-e-acolhida-pela-avo\/","title":{"rendered":"Menina autista que era deixada em quarto sujo pela m\u00e3e \u00e9 acolhida pela av\u00f3"},"content":{"rendered":"<div class=\"8fb9da09c1a584b185d8cf81e63b5046\" data-index=\"1\" style=\"float: none; margin:0px;\">\n<!-- Anuncio display - global -->\r\n<ins class=\"adsbygoogle\"\r\n     style=\"display:block\"\r\n     data-ad-client=\"ca-pub-8585364105181520\"\r\n     data-ad-slot=\"8789329856\"\r\n     data-ad-format=\"auto\"\r\n     data-full-width-responsive=\"true\"><\/ins>\r\n<script>\r\n     (adsbygoogle = window.adsbygoogle || []).push({});\r\n<\/script>\n<\/div>\n<h2>A Situa\u00e7\u00e3o Preocupante da Menina Autista<\/h2>\n<p>No bairro do Cap\u00e3o Redondo, situado na zona sul de <strong>S\u00e3o Paulo<\/strong>, um caso alarmante de maus-tratos recentemente veio \u00e0 tona. Uma menina de apenas 7 anos, diagnosticada com autismo, foi descoberta em um estado deplor\u00e1vel dentro de sua pr\u00f3pria casa. Ela estava trancada em um quarto escuro e sujo, sem cuidados adequados, por um per\u00edodo que se estimava em mais de um ano.<\/p>\n<p>A den\u00fancia an\u00f4nima que revelou a situa\u00e7\u00e3o da crian\u00e7a foi feita ao Conselho Tutelar, passando a mobilizar esfor\u00e7os das autoridades para resgatar a menina e garantir sua seguran\u00e7a.<\/p>\n<h2>O Papel do Conselho Tutelar no Resgate<\/h2>\n<p>O Conselho Tutelar desempenhou um papel fundamental na averigua\u00e7\u00e3o da den\u00fancia. Em conjunto com a Guarda Civil Metropolitana (GCM), os conselheiros tutelares realizaram uma opera\u00e7\u00e3o coordenada para libertar a menina. Ao chegarem \u00e0 resid\u00eancia, encontraram a crian\u00e7a descal\u00e7a e com hematomas, indicativos vis\u00edveis de maus-tratos.<\/p>\n<p><img decoding=\"async\" src=\"https:\/\/www.encontracapaoredondo.com.br\/sobre\/wp-content\/uploads\/menina-autista-que-era-deixada-em-quarto-sujo-pela-mae-e-acolhida-pela-avo.webp\" alt=\"menina autista\" loading=\"lazy\" \/><\/p>\n<p>A a\u00e7\u00e3o r\u00e1pida e articulada das autoridades foi essencial para que a menina recebesse atendimento m\u00e9dico imediato, iniciando assim o processo de recupera\u00e7\u00e3o e acolhimento.<\/p>\n<h2>Condi\u00e7\u00f5es Degradantes e Maus-Tratos<\/h2>\n<p>As condi\u00e7\u00f5es em que a crian\u00e7a foi encontrada eram alarmantes. O ambiente estava repleto de lixo e entulhos, e o acesso ao quarto era dificultado por mato alto. Durante a opera\u00e7\u00e3o de resgate, alguns dos agentes se feriram devido \u00e0 precariedade do local. A situa\u00e7\u00e3o da menina despertou indigna\u00e7\u00e3o na comunidade e trouxe \u00e0 tona quest\u00f5es sobre a neglig\u00eancia em rela\u00e7\u00e3o aos cuidados de crian\u00e7as com necessidades especiais.<\/p>\n<h2>A Pris\u00e3o da M\u00e3e e Seus Motivos<\/h2>\n<p>Como resultado imediato da a\u00e7\u00e3o, a m\u00e3e da menina foi presa em flagrante sob as acusa\u00e7\u00f5es de c\u00e1rcere privado e abandono de incapaz. Sua pris\u00e3o gerou um debate sobre os fatores que podem levar um respons\u00e1vel a negligenciar t\u00e3o gravemente o bem-estar de uma crian\u00e7a, especialmente considerando a fragilidade do estado da filha.<\/p>\n<h2>As Consequ\u00eancias Legais para os Envolvidos<\/h2>\n<p>As consequ\u00eancias legais para a m\u00e3e v\u00e3o al\u00e9m do encarceramento. Ela enfrentar\u00e1 um processo que pode culminar em severas puni\u00e7\u00f5es e um poss\u00edvel afastamento definitivo da cust\u00f3dia da filha. O caso ser\u00e1 analisado pela Justi\u00e7a, que ir\u00e1 determinar os pr\u00f3ximos passos baseados nas evid\u00eancias coletadas e no depoimento da menina e outros envolvidos.<\/p>\n<h2>O Acolhimento pela Av\u00f3: Uma Luz de Esperan\u00e7a<\/h2>\n<p>Ap\u00f3s o resgate, a menina foi acolhida por sua av\u00f3 materna, que foi a primeira a reportar o seu desaparecimento. Este acolhimento representa uma nova oportunidade e esperan\u00e7a para a crian\u00e7a, que agora poder\u00e1 receber os cuidados adequados e o amor que lhe foi negado por tanto tempo. A av\u00f3 est\u00e1 atualmente acompanhando o processo judicial, esperando pela decis\u00e3o sobre a guarda definitiva da neta.<\/p>\n<h2>A Repercuss\u00e3o na Comunidade<\/h2>\n<p>O caso gerou ampla repercuss\u00e3o na comunidade local e nas redes sociais, levantando discuss\u00f5es sobre a neglig\u00eancia familiar e a import\u00e2ncia de se ter um olhar atento \u00e0s condi\u00e7\u00f5es de crian\u00e7as com necessidades especiais. Muitas pessoas se mobilizaram para oferecer apoio \u00e0 menina e \u00e0 av\u00f3, refletindo a solidariedade que pode surgir em contextos de crise.<\/p>\n<h2>Evitar o Negligenciamento em Crian\u00e7as<\/h2>\n<p>Este triste epis\u00f3dio ressalta a necessidade urgente de pol\u00edticas p\u00fablicas mais eficazes no aux\u00edlio a fam\u00edlias que cuidam de crian\u00e7as com autismo e outras necessidades especiais. As autoridades devem implementar programas de conscientiza\u00e7\u00e3o e suporte para prevenir que esses casos de neglig\u00eancia ocorram. A educa\u00e7\u00e3o e o apoio psicol\u00f3gico para os respons\u00e1veis s\u00e3o essenciais para garantir o bem-estar das crian\u00e7as.<\/p>\n<h2>A Import\u00e2ncia das Den\u00fancias An\u00f4nimas<\/h2>\n<p>No Brasil, as den\u00fancias an\u00f4nimas t\u00eam se mostrado uma ferramenta crucial na prote\u00e7\u00e3o de crian\u00e7as em situa\u00e7\u00f5es de risco. A capacidade da popula\u00e7\u00e3o de denunciar abusos e neglig\u00eancia pode salvar vidas e proporcionar rescates a jovens vulner\u00e1veis. \u00c9 vital que as comunidades continuem incentivando a notifica\u00e7\u00e3o de suspeitas de maus-tratos.<\/p>\n<h2>A Busca por Justi\u00e7a e Prote\u00e7\u00e3o das Crian\u00e7as<\/h2>\n<p>O caso da menina autista \u00e9 um lembrete sombrio da realidade vivida por muitas crian\u00e7as em situa\u00e7\u00e3o de vulnerabilidade. A busca por justi\u00e7a deve ser uma prioridade e requer a colabora\u00e7\u00e3o entre autoridades, comunidade, e servi\u00e7os sociais. O sistema judici\u00e1rio precisa agir com rapidez e efici\u00eancia para proteger os direitos das crian\u00e7as e garantir que epis\u00f3dios como esse n\u00e3o se repitam.<\/p>\n\n<div style=\"font-size: 0px; height: 0px; line-height: 0px; margin: 0; padding: 0; clear: both;\"><\/div>","protected":false},"excerpt":{"rendered":"<p>Menina autista \u00e9 resgatada de condi\u00e7\u00f5es deplor\u00e1veis pela av\u00f3 e busca por justi\u00e7a.<\/p>\n","protected":false},"author":1,"featured_media":2654,"comment_status":"open","ping_status":"closed","sticky":false,"template":"","format":"standard","meta":{"footnotes":""},"categories":[6],"tags":[],"class_list":["post-2655","post","type-post","status-publish","format-standard","has-post-thumbnail","hentry","category-noticias-no-capao-redondo","has_thumb"],"aioseo_notices":[],"_links":{"self":[{"href":"https:\/\/www.encontracapaoredondo.com.br\/sobre\/wp-json\/wp\/v2\/posts\/2655","targetHints":{"allow":["GET"]}}],"collection":[{"href":"https:\/\/www.encontracapaoredondo.com.br\/sobre\/wp-json\/wp\/v2\/posts"}],"about":[{"href":"https:\/\/www.encontracapaoredondo.com.br\/sobre\/wp-json\/wp\/v2\/types\/post"}],"author":[{"embeddable":true,"href":"https:\/\/www.encontracapaoredondo.com.br\/sobre\/wp-json\/wp\/v2\/users\/1"}],"replies":[{"embeddable":true,"href":"https:\/\/www.encontracapaoredondo.com.br\/sobre\/wp-json\/wp\/v2\/comments?post=2655"}],"version-history":[{"count":0,"href":"https:\/\/www.encontracapaoredondo.com.br\/sobre\/wp-json\/wp\/v2\/posts\/2655\/revisions"}],"wp:featuredmedia":[{"embeddable":true,"href":"https:\/\/www.encontracapaoredondo.com.br\/sobre\/wp-json\/wp\/v2\/media\/2654"}],"wp:attachment":[{"href":"https:\/\/www.encontracapaoredondo.com.br\/sobre\/wp-json\/wp\/v2\/media?parent=2655"}],"wp:term":[{"taxonomy":"category","embeddable":true,"href":"https:\/\/www.encontracapaoredondo.com.br\/sobre\/wp-json\/wp\/v2\/categories?post=2655"},{"taxonomy":"post_tag","embeddable":true,"href":"https:\/\/www.encontracapaoredondo.com.br\/sobre\/wp-json\/wp\/v2\/tags?post=2655"}],"curies":[{"name":"wp","href":"https:\/\/api.w.org\/{rel}","templated":true}]}}