{"id":2641,"date":"2026-02-16T11:03:18","date_gmt":"2026-02-16T14:03:18","guid":{"rendered":"https:\/\/www.encontracapaoredondo.com.br\/sobre\/menina-de-8-anos-com-deficiencia-e-resgatada-de-maus\/"},"modified":"2026-02-16T11:03:18","modified_gmt":"2026-02-16T14:03:18","slug":"menina-de-8-anos-com-deficiencia-e-resgatada-de-maus","status":"publish","type":"post","link":"https:\/\/www.encontracapaoredondo.com.br\/sobre\/menina-de-8-anos-com-deficiencia-e-resgatada-de-maus\/","title":{"rendered":"Menina de 8 anos com defici\u00eancia \u00e9 resgatada de maus"},"content":{"rendered":"<div class=\"8fb9da09c1a584b185d8cf81e63b5046\" data-index=\"1\" style=\"float: none; margin:0px;\">\n<!-- Anuncio display - global -->\r\n<ins class=\"adsbygoogle\"\r\n     style=\"display:block\"\r\n     data-ad-client=\"ca-pub-8585364105181520\"\r\n     data-ad-slot=\"8789329856\"\r\n     data-ad-format=\"auto\"\r\n     data-full-width-responsive=\"true\"><\/ins>\r\n<script>\r\n     (adsbygoogle = window.adsbygoogle || []).push({});\r\n<\/script>\n<\/div>\n<h2>O Resgate da Menina<\/h2>\n<p>Na noite de quinta-feira, 12 de fevereiro de 2026, ocorreu um resgate angustiante no bairro Jardim Clarice, situado na regi\u00e3o do Cap\u00e3o Redondo, zona sul de S\u00e3o Paulo. Uma menina de apenas 8 anos, que possui defici\u00eancia intelectual, foi encontrada vivendo em condi\u00e7\u00f5es desumanas de maus-tratos e situa\u00e7\u00e3o de c\u00e1rcere privado. O ato heroico de salvar essa crian\u00e7a foi realizado pela Guarda Civil Metropolitana, que agiu prontamente ap\u00f3s receber uma den\u00fancia an\u00f4nima sobre as condi\u00e7\u00f5es em que a menina se encontrava.<\/p>\n<h2>Den\u00fancias An\u00f4nimas<\/h2>\n<p>A den\u00fancia que possibilitou o resgate foi feita de forma an\u00f4nima ao Conselho Tutelar, que prontamente chamou a Guarda Civil. Essa a\u00e7\u00e3o destaca a import\u00e2ncia da conscientiza\u00e7\u00e3o da popula\u00e7\u00e3o sobre situa\u00e7\u00f5es de abuso e neglig\u00eancia, uma vez que a interven\u00e7\u00e3o da comunidade pode resultar em salvamentos como este. Sem o alerta de um cidad\u00e3o atento, a situa\u00e7\u00e3o da crian\u00e7a poderia ter se agravado ainda mais, comprometendo sua sa\u00fade e bem-estar.<\/p>\n<h2>Interven\u00e7\u00e3o do Conselho Tutelar<\/h2>\n<p>Ao chegarem \u00e0 resid\u00eancia, os agentes da Guarda Civil Metropolitana enfrentaram resist\u00eancia por parte da m\u00e3e da menina, que negou a presen\u00e7a da filha no local. Contudo, a perspic\u00e1cia dos agentes e o empenho em buscar a verdade prevaleceram. Durante a inspe\u00e7\u00e3o realizada nos c\u00f4modos, a menina foi finalmente encontrada trancada. Sua condi\u00e7\u00e3o era alarmante, revelando sinais vis\u00edveis de maus-tratos e ferimentos que preocupavam a equipe de resgate.<\/p>\n<p><img decoding=\"async\" src=\"https:\/\/www.encontracapaoredondo.com.br\/sobre\/wp-content\/uploads\/menina-de-8-anos-com-deficiencia-e-resgatada-de-maus.webp\" alt=\"maus-tratos\" loading=\"lazy\" \/><\/p>\n<h2>Maus-Tratos e suas Consequ\u00eancias<\/h2>\n<p>A situa\u00e7\u00e3o enfrentada pela menina \u00e9 um exemplo tr\u00e1gico de maus-tratos, que se referem a qualquer tipo de comportamento abusivo ou negligente dirigido a crian\u00e7as. Os dados mostram que esse tipo de viol\u00eancia costuma deixar marcas profundas, tanto f\u00edsicas quanto emocionais. O impacto na vida da crian\u00e7a pode ser duradouro, afetando n\u00e3o apenas sua sa\u00fade f\u00edsica, mas tamb\u00e9m sua capacidade de socializa\u00e7\u00e3o e desenvolvimento emocional.<\/p>\n<h2>A Responsabilidade dos Pais<\/h2>\n<p>O epis\u00f3dio revela tamb\u00e9m um aspecto crucial da parentalidade: a responsabilidade de cuidar e proteger. A m\u00e3e, que foi presa em flagrante, n\u00e3o apenas falhou em prover um ambiente seguro e saud\u00e1vel para a filha, como tamb\u00e9m a exp\u00f4s a perigos f\u00edsicos e psicol\u00f3gicos. Essa situa\u00e7\u00e3o nos leva a refletir sobre as estruturas de apoio e fiscaliza\u00e7\u00e3o que deveriam estar dispon\u00edveis para assegurar que todos os pais cumpram seu papel essencial na cria\u00e7\u00e3o de seus filhos.<\/p>\n<h2>Como a Sociedade Pode Ajudar<\/h2>\n<p>A sociedade tem um papel fundamental na identifica\u00e7\u00e3o e den\u00fancia de maus-tratos. \u00c9 crucial cultivar uma cultura em que as pessoas se sintam confort\u00e1veis para reportar situa\u00e7\u00f5es suspeitas sem medo de retalia\u00e7\u00e3o. Al\u00e9m disso, a educa\u00e7\u00e3o e a sensibiliza\u00e7\u00e3o da comunidade sobre os direitos das crian\u00e7as e as responsabilidades parentais s\u00e3o passos vitais para prevenir casos como este. Campanhas e programas de conscientiza\u00e7\u00e3o podem ser ferramentas eficazes nesse sentido.<\/p>\n<h2>A Import\u00e2ncia do Conselho Tutelar<\/h2>\n<p>O Conselho Tutelar desempenha um papel vital na prote\u00e7\u00e3o dos direitos das crian\u00e7as e adolescentes. Ele \u00e9 respons\u00e1vel por zelar pelo cumprimento dos direitos previstos no Estatuto da Crian\u00e7a e do Adolescente (ECA). Ao atuar em casos de den\u00fancia, eles n\u00e3o apenas encaminham os casos para resolu\u00e7\u00e3o, mas tamb\u00e9m ajudam a articular uma rede de apoio para as v\u00edtimas de abuso, como a menina resgatada neste incidente.<\/p>\n<h2>Prote\u00e7\u00e3o \u00e0s Crian\u00e7as com Defici\u00eancia<\/h2>\n<p>Infelizmente, crian\u00e7as com defici\u00eancia muitas vezes enfrentam uma vulnerabilidade ainda maior a maus-tratos. A sociedade deve estar mais atenta a essas injusti\u00e7as e garantir que possam ter acesso \u00e0 prote\u00e7\u00e3o adequada e aos cuidados de que precisam. As pol\u00edticas p\u00fablicas devem contemplar essas crian\u00e7as de maneira eficaz, criando um ambiente que favore\u00e7a seu bem-estar e desenvolvimento pleno.<\/p>\n<h2>A Legisla\u00e7\u00e3o sobre Maus-Tratos<\/h2>\n<p>No Brasil, a legisla\u00e7\u00e3o sobre maus-tratos \u00e9 rigorosa, e o Estatuto da Crian\u00e7a e do Adolescente estabelece diretrizes claras para a prote\u00e7\u00e3o dos direitos das crian\u00e7as. Os respons\u00e1veis por atos de viol\u00eancia contra crian\u00e7as podem enfrentar consequ\u00eancias legais severas, incluindo pena de pris\u00e3o. Contudo, \u00e9 importante que esses dispositivos legais sejam aplicados de forma eficaz, com a colabora\u00e7\u00e3o de autoridades e da sociedade como um todo.<\/p>\n<h2>Pr\u00f3ximos Passos para a Menina Resgatada<\/h2>\n<p>A menina resgatada foi levada a um Pronto-Socorro, onde recebeu atendimento m\u00e9dico. O fato de ter sido retirada daquela situa\u00e7\u00e3o cr\u00edtica \u00e9 uma vit\u00f3ria, mas seu caminho para a recupera\u00e7\u00e3o ser\u00e1 longo. As institui\u00e7\u00f5es competentes dever\u00e3o agora garantir que ela receba n\u00e3o apenas cuidados f\u00edsicos, mas tamb\u00e9m suporte psicol\u00f3gico e emocional para superar as marcas deixadas por essa experi\u00eancia traum\u00e1tica. As autoridades tamb\u00e9m devem trabalhar para assegurar que suas irm\u00e3s, que tamb\u00e9m foram retiradas do local, recebam a prote\u00e7\u00e3o necess\u00e1ria, sendo encaminhadas ao Conselho Tutelar para acompanhamento adequado.<\/p>\n\n<div style=\"font-size: 0px; height: 0px; line-height: 0px; margin: 0; padding: 0; clear: both;\"><\/div>","protected":false},"excerpt":{"rendered":"<p>Menina de 8 anos foi resgatada de maus-tratos pela Guarda Civil em SP.<\/p>\n","protected":false},"author":1,"featured_media":2640,"comment_status":"open","ping_status":"closed","sticky":false,"template":"","format":"standard","meta":{"footnotes":""},"categories":[6],"tags":[],"class_list":["post-2641","post","type-post","status-publish","format-standard","has-post-thumbnail","hentry","category-noticias-no-capao-redondo","has_thumb"],"aioseo_notices":[],"_links":{"self":[{"href":"https:\/\/www.encontracapaoredondo.com.br\/sobre\/wp-json\/wp\/v2\/posts\/2641","targetHints":{"allow":["GET"]}}],"collection":[{"href":"https:\/\/www.encontracapaoredondo.com.br\/sobre\/wp-json\/wp\/v2\/posts"}],"about":[{"href":"https:\/\/www.encontracapaoredondo.com.br\/sobre\/wp-json\/wp\/v2\/types\/post"}],"author":[{"embeddable":true,"href":"https:\/\/www.encontracapaoredondo.com.br\/sobre\/wp-json\/wp\/v2\/users\/1"}],"replies":[{"embeddable":true,"href":"https:\/\/www.encontracapaoredondo.com.br\/sobre\/wp-json\/wp\/v2\/comments?post=2641"}],"version-history":[{"count":0,"href":"https:\/\/www.encontracapaoredondo.com.br\/sobre\/wp-json\/wp\/v2\/posts\/2641\/revisions"}],"wp:featuredmedia":[{"embeddable":true,"href":"https:\/\/www.encontracapaoredondo.com.br\/sobre\/wp-json\/wp\/v2\/media\/2640"}],"wp:attachment":[{"href":"https:\/\/www.encontracapaoredondo.com.br\/sobre\/wp-json\/wp\/v2\/media?parent=2641"}],"wp:term":[{"taxonomy":"category","embeddable":true,"href":"https:\/\/www.encontracapaoredondo.com.br\/sobre\/wp-json\/wp\/v2\/categories?post=2641"},{"taxonomy":"post_tag","embeddable":true,"href":"https:\/\/www.encontracapaoredondo.com.br\/sobre\/wp-json\/wp\/v2\/tags?post=2641"}],"curies":[{"name":"wp","href":"https:\/\/api.w.org\/{rel}","templated":true}]}}