{"id":2631,"date":"2026-02-12T11:02:43","date_gmt":"2026-02-12T14:02:43","guid":{"rendered":"https:\/\/www.encontracapaoredondo.com.br\/sobre\/discotecagem-festa-e-luta\/"},"modified":"2026-02-12T11:02:43","modified_gmt":"2026-02-12T14:02:43","slug":"discotecagem-festa-e-luta","status":"publish","type":"post","link":"https:\/\/www.encontracapaoredondo.com.br\/sobre\/discotecagem-festa-e-luta\/","title":{"rendered":"Discotecagem Festa \u00e9 Luta"},"content":{"rendered":"<div class=\"8fb9da09c1a584b185d8cf81e63b5046\" data-index=\"1\" style=\"float: none; margin:0px;\">\n<!-- Anuncio display - global -->\r\n<ins class=\"adsbygoogle\"\r\n     style=\"display:block\"\r\n     data-ad-client=\"ca-pub-8585364105181520\"\r\n     data-ad-slot=\"8789329856\"\r\n     data-ad-format=\"auto\"\r\n     data-full-width-responsive=\"true\"><\/ins>\r\n<script>\r\n     (adsbygoogle = window.adsbygoogle || []).push({});\r\n<\/script>\n<\/div>\n<h2>O que \u00e9 a Discotecagem Festa \u00e9 Luta?<\/h2>\n<p>A <strong>Discotecagem Festa \u00e9 Luta<\/strong> \u00e9 um evento que vai muito al\u00e9m de uma simples festa. Durante o Carnaval, essa atividade promove uma intensa troca cultural e social, unindo pessoas atrav\u00e9s da m\u00fasica e da dan\u00e7a. Celebrando a resist\u00eancia e a express\u00e3o art\u00edstica, o evento utiliza a sonoridade brasileira para lembrar a import\u00e2ncia de dan\u00e7ar como uma forma de protesto e manifesta\u00e7\u00e3o. A m\u00fasica e a dan\u00e7a tornam-se ferramentas poderosas para a liberdade de express\u00e3o e a luta por direitos.<\/p>\n<h2>A Magia do Carnaval e suas Conex\u00f5es<\/h2>\n<p>O Carnaval \u00e9 um per\u00edodo m\u00e1gico no Brasil, marcado por festividades vibrantes e uma explos\u00e3o de cores. Essa celebra\u00e7\u00e3o se estende por todo o pa\u00eds, permitindo aos participantes expressarem suas emo\u00e7\u00f5es e viv\u00eancias atrav\u00e9s da m\u00fasica, da dan\u00e7a e do prazer de se reunir. No contexto da <strong>Discotecagem Festa \u00e9 Luta<\/strong>, o Carnaval n\u00e3o \u00e9 apenas um momento de festa, mas tamb\u00e9m uma oportunidade de reivindicar espa\u00e7o e visibilidade, especialmente para as vozes marginalizadas.<\/p>\n<h2>Os DJs que Representam a Diversidade<\/h2>\n<p>Um dos destaques do evento \u00e9 a diversidade dos DJs convidados, cada um trazendo suas influ\u00eancias e experi\u00eancias \u00fanicas. Este aspecto n\u00e3o apenas enriquece a programa\u00e7\u00e3o, mas tamb\u00e9m serve como plataforma para artistas de diferentes origens, refletindo a pluralidade da cultura brasileira.<\/p>\n<p><img decoding=\"async\" src=\"https:\/\/www.encontracapaoredondo.com.br\/sobre\/wp-content\/uploads\/discotecagem-festa-e-luta.webp\" alt=\"Discotecagem Festa \u00e9 Luta\" loading=\"lazy\" \/><\/p>\n<h2>Brazook: A For\u00e7a da M\u00fasica Brasileira<\/h2>\n<p>**Brazook**, nome art\u00edstico de Carolina Ribeiro, \u00e9 uma das principais atra\u00e7\u00f5es da <strong>Discotecagem Festa \u00e9 Luta<\/strong>. Natural do Cap\u00e3o Redondo, ela come\u00e7ou sua jornada musical em 2017 e rapidamente se destacou em eventos de v\u00e1rias partes do Brasil. Seus sets s\u00e3o uma verdadeira ode \u00e0 m\u00fasica brasileira, sem deixar de incorporar ritmos latinos e caribenhos, al\u00e9m de influ\u00eancias da m\u00fasica eletr\u00f4nica global.<\/p>\n<h2>A Import\u00e2ncia de Dan\u00e7ar e se Manifestar<\/h2>\n<p>Dan\u00e7ar \u00e9 uma forma de liberdade e resist\u00eancia. A <strong>Discotecagem Festa \u00e9 Luta<\/strong> oferece um espa\u00e7o seguro onde as pessoas podem se expressar, celebrar suas identidades e se manifestar contra injusti\u00e7as. A dan\u00e7a, portanto, transcende o mero entretenimento e se transforma em um ato pol\u00edtico.<\/p>\n<h2>Conhe\u00e7a as DJs L\u00edvea, Lih Lima, Sub\u00farbia e Miss Tacac\u00e1<\/h2>\n<p>Entre as DJs que comp\u00f5em a linha de frente do evento, podemos destacar:<\/p>\n<ul>\n<li><strong>L\u00edvea<\/strong>: Uma artista e pesquisadora musical que traz um repert\u00f3rio abrangente, misturando house e funk com ritmos afro-diasp\u00f3ricos.<\/li>\n<li><strong>Lih Lima<\/strong>: Famosa por seu trabalho com vinil, ela cria sets que evocam t\u00e9cnica e emo\u00e7\u00e3o, promovendo experi\u00eancias sonoras inclusivas.<\/li>\n<li><strong>Sub\u00farbia<\/strong>: DJ emergente que conquistou o p\u00fablico com seu estilo \u00fanico e sets dan\u00e7antes, trazendo uma nova perspectiva \u00e0 cena musical.<\/li>\n<li><strong>Miss Tacac\u00e1<\/strong>: Com ra\u00edzes em Bel\u00e9m do Par\u00e1, sua mistura de ritmos t\u00edpicos paraenses com m\u00fasicas eletr\u00f4nicas resulta em uma experi\u00eancia sonora inovadora.<\/li>\n<\/ul>\n<h2>O Palco do Sesc Consola\u00e7\u00e3o<\/h2>\n<p>O <strong>Sesc Consola\u00e7\u00e3o<\/strong> \u00e9 o local escolhido para sediar a <strong>Discotecagem Festa \u00e9 Luta<\/strong>. Com uma infraestrutura adequada e um ambiente acolhedor, o Sesc oferece o espa\u00e7o perfeito para a realiza\u00e7\u00e3o de eventos culturais que promovem a diversidade e a inclus\u00e3o social.<\/p>\n<h2>Programa\u00e7\u00e3o do evento e hor\u00e1rios<\/h2>\n<p>A programa\u00e7\u00e3o da <strong>Discotecagem Festa \u00e9 Luta<\/strong> se estende de 14 a 17 de fevereiro, com as apresenta\u00e7\u00f5es a partir das 12h00. Durante quatro dias, o p\u00fablico poder\u00e1 aproveitar sets vibrantes e dan\u00e7ar ao som de cl\u00e1ssicos carnavalescos que celebrar\u00e3o a resist\u00eancia e a cultura brasileira.<\/p>\n<h2>Por que voc\u00ea n\u00e3o pode perder?<\/h2>\n<p>Este evento \u00e9 uma \u00f3tima oportunidade para vivenciar o Carnaval de uma maneira \u00fanica, onde a m\u00fasica e a dan\u00e7a se unem em um clima de festividade e luta por direitos. Amesse de cultura, a <strong>Discotecagem Festa \u00e9 Luta<\/strong> congrega uma comunidade vibrante e engajada, ideal para quem deseja celebrar e se manifestar.<\/p>\n<h2>Como participar da festa gratuita<\/h2>\n<p>A participa\u00e7\u00e3o na <strong>Discotecagem Festa \u00e9 Luta<\/strong> \u00e9 totalmente gratuita, sem necessidade de retirada de ingressos. Assim, todos s\u00e3o convidados a se juntar a essa celebra\u00e7\u00e3o de resist\u00eancia atrav\u00e9s da arte e da m\u00fasica. Chegue cedo para garantir seu lugar e aproveite ao m\u00e1ximo essa experi\u00eancia imersiva e vibrante!<\/p>\n\n<div style=\"font-size: 0px; height: 0px; line-height: 0px; margin: 0; padding: 0; clear: both;\"><\/div>","protected":false},"excerpt":{"rendered":"<p>Discotecagem Festa \u00e9 Luta \u00e9 um evento vibrante que transforma o Carnaval numa experi\u00eancia \u00fanica.<\/p>\n","protected":false},"author":1,"featured_media":2630,"comment_status":"open","ping_status":"closed","sticky":false,"template":"","format":"standard","meta":{"footnotes":""},"categories":[6],"tags":[],"class_list":["post-2631","post","type-post","status-publish","format-standard","has-post-thumbnail","hentry","category-noticias-no-capao-redondo","has_thumb"],"aioseo_notices":[],"_links":{"self":[{"href":"https:\/\/www.encontracapaoredondo.com.br\/sobre\/wp-json\/wp\/v2\/posts\/2631","targetHints":{"allow":["GET"]}}],"collection":[{"href":"https:\/\/www.encontracapaoredondo.com.br\/sobre\/wp-json\/wp\/v2\/posts"}],"about":[{"href":"https:\/\/www.encontracapaoredondo.com.br\/sobre\/wp-json\/wp\/v2\/types\/post"}],"author":[{"embeddable":true,"href":"https:\/\/www.encontracapaoredondo.com.br\/sobre\/wp-json\/wp\/v2\/users\/1"}],"replies":[{"embeddable":true,"href":"https:\/\/www.encontracapaoredondo.com.br\/sobre\/wp-json\/wp\/v2\/comments?post=2631"}],"version-history":[{"count":0,"href":"https:\/\/www.encontracapaoredondo.com.br\/sobre\/wp-json\/wp\/v2\/posts\/2631\/revisions"}],"wp:featuredmedia":[{"embeddable":true,"href":"https:\/\/www.encontracapaoredondo.com.br\/sobre\/wp-json\/wp\/v2\/media\/2630"}],"wp:attachment":[{"href":"https:\/\/www.encontracapaoredondo.com.br\/sobre\/wp-json\/wp\/v2\/media?parent=2631"}],"wp:term":[{"taxonomy":"category","embeddable":true,"href":"https:\/\/www.encontracapaoredondo.com.br\/sobre\/wp-json\/wp\/v2\/categories?post=2631"},{"taxonomy":"post_tag","embeddable":true,"href":"https:\/\/www.encontracapaoredondo.com.br\/sobre\/wp-json\/wp\/v2\/tags?post=2631"}],"curies":[{"name":"wp","href":"https:\/\/api.w.org\/{rel}","templated":true}]}}