{"id":2619,"date":"2026-01-27T11:04:31","date_gmt":"2026-01-27T14:04:31","guid":{"rendered":"https:\/\/www.encontracapaoredondo.com.br\/sobre\/motorista-de-caminhao-e-sequestrado-e-vive-9-horas-de-terror-como-refem-em-sp\/"},"modified":"2026-01-27T11:04:31","modified_gmt":"2026-01-27T14:04:31","slug":"motorista-de-caminhao-e-sequestrado-e-vive-9-horas-de-terror-como-refem-em-sp","status":"publish","type":"post","link":"https:\/\/www.encontracapaoredondo.com.br\/sobre\/motorista-de-caminhao-e-sequestrado-e-vive-9-horas-de-terror-como-refem-em-sp\/","title":{"rendered":"Motorista de caminh\u00e3o \u00e9 sequestrado e vive 9 horas de terror como ref\u00e9m em SP"},"content":{"rendered":"<div class=\"8fb9da09c1a584b185d8cf81e63b5046\" data-index=\"1\" style=\"float: none; margin:0px;\">\n<!-- Anuncio display - global -->\r\n<ins class=\"adsbygoogle\"\r\n     style=\"display:block\"\r\n     data-ad-client=\"ca-pub-8585364105181520\"\r\n     data-ad-slot=\"8789329856\"\r\n     data-ad-format=\"auto\"\r\n     data-full-width-responsive=\"true\"><\/ins>\r\n<script>\r\n     (adsbygoogle = window.adsbygoogle || []).push({});\r\n<\/script>\n<\/div>\n<h2>O sequestro do motorista de caminh\u00e3o<\/h2>\n<p>Recentes incidentes de viol\u00eancia t\u00eam chamado aten\u00e7\u00e3o para a seguran\u00e7a dos motoristas de caminh\u00e3o no Brasil. Um caso foi particularmente alarmante: um motorista que transportava uma carga de 24 toneladas de \u00f3leo de soja foi sequestrado enquanto dirigia sua carreta em S\u00e3o Paulo. O crime ocorreu quando ele se dirigia para um supermercado na Zona Norte da cidade e acabou sendo interceptado por criminosos armados, que o for\u00e7aram a seguir com eles at\u00e9 um cativeiro localizado no Campo Limpo, na Zona Sul.<\/p>\n<h2>Implica\u00e7\u00f5es da viol\u00eancia no transporte<\/h2>\n<p>A crescente viol\u00eancia no transporte rodovi\u00e1rio n\u00e3o \u00e9 um fen\u00f4meno isolado, mas um reflexo de um problema maior de seguran\u00e7a p\u00fablica. Os motoristas frequentemente relatam casos de assaltos, sequestros e roubos de cargas. Isso n\u00e3o s\u00f3 afeta a vida destes profissionais, mas tamb\u00e9m gera preju\u00edzos significativos para as empresas que dependem do transporte de mercadorias. O impacto econ\u00f4mico \u00e9 claro, dado que a falta de seguran\u00e7a pode gerar aumentos nos custos de seguro e atrasos no fornecimento de produtos.<\/p>\n<h2>A resposta da pol\u00edcia ao crime<\/h2>\n<p>Ap\u00f3s o sequestro do motorista, a pol\u00edcia agiu rapidamente. A a\u00e7\u00e3o culminou na localiza\u00e7\u00e3o do caminh\u00e3o, que foi encontrado com dois homens na boleia. Eles foram presos enquanto as investiga\u00e7\u00f5es se aprofundavam para identificar outros poss\u00edveis envolvidos no crime. A celeridade nas opera\u00e7\u00f5es policiais \u00e9 vital para desestimular futuras a\u00e7\u00f5es criminosas e promover um ambiente mais seguro para os motoristas nas estradas.<\/p>\n<p><img decoding=\"async\" src=\"https:\/\/www.encontracapaoredondo.com.br\/sobre\/wp-content\/uploads\/motorista-de-caminhao-e-sequestrado-e-vive-9-horas-de-terror-como-refem-em-sp.webp\" alt=\"\" loading=\"lazy\" \/><\/p>\n<h2>Experi\u00eancia do motorista como ref\u00e9m<\/h2>\n<p>Enquanto mantido em cativeiro, o motorista p\u00f4de viver momentos de intenso terror. Ele relatou que, durante as nove horas em que foi mantido ref\u00e9m, seu pensamento girava em torno de sua fam\u00edlia. A liga\u00e7\u00e3o emocional com seus entes queridos se tornou um alicerce para ele enfrentar a situa\u00e7\u00e3o. Ao ser libertado pr\u00f3ximo a um shopping, o homem imediatamente pediu ajuda e, aliviado, compartilhou que nunca havia passado por uma experi\u00eancia t\u00e3o traum\u00e1tica.<\/p>\n<h2>O papel das for\u00e7as de seguran\u00e7a<\/h2>\n<p>As for\u00e7as de seguran\u00e7a desempenham um papel crucial na prote\u00e7\u00e3o dos cidad\u00e3os e na preven\u00e7\u00e3o de crimes. A atua\u00e7\u00e3o da pol\u00edcia nestes casos pode ajudar n\u00e3o s\u00f3 a recuperar bens roubados, mas tamb\u00e9m restaurar a confian\u00e7a dos motoristas e das empresas de transporte. A colabora\u00e7\u00e3o com ag\u00eancias de seguran\u00e7a p\u00fablica \u00e9 essencial para melhorar o monitoramento e ampliar as a\u00e7\u00f5es de patrulhamento nas \u00e1reas vulner\u00e1veis.<\/p>\n<h2>Identifica\u00e7\u00e3o dos envolvidos no sequestro<\/h2>\n<p>Com a pris\u00e3o dos dois suspeitos no local do caminh\u00e3o, iniciou-se uma investiga\u00e7\u00e3o para desmantelar a quadrilha por tr\u00e1s do sequestro. O objetivo das autoridades vai al\u00e9m de prender os envolvidos imediatos; busca-se tamb\u00e9m entender a din\u00e2mica da organiza\u00e7\u00e3o criminosa, incluindo como eles operam e quais s\u00e3o seus contatos. Essa profundidade na investiga\u00e7\u00e3o \u00e9 vital para prevenir futuros sequestros e trazer \u00e0 justi\u00e7a todos os respons\u00e1veis.<\/p>\n<h2>Impacto emocional na v\u00edtima<\/h2>\n<p>O sequestro deixou marcas n\u00e3o apenas materiais, mas tamb\u00e9m emocionais no motorista. O trauma psicol\u00f3gico \u00e9 um aspecto frequentemente negligenciado em casos como esse. A recupera\u00e7\u00e3o completa de uma experi\u00eancia traum\u00e1tica exige apoio psicol\u00f3gicos e, em muitos casos, terapia. \u00c9 fundamental que as v\u00edtimas recebam ajuda adequada para lidar com poss\u00edveis sintomas de estresse p\u00f3s-traum\u00e1tico, depress\u00e3o e ansiedade ap\u00f3s passarem por tais experi\u00eancias.<\/p>\n<h2>An\u00e1lise da carga roubada<\/h2>\n<p>A carga de \u00f3leo de soja, que foi o alvo do sequestro, tamb\u00e9m representa um ativo significativo que estava em risco. Enquanto o motorista foi libertado, a carga permaneceu em situa\u00e7\u00e3o incerta. O desaparecimento da mercadoria n\u00e3o apenas representa uma perda financeira n\u00e3o contabilizada, mas tamb\u00e9m provoca uma onda de inseguran\u00e7a no setor. O rastreamento e recupera\u00e7\u00e3o da carga perdida podem ajudar as empresas a recuperarem parte do preju\u00edzo.<\/p>\n<h2>A situa\u00e7\u00e3o do transporte rodovi\u00e1rio em SP<\/h2>\n<p>O estado de S\u00e3o Paulo \u00e9 um dos centros mais movimentados do transporte rodovi\u00e1rio no Brasil, mas essa movimenta\u00e7\u00e3o atrai tamb\u00e9m riscos. A seguran\u00e7a nas estradas e \u00e1reas urbanas deve ser uma prioridade n\u00e3o somente para as autoridades, mas tamb\u00e9m para as empresas de transporte. A implementa\u00e7\u00e3o de tecnologias de rastreamento, protocolos de seguran\u00e7a e treinamentos regulares podem ajudar a reduzir as chances de incidentes futuros.<\/p>\n<h2>Medidas para melhorar a seguran\u00e7a<\/h2>\n<p>Diante da crescente onda de crimes violentos, \u00e9 essencial que medidas sejam implementadas para aumentar a seguran\u00e7a no setor de transporte. Isso pode incluir:<\/p>\n<ul>\n<li><strong>Treinamento de motoristas:<\/strong> Capacitar motoristas sobre como lidar com situa\u00e7\u00f5es de risco e como agir em caso de sequestro.<\/li>\n<li><strong>Implementa\u00e7\u00e3o de tecnologia:<\/strong> Uso de dispositivos de rastreamento e monitoramento para acompanhar os ve\u00edculos em tempo real.<\/li>\n<li><strong>Comunica\u00e7\u00e3o com a pol\u00edcia:<\/strong> Estabelecer canal de comunica\u00e7\u00e3o direto para reportar atividades suspeitas rapidamente.<\/li>\n<li><strong>Parcerias com empresas de seguran\u00e7a:<\/strong> Colaborar com empresas especializadas em seguran\u00e7a para garantir a prote\u00e7\u00e3o das cargas.<\/li>\n<li><strong>Estudos de risco:<\/strong> Analisar e estudar os pontos mais vulner\u00e1veis nas rotas para prevenir sequestros e roubos.<\/li>\n<\/ul>\n<p>Essas e outras medidas s\u00e3o essenciais para criar um ambiente mais seguro para motoristas e proteger as propriedades durante o transporte.<\/p>\n\n<div style=\"font-size: 0px; height: 0px; line-height: 0px; margin: 0; padding: 0; clear: both;\"><\/div>","protected":false},"excerpt":{"rendered":"<p>Motorista de caminh\u00e3o viveu 9 horas de terror como ref\u00e9m em SP.<\/p>\n","protected":false},"author":1,"featured_media":2618,"comment_status":"open","ping_status":"closed","sticky":false,"template":"","format":"standard","meta":{"footnotes":""},"categories":[6],"tags":[],"class_list":["post-2619","post","type-post","status-publish","format-standard","has-post-thumbnail","hentry","category-noticias-no-capao-redondo","has_thumb"],"aioseo_notices":[],"_links":{"self":[{"href":"https:\/\/www.encontracapaoredondo.com.br\/sobre\/wp-json\/wp\/v2\/posts\/2619","targetHints":{"allow":["GET"]}}],"collection":[{"href":"https:\/\/www.encontracapaoredondo.com.br\/sobre\/wp-json\/wp\/v2\/posts"}],"about":[{"href":"https:\/\/www.encontracapaoredondo.com.br\/sobre\/wp-json\/wp\/v2\/types\/post"}],"author":[{"embeddable":true,"href":"https:\/\/www.encontracapaoredondo.com.br\/sobre\/wp-json\/wp\/v2\/users\/1"}],"replies":[{"embeddable":true,"href":"https:\/\/www.encontracapaoredondo.com.br\/sobre\/wp-json\/wp\/v2\/comments?post=2619"}],"version-history":[{"count":0,"href":"https:\/\/www.encontracapaoredondo.com.br\/sobre\/wp-json\/wp\/v2\/posts\/2619\/revisions"}],"wp:featuredmedia":[{"embeddable":true,"href":"https:\/\/www.encontracapaoredondo.com.br\/sobre\/wp-json\/wp\/v2\/media\/2618"}],"wp:attachment":[{"href":"https:\/\/www.encontracapaoredondo.com.br\/sobre\/wp-json\/wp\/v2\/media?parent=2619"}],"wp:term":[{"taxonomy":"category","embeddable":true,"href":"https:\/\/www.encontracapaoredondo.com.br\/sobre\/wp-json\/wp\/v2\/categories?post=2619"},{"taxonomy":"post_tag","embeddable":true,"href":"https:\/\/www.encontracapaoredondo.com.br\/sobre\/wp-json\/wp\/v2\/tags?post=2619"}],"curies":[{"name":"wp","href":"https:\/\/api.w.org\/{rel}","templated":true}]}}