{"id":2617,"date":"2026-01-27T11:03:17","date_gmt":"2026-01-27T14:03:17","guid":{"rendered":"https:\/\/www.encontracapaoredondo.com.br\/sobre\/chuva-forte-arrasta-veiculos-na-zona-sul-de-sao-paulo\/"},"modified":"2026-01-27T11:03:17","modified_gmt":"2026-01-27T14:03:17","slug":"chuva-forte-arrasta-veiculos-na-zona-sul-de-sao-paulo","status":"publish","type":"post","link":"https:\/\/www.encontracapaoredondo.com.br\/sobre\/chuva-forte-arrasta-veiculos-na-zona-sul-de-sao-paulo\/","title":{"rendered":"Chuva forte arrasta ve\u00edculos na zona sul de S\u00e3o Paulo"},"content":{"rendered":"<div class=\"8fb9da09c1a584b185d8cf81e63b5046\" data-index=\"1\" style=\"float: none; margin:0px;\">\n<!-- Anuncio display - global -->\r\n<ins class=\"adsbygoogle\"\r\n     style=\"display:block\"\r\n     data-ad-client=\"ca-pub-8585364105181520\"\r\n     data-ad-slot=\"8789329856\"\r\n     data-ad-format=\"auto\"\r\n     data-full-width-responsive=\"true\"><\/ins>\r\n<script>\r\n     (adsbygoogle = window.adsbygoogle || []).push({});\r\n<\/script>\n<\/div>\n<h2>Causas da Chuva Intensa<\/h2>\n<p>A eutrofiza\u00e7\u00e3o do clima e o padr\u00e3o de precipita\u00e7\u00e3o em S\u00e3o Paulo t\u00eam levado a epis\u00f3dios de chuvas intensas, caracterizados por volumes elevados em curtos per\u00edodos. Este fen\u00f4meno \u00e9 frequentemente causado por mudan\u00e7as clim\u00e1ticas, que resultam em um aumento da temperatura e altera\u00e7\u00f5es na umidade do ar. A combina\u00e7\u00e3o desses fatores acarreta eventos atmosf\u00e9ricos mais frequentes e severos, contribuindo para o aumento das chuvas torrenciais.<\/p>\n<h2>Impactos na Mobilidade<\/h2>\n<p>Quando ocorrem chuvas fortes, h\u00e1 interrup\u00e7\u00f5es significativas na mobilidade urbana. As vias ficam alagadas, dificultando a passagem de ve\u00edculos e at\u00e9 mesmo de pedestres. Os problemas de tr\u00e1fego podem ser exacerbados pela j\u00e1 conhecida infraestrutura insuficiente de drenagem em certas \u00e1reas da cidade, fazendo com que a \u00e1gua se acumule rapidamente, tornando ruas intransit\u00e1veis.<\/p>\n<h2>Avenida Carlos Caldeira Filho: O Cen\u00e1rio<\/h2>\n<p>Um dos locais mais afetados pela recente chuva foi a Avenida Carlos Caldeira Filho, localizada no bairro Cap\u00e3o Redondo. O alagamento transformou a via em um verdadeiro lago, que rapidamente arrastou carros para um c\u00f3rrego adjacente. Essa cena ilustra n\u00e3o apenas a intensidade da chuva, mas tamb\u00e9m os desafios que a cidade enfrenta em rela\u00e7\u00e3o \u00e0 infraestrutura de drenagem.<\/p>\n<p><img decoding=\"async\" src=\"https:\/\/www.encontracapaoredondo.com.br\/sobre\/wp-content\/uploads\/chuva-forte-arrasta-veiculos-na-zona-sul-de-sao-paulo.webp\" alt=\"chuva forte\" loading=\"lazy\" \/><\/p>\n<h2>Esfor\u00e7os do Corpo de Bombeiros<\/h2>\n<p>Os bombeiros foram mobilizados para atuar na regi\u00e3o afetada, realizando buscas para verificar se houve v\u00edtimas. O procedimento de localizar e ajudar as pessoas presas nos ve\u00edculos \u00e9 uma prioridade em situa\u00e7\u00f5es de emerg\u00eancia. O Corpo de Bombeiros tamb\u00e9m est\u00e1 preparado para gerenciar desastres como esse, embora os recursos possam ser limitados durante eventos clim\u00e1ticos extremos.<\/p>\n<h2>Relatos de Moradores Impactados<\/h2>\n<p>Os relatos de moradores que presenciaram a forte enxurrada revelam um misto de preocupa\u00e7\u00e3o e desespero. Alguns testemunharam a retirada de pessoas dos carros, enquanto outros ficaram apreensivos quanto \u00e0 possibilidade de deslizamentos de terra nas \u00e1reas pr\u00f3ximas aos c\u00f3rregos, que podem ser agravados por chuvas intensas e cont\u00ednuas.<\/p>\n<h2>Previs\u00e3o do Tempo para os Pr\u00f3ximos Dias<\/h2>\n<p>A previs\u00e3o do tempo indica que as chuvas devem continuar nos pr\u00f3ximos dias. As autoridades recomendam que a popula\u00e7\u00e3o fique atenta aos alertas meteorol\u00f3gicos e evite \u00e1reas de risco, especialmente aquelas propensas a alagamentos e deslizamentos. O monitoramento constante do clima \u00e9 essencial para garantir a seguran\u00e7a da comunidade.<\/p>\n<h2>Recomenda\u00e7\u00f5es em Caso de Enchente<\/h2>\n<p>Em situa\u00e7\u00f5es de enchente, algumas recomenda\u00e7\u00f5es s\u00e3o fundamentais:<\/p>\n<ul>\n<li><strong>Mantenha-se informado:<\/strong> Acompanhe as previs\u00f5es do tempo e os avisos das autoridades locais.<\/li>\n<li><strong>Evite \u00e1reas alagadas:<\/strong> N\u00e3o tente atravessar ruas alagadas, pois mesmo a \u00e1gua rasinha pode ser perigosa.<\/li>\n<li><strong>Deslocamento seguro:<\/strong> Caso precise sair, busque rotas alternativas e seguras, priorizando locais altos.<\/li>\n<\/ul>\n<h2>Hist\u00f3ria de Chuvas na Regi\u00e3o<\/h2>\n<p>Historicamente, a regi\u00e3o metropolitana de S\u00e3o Paulo j\u00e1 enfrentou per\u00edodos de forte precipita\u00e7\u00e3o, resultando em desastres naturais. O mapeamento de eventos clim\u00e1ticos passados ajuda a entender a frequ\u00eancia e a intensidade das chuvas que a cidade pode esperar durante certas \u00e9pocas do ano.<\/p>\n<h2>Medidas Preventivas a Serem Tomadas<\/h2>\n<p>Para mitigar os efeitos de futuras chuvas intensas, algumas medidas preventivas podem ser implementadas, como:<\/p>\n<ul>\n<li><strong>Aprimoramento da infraestrutura:<\/strong> Investir em sistemas de drenagem mais eficientes pode reduzir o risco de alagamentos.<\/li>\n<li><strong>Educa\u00e7\u00e3o comunit\u00e1ria:<\/strong> Promover campanhas educativas sobre o que fazer em situa\u00e7\u00f5es de emerg\u00eancia pode salvar vidas.<\/li>\n<li><strong>Legisla\u00e7\u00e3o ambiental:<\/strong> Incentivar a preserva\u00e7\u00e3o de \u00e1reas verdes e o aumento da permeabilidade do solo tamb\u00e9m \u00e9 crucial.<\/li>\n<\/ul>\n<h2>Reflex\u00f5es Sobre a Gest\u00e3o de Crises em Desastres Naturais<\/h2>\n<p>A gest\u00e3o de crises durante desastres naturais como chuvas fortes requer um planejamento pr\u00e9vio e uma resposta r\u00e1pida. As experi\u00eancias passadas mostram que uma abordagem integrada entre os diferentes setores do governo e a comunidade pode melhorar a efic\u00e1cia das a\u00e7\u00f5es de resposta, minimizando os danos e salvando vidas.<\/p>\n<p>Assim, \u00e9 fundamental que as autoridades locais e a popula\u00e7\u00e3o trabalhem juntas para lidar com as consequ\u00eancias das chuvas intensas e busquem solu\u00e7\u00f5es sustent\u00e1veis para os desafios que a cidade enfrenta a longo prazo.<\/p>\n\n<div style=\"font-size: 0px; height: 0px; line-height: 0px; margin: 0; padding: 0; clear: both;\"><\/div>","protected":false},"excerpt":{"rendered":"<p>Chuva forte na zona sul de S\u00e3o Paulo arrastou ve\u00edculos alagados e causou caos.<\/p>\n","protected":false},"author":1,"featured_media":2616,"comment_status":"open","ping_status":"closed","sticky":false,"template":"","format":"standard","meta":{"footnotes":""},"categories":[6],"tags":[],"class_list":["post-2617","post","type-post","status-publish","format-standard","has-post-thumbnail","hentry","category-noticias-no-capao-redondo","has_thumb"],"aioseo_notices":[],"_links":{"self":[{"href":"https:\/\/www.encontracapaoredondo.com.br\/sobre\/wp-json\/wp\/v2\/posts\/2617","targetHints":{"allow":["GET"]}}],"collection":[{"href":"https:\/\/www.encontracapaoredondo.com.br\/sobre\/wp-json\/wp\/v2\/posts"}],"about":[{"href":"https:\/\/www.encontracapaoredondo.com.br\/sobre\/wp-json\/wp\/v2\/types\/post"}],"author":[{"embeddable":true,"href":"https:\/\/www.encontracapaoredondo.com.br\/sobre\/wp-json\/wp\/v2\/users\/1"}],"replies":[{"embeddable":true,"href":"https:\/\/www.encontracapaoredondo.com.br\/sobre\/wp-json\/wp\/v2\/comments?post=2617"}],"version-history":[{"count":0,"href":"https:\/\/www.encontracapaoredondo.com.br\/sobre\/wp-json\/wp\/v2\/posts\/2617\/revisions"}],"wp:featuredmedia":[{"embeddable":true,"href":"https:\/\/www.encontracapaoredondo.com.br\/sobre\/wp-json\/wp\/v2\/media\/2616"}],"wp:attachment":[{"href":"https:\/\/www.encontracapaoredondo.com.br\/sobre\/wp-json\/wp\/v2\/media?parent=2617"}],"wp:term":[{"taxonomy":"category","embeddable":true,"href":"https:\/\/www.encontracapaoredondo.com.br\/sobre\/wp-json\/wp\/v2\/categories?post=2617"},{"taxonomy":"post_tag","embeddable":true,"href":"https:\/\/www.encontracapaoredondo.com.br\/sobre\/wp-json\/wp\/v2\/tags?post=2617"}],"curies":[{"name":"wp","href":"https:\/\/api.w.org\/{rel}","templated":true}]}}