{"id":2593,"date":"2026-01-15T10:55:07","date_gmt":"2026-01-15T13:55:07","guid":{"rendered":"https:\/\/www.encontracapaoredondo.com.br\/sobre\/sp-temporal-alaga-zona-sul-atinge-outras-regioes-e-derruba-dezenas-de-arvores-na-capital\/"},"modified":"2026-01-15T10:55:07","modified_gmt":"2026-01-15T13:55:07","slug":"sp-temporal-alaga-zona-sul-atinge-outras-regioes-e-derruba-dezenas-de-arvores-na-capital","status":"publish","type":"post","link":"https:\/\/www.encontracapaoredondo.com.br\/sobre\/sp-temporal-alaga-zona-sul-atinge-outras-regioes-e-derruba-dezenas-de-arvores-na-capital\/","title":{"rendered":"SP: Temporal alaga Zona Sul, atinge outras regi\u00f5es e derruba dezenas de \u00e1rvores na capital"},"content":{"rendered":"<div class=\"8fb9da09c1a584b185d8cf81e63b5046\" data-index=\"1\" style=\"float: none; margin:0px;\">\n<!-- Anuncio display - global -->\r\n<ins class=\"adsbygoogle\"\r\n     style=\"display:block\"\r\n     data-ad-client=\"ca-pub-8585364105181520\"\r\n     data-ad-slot=\"8789329856\"\r\n     data-ad-format=\"auto\"\r\n     data-full-width-responsive=\"true\"><\/ins>\r\n<script>\r\n     (adsbygoogle = window.adsbygoogle || []).push({});\r\n<\/script>\n<\/div>\n<h2>Causas do Fortes Alagamentos em S\u00e3o Paulo<\/h2>\n<p>Os alagamentos em S\u00e3o Paulo, especialmente durante temporais, s\u00e3o fen\u00f4menos com m\u00faltiplas causas. Uma das principais raz\u00f5es \u00e9 o <strong>desmatamento<\/strong>, que reduz a capacidade do solo de absorver \u00e1gua. A urbaniza\u00e7\u00e3o acelerada na cidade tamb\u00e9m contribui significativamente para esse problema. Ao pavimentar \u00e1reas extensas para constru\u00e7\u00e3o de ruas e pr\u00e9dios, cria-se uma superf\u00edcie imperme\u00e1vel que impede a drenagem natural da \u00e1gua das chuvas. Nas \u00faltimas d\u00e9cadas, diversas regi\u00f5es de S\u00e3o Paulo passaram por transforma\u00e7\u00f5es urbanas que priorizaram a verticaliza\u00e7\u00e3o em detrimento dos espa\u00e7os verdes.<\/p>\n<p>Outro fator \u00e9 a <strong>falta de planejamento urbano<\/strong>. Muitas das infraestruturas de drenagem s\u00e3o insuficientes para comportar o volume de \u00e1gua que cai na cidade durante os temporais. Sistemas de esgoto e drenagem, muitas vezes antiquados, colapsam, resultando em inunda\u00e7\u00f5es. O crescimento populacional tamb\u00e9m \u00e9 um aspecto que acentua essa situa\u00e7\u00e3o, uma vez que mais pessoas habitam \u00e1reas onde a drenagem \u00e9 prec\u00e1ria.<\/p>\n<p>Al\u00e9m disso, as <strong>mudan\u00e7as clim\u00e1ticas<\/strong> t\u00eam intensificado a frequ\u00eancia e a intensidade das chuvas em v\u00e1rias regi\u00f5es do mundo, incluindo S\u00e3o Paulo. As chuvas que antes eram consideradas normais podem se transformar em eventos extremos, trazendo consigo um volume de \u00e1gua que supera a capacidade de drenagem da cidade. Essa combina\u00e7\u00e3o de fatores tem levado a um cen\u00e1rio preocupante de alagamentos, que afeta tanto a infraestrutura urbana quanto a vida da popula\u00e7\u00e3o.<\/p>\n<p><img decoding=\"async\" src=\"https:\/\/www.encontracapaoredondo.com.br\/sobre\/wp-content\/uploads\/sp-temporal-alaga-zona-sul-atinge-outras-regioes-e-derruba-dezenas-de-arvores-na-capital.webp\" alt=\"temporal em S\u00e3o Paulo\" loading=\"lazy\" \/><\/p>\n<h2>Impacto do Temporal na Zona Sul<\/h2>\n<p>No dia 14 de janeiro de 2026, um forte temporal atingiu diversas \u00e1reas da Zona Sul de S\u00e3o Paulo, causando alagamentos severos e interrup\u00e7\u00f5es na rotina dos moradores. Entre os locais mais afetados estavam bairros como <strong>Cap\u00e3o Redondo<\/strong> e <strong>Vila Mariana<\/strong>. Imediatamente ap\u00f3s o in\u00edcio das chuvas, os moradores come\u00e7aram a perceber a gravidade da situa\u00e7\u00e3o. Vias importantes, como a <strong>Avenida Carlos Caldeira Filho<\/strong>, tornaram-se intransit\u00e1veis devido ao ac\u00famulo de \u00e1gua, o que gerou um cen\u00e1rio de caos no tr\u00e2nsito local e atrasos significativos no dia-a-dia de estudantes e trabalhadores.<\/p>\n<p>Corpos de Bombeiros e equipes de emerg\u00eancia foram acionados para auxiliar na desobstru\u00e7\u00e3o de vias e no socorro a motoristas e pedestres presos em \u00e1reas alagadas. Lamentavelmente, o impacto do temporal n\u00e3o se limitou a problemas de tr\u00e1fego; v\u00e1rias fachadas de com\u00e9rcio e resid\u00eancias come\u00e7aram a ser afetadas, acarretando danos materiais para muitos. Al\u00e9m disso, o temor da popula\u00e7\u00e3o aumentou com relatos de quedas de \u00e1rvores, que tamb\u00e9m comprometeram chaves el\u00e9tricas e causaram apag\u00f5es.<\/p>\n<p>A precipita\u00e7\u00e3o intensa tamb\u00e9m tem um efeito negativo nos <strong>recursos p\u00fablicos<\/strong>, uma vez que gera a necessidade de a\u00e7\u00f5es emergenciais que podem sobrecarregar o or\u00e7amento municipal e estadual. O retorno \u00e0 normalidade ap\u00f3s eventos dessa magnitude demanda planejamento, frente ao desafio constante das mudan\u00e7as clim\u00e1ticas.<\/p>\n<h2>Quantidade de Im\u00f3veis Sem Energia<\/h2>\n<p>Um dos problemas mais cr\u00edticos gerados pelo temporal foi a interrup\u00e7\u00e3o no fornecimento de energia el\u00e9trica. Segundo a concession\u00e1ria <strong>Enel<\/strong>, aproximadamente 34 mil im\u00f3veis na capital paulista ficaram sem energia devido \u00e0 queda de \u00e1rvores e danos \u00e0s infraestruturas el\u00e9tricas, enquanto a Regi\u00e3o Metropolitana registrou mais de 37 mil clientes afetados. Essa falta de energia n\u00e3o s\u00f3 interrompe a rotina di\u00e1ria dos moradores, mas tamb\u00e9m gera preocupa\u00e7\u00e3o com a seguran\u00e7a.<\/p>\n<p>Essas interrup\u00e7\u00f5es de energia revelam a vulnerabilidade das redes el\u00e9tricas nas grandes cidades, onde muitas vezes as fia\u00e7\u00f5es ficam expostas, especialmente em \u00e1reas povoadas, tornando-se suscet\u00edveis a intemp\u00e9ries. Al\u00e9m do impacto imediado, essas quedas promovem uma s\u00e9rie de consequ\u00eancias, como a impossibilidade de funcionamento de sistemas de seguran\u00e7a, alarmes e equipamentos m\u00e9dicos essenciais, levando a um estado de alerta para as autoridades.<\/p>\n<p>Essas situa\u00e7\u00f5es exigem respostas r\u00e1pidas por parte das empresas respons\u00e1veis pelo fornecimento de energia. A Enel, por exemplo, mobilizou suas equipes para minimizar o impacto, realizando reparos o mais r\u00e1pido poss\u00edvel. No entanto, a cr\u00edtica \u00e0 capacidade de resposta das empresas e \u00e0 precariedade das infraestruturas se intensificou, com os cidad\u00e3os pedindo solu\u00e7\u00f5es duradouras que previnam crises semelhantes no futuro.<\/p>\n<h2>Orienta\u00e7\u00f5es da Defesa Civil<\/h2>\n<p>Diante da situa\u00e7\u00e3o ca\u00f3tica gerada pelo temporal, a <strong>Defesa Civil<\/strong> do Estado de S\u00e3o Paulo emitiu diversas orienta\u00e7\u00f5es \u00e0 popula\u00e7\u00e3o. A primeira diretriz foi a recomenda\u00e7\u00e3o para que as pessoas se mantivessem em locais seguros e evitassem a circula\u00e7\u00e3o nas ruas durante o pico das chuvas. A Defesa Civil colocou em estado de alerta as zonas mais afetadas, destacando a import\u00e2ncia de evitar \u00e1reas de risco, especialmente em rela\u00e7\u00e3o a deslizamentos de terra e quedas de \u00e1rvores.<\/p>\n<p>A popula\u00e7\u00e3o foi incentivada a acompanhar as atualiza\u00e7\u00f5es constantes atrav\u00e9s das redes sociais e do site do \u00f3rg\u00e3o, que disponibilizava dados em tempo real sobre as condi\u00e7\u00f5es clim\u00e1ticas e as \u00e1reas alagadas. Essas orienta\u00e7\u00f5es visavam n\u00e3o apenas garantir a seguran\u00e7a da popula\u00e7\u00e3o, mas tamb\u00e9m reduzir a possibilidade de acidentes causados pela desinforma\u00e7\u00e3o.<\/p>\n<p>Al\u00e9m disso, ap\u00f3s o t\u00e9rmino da tempestade, a Defesa Civil recomendava que os moradores ficassem atentos ao estado de suas casas e im\u00f3veis. Em \u00e1reas que sofreram inunda\u00e7\u00f5es, a orienta\u00e7\u00e3o era verificar a seguran\u00e7a estrutural antes de regressar completamente. A mobiliza\u00e7\u00e3o da Defesa Civil nesse contexto \u00e9 crucial para a gest\u00e3o de emerg\u00eancias, especialmente em uma cidade como S\u00e3o Paulo, onde os temporais podem ser frequentes e devastadores.<\/p>\n<h2>Pontos Cr\u00edticos de Alagamento<\/h2>\n<p>Durante o temporal ocorrido, alguns pontos em S\u00e3o Paulo tornaram-se conhecidos, n\u00e3o apenas pela gravidade do alagamento, mas pelo impacto que tiveram na mobilidade urbana. Entre os locais mais cr\u00edticos estavam:<\/p>\n<ul>\n<li><strong>Avenida Carlos Caldeira Filho:<\/strong> Localizado no bairro Cap\u00e3o Redondo, se mostrou um dos mais afetados, com relatos de alagamentos severos.<\/li>\n<li><strong>Avenida Jorge Jo\u00e3o Saad:<\/strong> Esta \u00e1rea trocou entre lugares transit\u00e1veis e intransit\u00e1veis com o aumento do n\u00edvel da \u00e1gua, dificultando a passagem.<\/li>\n<li><strong>Marginal Pinheiros:<\/strong> Tamb\u00e9m estava sob alerta com alagamentos em setores expressos e na pista local, criando um cen\u00e1rio dif\u00edcil para motoristas que tentavam atravessar a cidade.<\/li>\n<li><strong>Terminal Jo\u00e3o Dias:<\/strong> Um local chave para transporte p\u00fablico, perdeu acessibilidade, uma parte vital no dia-a-dia dos paulistanos.<\/li>\n<\/ul>\n<p>Esses pontos cr\u00edticos, se tornaram verdadeiros obst\u00e1culos durante o dia em quest\u00e3o, evidenciando a fragilidade da infraestrutura vi\u00e1ria da cidade e a necessidade de uma revis\u00e3o imediata em seus sistemas de drenagem. Identificar e mapear esses pontos se torna vital para futuras interven\u00e7\u00f5es e melhorias na infraestrutura urbana.<\/p>\n<h2>Quedas de \u00c1rvores na Regi\u00e3o<\/h2>\n<p>Durante o temporal, o Corpo de Bombeiros registrou pelo menos 18 chamados para quedas de \u00e1rvores em S\u00e3o Paulo. Esse fen\u00f4meno n\u00e3o \u00e9 apenas uma quest\u00e3o de visual, mas representa riscos diretos \u00e0 seguran\u00e7a p\u00fablica. \u00c1rvores caindo sobre casas, ve\u00edculos e, at\u00e9 mesmo, sobre pessoas, podem causar ferimentos graves e danos materiais significativos.<\/p>\n<p>A incid\u00eancia de quedas de \u00e1rvores em eventos de forte chuva pode ser atribu\u00edda a v\u00e1rios fatores. Muitas vezes, as \u00e1rvores est\u00e3o comprometidas por doen\u00e7as, infesta\u00e7\u00e3o de pragas ou j\u00e1 apresentam sinais de fragilidade devido \u00e0 falta de manuten\u00e7\u00e3o. Em \u00e1reas urbanas, onde a vegeta\u00e7\u00e3o \u00e9 muitas vezes negligenciada, a falta de poda e cuidados pode resultar em \u00e1rvores que n\u00e3o suportam ventos fortes, levando \u00e0s quedas. Esse problema \u00e9 exacerbado pela compacta\u00e7\u00e3o do solo em \u00e1reas urbanas, que dificulta o desenvolvimento das ra\u00edzes.<\/p>\n<p>As quedas de \u00e1rvores durante temporais, como o ocorrido em 14 de janeiro de 2026, indicam a urg\u00eancia de um planejamento urbano que n\u00e3o apenas considere a constru\u00e7\u00e3o, mas tamb\u00e9m a vegeta\u00e7\u00e3o. \u00c9 fundamental que as secretarias municipais implementem programas de monitoramento e manuten\u00e7\u00e3o da arboriza\u00e7\u00e3o urbana, para evitar acidentes futuros e garantir que a cidade se torne um espa\u00e7o mais seguro para todos.<\/p>\n<h2>Medidas de Emerg\u00eancia Implementadas<\/h2>\n<p>Diante da gravidade da situa\u00e7\u00e3o gerada pelo temporal, v\u00e1rias medidas de emerg\u00eancia foram sugeridas pelas autoridades e pelos \u00f3rg\u00e3os competentes. Em primeiro lugar, a <strong>mobiliza\u00e7\u00e3o de equipes de emerg\u00eancia<\/strong> foi intensificada. O Corpo de Bombeiros e a Defesa Civil trabalharam juntos com seus efetivos para atender aos chamados de emerg\u00eancia, ajudando \u00e0queles que ficaram presos ou alcan\u00e7ados por danos nas suas resid\u00eancias.<\/p>\n<p>Imediatamente ap\u00f3s o evento, foram executadas medidas para a <strong>desobstru\u00e7\u00e3o de canais e ruas<\/strong> saturadas. Equipes de limpeza foram direcionadas \u00e0s \u00e1reas mais afetadas a fim de retirar detritos e libera\u00e7\u00e3o de ruas para reestabelecer a mobilidade. Por conta dos danos causados, v\u00e1rias ruas foram fechadas temporariamente, possibilitando que os servi\u00e7os de repara\u00e7\u00e3o fossem realizados adequadamente.<\/p>\n<p>Al\u00e9m do apoio direto \u00e0 popula\u00e7\u00e3o, um grande esquema de informa\u00e7\u00e3o de emerg\u00eancia foi estabelecido. Autoridades foram encorajadas a manter a comunica\u00e7\u00e3o aberta com os cidad\u00e3os e a promover a atualiza\u00e7\u00e3o constante sobre as condi\u00e7\u00f5es clim\u00e1ticas e os servi\u00e7os funcionando em tempo real, utilizando plataformas digitais e redes sociais para alcan\u00e7ar o maior n\u00famero de pessoas poss\u00edvel.<\/p>\n<h2>Rea\u00e7\u00f5es da Popula\u00e7\u00e3o ao Alerta<\/h2>\n<p>Ap\u00f3s os alertas feitos pela Defesa Civil e as previs\u00f5es clim\u00e1ticas disponibilizadas para a popula\u00e7\u00e3o, a rea\u00e7\u00e3o dos paulistanos foi de <strong>aten\u00e7\u00e3o e preocupa\u00e7\u00e3o<\/strong>. Muitos decidiram se resguardar em casa e acompanhar as informa\u00e7\u00f5es pelas redes sociais e canais de televis\u00e3o. H\u00e1 um aumento nas compras em supermercados, em um comportamento que reflete o temor de que a situa\u00e7\u00e3o se agravasse e a cidade ficasse completamente paralisada.<\/p>\n<p>No entanto, tamb\u00e9m houve certa cr\u00edtica em rela\u00e7\u00e3o \u00e0 resposta das autoridades. Os moradores questionaram a efic\u00e1cia dos alertas e a capacidade das equipes de fornecer suporte r\u00e1pido e efetivo em situa\u00e7\u00f5es emergenciais. Essa desconfian\u00e7a em rela\u00e7\u00e3o \u00e0 infraestrutura da cidade e \u00e0 prepara\u00e7\u00e3o para cat\u00e1strofes clim\u00e1ticas tornou-se evidente em v\u00e1rias discuss\u00f5es em redes sociais, revelando uma insatisfa\u00e7\u00e3o generalizada com a administra\u00e7\u00e3o local nos momentos de crise.<\/p>\n<p>A intera\u00e7\u00e3o com vizinhos e a forma\u00e7\u00e3o de grupos de apoio na troca de informa\u00e7\u00f5es sobre a situa\u00e7\u00e3o em tempo real foram estrat\u00e9gias comuns utilizadas pela popula\u00e7\u00e3o. Essa uni\u00e3o \u00e9 fundamental, pois traz um senso de comunidade em momentos de crise.<\/p>\n<h2>Comparativo com Tempestades Anteriores<\/h2>\n<p>Ao analisar os dados de alagamentos e temporais em S\u00e3o Paulo, \u00e9 poss\u00edvel perceber que esses eventos v\u00eam se tornando cada vez mais frequentes e intensos. Comparando o evento de 14 de janeiro de 2026 com outros temporais anteriores, como o de mar\u00e7o de 2016 que tamb\u00e9m provocou s\u00e9rios danos na cidade, constata-se uma tend\u00eancia alarmante.<\/p>\n<p>Em 2016, as reivindica\u00e7\u00f5es de danos por inunda\u00e7\u00f5es e quedas de \u00e1rvores levaram a um aumento significativo nos investimentos em infraestrutura e drenagem. Contudo, a repeti\u00e7\u00e3o desse fen\u00f4meno em apenas dez anos aponta para a necessidade de rever as estrat\u00e9gias de planejamento urbano. O evento recente demonstrou que, apesar de alguns avan\u00e7os na resposta emergencial, muitos dos problemas estruturais que causam alagamentos na cidade ainda persistem.<\/p>\n<p>Ao longo dos anos, a gest\u00e3o municipal tem sido desafiada a encontrar solu\u00e7\u00f5es que v\u00e3o al\u00e9m da melhora pontual. A educa\u00e7\u00e3o da popula\u00e7\u00e3o em identificar os riscos e agir em conformidade tamb\u00e9m deve ser ressaltada como um fator a ser trabalhado. As li\u00e7\u00f5es do clima precisam se converter em pol\u00edticas de m\u00e9dio e longo prazo para mitigar o impacto das tempestades futuras.<\/p>\n<h2>Perspectivas para o Clima nos Pr\u00f3ximos Dias<\/h2>\n<p>Os meteorologistas apontam que a <strong>intensidade de chuvas<\/strong> nas pr\u00f3ximas semanas pode continuar a ser uma preocupa\u00e7\u00e3o em v\u00e1rias \u00e1reas do Estado de S\u00e3o Paulo. As previs\u00f5es indicam uma possibilidade de novos temporais que podem resultar em alagamentos, principalmente em regi\u00f5es onde a drenagem n\u00e3o foi adequadamente reformada.<\/p>\n<p>As condi\u00e7\u00f5es clim\u00e1ticas dos meses seguintes, agravadas pelas mudan\u00e7as clim\u00e1ticas, tornam essencial que as autoridades tomem medidas preventivas. A monitoriza\u00e7\u00e3o das previs\u00f5es meteorol\u00f3gicas deve ser uma prioridade para a Defesa Civil, que precisa se preparar n\u00e3o s\u00f3 para a\u00e7\u00f5es imediatas, mas tamb\u00e9m para programar interven\u00e7\u00f5es preventivas nas \u00e1reas mais suscet\u00edveis.<\/p>\n<p>Iniciativas de educa\u00e7\u00e3o e conscientiza\u00e7\u00e3o tamb\u00e9m s\u00e3o necess\u00e1rias para que a popula\u00e7\u00e3o se mantenha informada ao longo do per\u00edodo de chuva. A colabora\u00e7\u00e3o entre moradias, escolas e autoridades locais pode formar uma rede de prote\u00e7\u00e3o contra os riscos do clima invernal.<\/p>\n\n<div style=\"font-size: 0px; height: 0px; line-height: 0px; margin: 0; padding: 0; clear: both;\"><\/div>","protected":false},"excerpt":{"rendered":"<p>SP: Temporal alaga Zona Sul e derruba \u00e1rvores; saiba os detalhes.<\/p>\n","protected":false},"author":1,"featured_media":2592,"comment_status":"open","ping_status":"closed","sticky":false,"template":"","format":"standard","meta":{"footnotes":""},"categories":[6],"tags":[],"class_list":["post-2593","post","type-post","status-publish","format-standard","has-post-thumbnail","hentry","category-noticias-no-capao-redondo","has_thumb"],"aioseo_notices":[],"_links":{"self":[{"href":"https:\/\/www.encontracapaoredondo.com.br\/sobre\/wp-json\/wp\/v2\/posts\/2593","targetHints":{"allow":["GET"]}}],"collection":[{"href":"https:\/\/www.encontracapaoredondo.com.br\/sobre\/wp-json\/wp\/v2\/posts"}],"about":[{"href":"https:\/\/www.encontracapaoredondo.com.br\/sobre\/wp-json\/wp\/v2\/types\/post"}],"author":[{"embeddable":true,"href":"https:\/\/www.encontracapaoredondo.com.br\/sobre\/wp-json\/wp\/v2\/users\/1"}],"replies":[{"embeddable":true,"href":"https:\/\/www.encontracapaoredondo.com.br\/sobre\/wp-json\/wp\/v2\/comments?post=2593"}],"version-history":[{"count":0,"href":"https:\/\/www.encontracapaoredondo.com.br\/sobre\/wp-json\/wp\/v2\/posts\/2593\/revisions"}],"wp:featuredmedia":[{"embeddable":true,"href":"https:\/\/www.encontracapaoredondo.com.br\/sobre\/wp-json\/wp\/v2\/media\/2592"}],"wp:attachment":[{"href":"https:\/\/www.encontracapaoredondo.com.br\/sobre\/wp-json\/wp\/v2\/media?parent=2593"}],"wp:term":[{"taxonomy":"category","embeddable":true,"href":"https:\/\/www.encontracapaoredondo.com.br\/sobre\/wp-json\/wp\/v2\/categories?post=2593"},{"taxonomy":"post_tag","embeddable":true,"href":"https:\/\/www.encontracapaoredondo.com.br\/sobre\/wp-json\/wp\/v2\/tags?post=2593"}],"curies":[{"name":"wp","href":"https:\/\/api.w.org\/{rel}","templated":true}]}}