{"id":2587,"date":"2026-01-13T10:57:19","date_gmt":"2026-01-13T13:57:19","guid":{"rendered":"https:\/\/www.encontracapaoredondo.com.br\/sobre\/passagem-de-onibus-aumenta-em-sp-veja-valores-e-cidades-mais-afetadas\/"},"modified":"2026-01-13T10:57:19","modified_gmt":"2026-01-13T13:57:19","slug":"passagem-de-onibus-aumenta-em-sp-veja-valores-e-cidades-mais-afetadas","status":"publish","type":"post","link":"https:\/\/www.encontracapaoredondo.com.br\/sobre\/passagem-de-onibus-aumenta-em-sp-veja-valores-e-cidades-mais-afetadas\/","title":{"rendered":"Passagem de \u00f4nibus aumenta em SP: veja valores e cidades mais afetadas"},"content":{"rendered":"<div class=\"8fb9da09c1a584b185d8cf81e63b5046\" data-index=\"1\" style=\"float: none; margin:0px;\">\n<!-- Anuncio display - global -->\r\n<ins class=\"adsbygoogle\"\r\n     style=\"display:block\"\r\n     data-ad-client=\"ca-pub-8585364105181520\"\r\n     data-ad-slot=\"8789329856\"\r\n     data-ad-format=\"auto\"\r\n     data-full-width-responsive=\"true\"><\/ins>\r\n<script>\r\n     (adsbygoogle = window.adsbygoogle || []).push({});\r\n<\/script>\n<\/div>\n<h2>O que Motiva os Aumentos nas Tarifas de \u00d4nibus<\/h2>\n<p>A quest\u00e3o do aumento nas tarifas de \u00f4nibus \u00e9 complexa e envolve uma combina\u00e7\u00e3o de fatores econ\u00f4micos, administrativos e sociais. Esses aumentos tendem a ocorrer em per\u00edodos de infla\u00e7\u00e3o elevada, quando os custos operacionais das empresas de transporte, como combust\u00edvel e manuten\u00e7\u00e3o das frotas, tamb\u00e9m est\u00e3o em alta. Para muitas cidades, os aumentos nas tarifas s\u00e3o uma tentativa de equilibrar os or\u00e7amentos e garantir a manuten\u00e7\u00e3o dos servi\u00e7os que s\u00e3o essenciais para a mobilidade de milh\u00f5es de pessoas.<\/p>\n<p>Um dos principais motivos para o aumento das passagens \u00e9 a <strong>desvaloriza\u00e7\u00e3o da moeda<\/strong>. Quando a moeda local perde valor frente ao d\u00f3lar, os custos de importa\u00e7\u00e3o de pe\u00e7as e equipamentos, que muitas vezes s\u00e3o adquiridos no exterior, aumentam. Al\u00e9m disso, a <strong>flutua\u00e7\u00e3o dos pre\u00e7os dos combust\u00edveis<\/strong> afeta diretamente a opera\u00e7\u00e3o das empresas de transporte. Com o aumento constante dos pre\u00e7os do diesel, por exemplo, as operadoras s\u00e3o for\u00e7adas a repassar esse custo para os usu\u00e1rios.<\/p>\n<p>Al\u00e9m disso, a <strong>manuten\u00e7\u00e3o da frota<\/strong> e o pagamento dos funcion\u00e1rios s\u00e3o custos fixos que n\u00e3o podem ser ignorados. Muitas prefeituras e governos estaduais enfrentam dificuldades or\u00e7ament\u00e1rias, e o aumento na tarifa \u00e9 visto como uma solu\u00e7\u00e3o r\u00e1pida para melhorar a receita. A inseguran\u00e7a econ\u00f4mica geral pode levar a uma press\u00e3o ainda maior para ajustes nas tarifas.<\/p>\n<p><img decoding=\"async\" src=\"https:\/\/www.encontracapaoredondo.com.br\/sobre\/wp-content\/uploads\/passagem-de-onibus-aumenta-em-sp-veja-valores-e-cidades-mais-afetadas.webp\" alt=\"passagem de \u00f4nibus\" loading=\"lazy\" \/><\/p>\n<p>Por fim, temos a quest\u00e3o da <strong>crescente demanda por transporte p\u00fablico<\/strong>. Com o aumento da popula\u00e7\u00e3o urbana e a migra\u00e7\u00e3o para \u00e1reas metropolitanas, a demanda por transporte p\u00fablico s\u00f3 tem aumentado. Muitas vezes, as empresas se veem sobrecarregadas e incapazes de atender \u00e0 demanda sem realizar ajustes nos pre\u00e7os.<\/p>\n<h2>An\u00e1lise dos Novos Valores: Impactos Financeiros<\/h2>\n<p>Com a implementa\u00e7\u00e3o dos novos valores das tarifas de \u00f4nibus, \u00e9 crucial entender os impactos financeiros que essas mudan\u00e7as trazem para a popula\u00e7\u00e3o. Para milh\u00f5es de trabalhadores e estudantes que dependem do transporte coletivo diariamente, um aumento na tarifa significa menos dinheiro dispon\u00edvel para outras necessidades b\u00e1sicas, como alimenta\u00e7\u00e3o e sa\u00fade.<\/p>\n<p>Por exemplo, se considerarmos um trabalhador que depende do transporte p\u00fablico para ir e voltar do trabalho, o aumento de R$ 0,30 pode n\u00e3o parecer significativo. No entanto, isso representa um acr\u00e9scimo mensal que pode chegar a R$ 6,00 ou mais, dependendo da frequ\u00eancia com que a pessoa utiliza o transporte. Para muitos, isso pode significar a diferen\u00e7a entre conseguir ou n\u00e3o pagar uma conta.<\/p>\n<p>Al\u00e9m disso, a integra\u00e7\u00e3o entre diferentes modos de transporte, como \u00f4nibus e metr\u00f4, tamb\u00e9m est\u00e1 sendo afetada. A tarifa de integra\u00e7\u00e3o pode ter um impacto ainda mais significativo no bolso do passageiro. Por exemplo, um trabalhador que utiliza \u00f4nibus e metr\u00f4 diariamente pode pagar at\u00e9 R$ 11,32 para uma viagem integrada. Isso representa um grande desafio, especialmente para aqueles com sal\u00e1rios mais baixos.<\/p>\n<p>Outro ponto a considerar \u00e9 que, em um contexto de alta infla\u00e7\u00e3o, o aumento das tarifas pode criar um efeito cascata. \u00c0 medida que a tarifa de transporte aumenta, outros servi\u00e7os e produtos podem seguir a mesma tend\u00eancia, exacerbando ainda mais a situa\u00e7\u00e3o financeira das fam\u00edlias que j\u00e1 lidam com dificuldades.<\/p>\n<h2>Destaque para Guarulhos: O Maior Aumento da Regi\u00e3o<\/h2>\n<p>Com certeza, Guarulhos se destaca como a cidade com o maior aumento das tarifas de \u00f4nibus na regi\u00e3o da Grande S\u00e3o Paulo. O novo valor de R$ 6,20 para a passagem municipal representa um aumento impressionante de 21,5%. Essa decis\u00e3o gerou muitas discuss\u00f5es entre os cidad\u00e3os, especialmente considerando que a cidade j\u00e1 enfrenta desafios econ\u00f4micos significativos.<\/p>\n<p>Esse aumento mau reflete a realidade dif\u00edcil com a qual muitos guarulhenses lidam. Para muitos, o transporte p\u00fablico \u00e9 a \u00fanica op\u00e7\u00e3o vi\u00e1vel, e o aumento das tarifas impacta diretamente o acesso ao trabalho, educa\u00e7\u00e3o e servi\u00e7os de sa\u00fade. Al\u00e9m disso, o alto custo das passagens pode aumentar a desigualdade social, pois aqueles com menos recursos ser\u00e3o os mais prejudicados.<\/p>\n<p>A situa\u00e7\u00e3o de Guarulhos serve como um alerta para outras cidades que tamb\u00e9m dependem do transporte p\u00fablico. O impacto financeiro n\u00e3o se limita \u00e0s tarifas, mas se estende ao bem-estar social e \u00e0 economia local. Essa situa\u00e7\u00e3o deve motivar os governantes a repensarem suas estrat\u00e9gias para a gest\u00e3o do transporte p\u00fablico, buscando solu\u00e7\u00f5es que n\u00e3o sobrecarreguem a popula\u00e7\u00e3o.<\/p>\n<h2>Situa\u00e7\u00e3o das Tarifas no ABC Paulista<\/h2>\n<p>A regi\u00e3o do ABC Paulista apresenta um cen\u00e1rio misto em rela\u00e7\u00e3o ao aumento das tarifas de \u00f4nibus. Enquanto algumas cidades, como Mau\u00e1 e Ribeir\u00e3o Pires, est\u00e3o passando por reajustes, outras, como Santo Andr\u00e9 e S\u00e3o Bernardo do Campo, optaram por congelar os valores. Esta disparidade pode gerar confus\u00e3o e frustra\u00e7\u00e3o entre os usu\u00e1rios, que esperam alguma uniformidade em um sistema interligado.<\/p>\n<p>As tarifas em Santo Andr\u00e9 e S\u00e3o Bernardo do Campo est\u00e3o congeladas, trazendo certa al\u00edvio para os cidad\u00e3os, que ainda enfrentam desafios financeiros. Esse contexto refor\u00e7a a import\u00e2ncia do transporte p\u00fablico, que \u00e9 essencial para a mobilidade urbana e a integra\u00e7\u00e3o social. A manuten\u00e7\u00e3o de tarifas acess\u00edveis \u00e9 um passo importante para garantir que o transporte permane\u00e7a dispon\u00edvel para todos.<\/p>\n<p>No entanto, mesmo com o congelamento das tarifas, a press\u00e3o por reajustes est\u00e1 sempre presente, considerando os custos crescentes que as empresas de transporte enfrentam. Portanto, a necessidade de um planejamento adequado e de uma estrat\u00e9gia de gest\u00e3o eficaz \u00e9 mais evidente do que nunca.<\/p>\n<p>Os moradores do ABC devem estar atentos a essas mudan\u00e7as e buscar formas de se organizar coletivamente para reivindicar um transporte p\u00fablico mais acess\u00edvel e de qualidade. A mobiliza\u00e7\u00e3o social, aliada a um di\u00e1logo aberto com as autoridades, pode ser eficaz na busca por solu\u00e7\u00f5es que beneficiem a todos.<\/p>\n<h2>Reajuste nos Transportes Intermunicipais<\/h2>\n<p>A situa\u00e7\u00e3o dos transportes intermunicipais \u00e9 um tema que tamb\u00e9m merece aten\u00e7\u00e3o especial, pois muitas pessoas dependem desses servi\u00e7os para se deslocar entre cidades. A Artesp, ag\u00eancia respons\u00e1vel pela regulamenta\u00e7\u00e3o do transporte intermunicipal em S\u00e3o Paulo, anunciou um aumento de 3,85% nas tarifas, uma m\u00e9dia muito inferior ao que foi visto em Guarulhos.<\/p>\n<p>Esse aumento se aplica a todos os servi\u00e7os intermunicipais e reflete uma tentativa do governo de recalibrar as tarifas em resposta ao aumento dos custos operacionais. Contudo, em algumas localidades, o impacto tamb\u00e9m ser\u00e1 sentido de maneira desigual, dependendo das caracter\u00edsticas espec\u00edficas de cada linha e rota. Portanto, \u00e9 essencial que os usu\u00e1rios conhe\u00e7am seus trajetos e os novos valores para evitar surpresas.<\/p>\n<p>O reajuste de 3,85% pode at\u00e9 soar como uma medida controlada, mas para quem depende desse meio de transporte diariamente, cada centavo conta e as somas rapidamente se acumulam. A gest\u00e3o eficiente e transpar\u00eancia no uso dos recursos arrecadados tamb\u00e9m s\u00e3o essenciais para justificar tais aumentos e criar um sistema de transporte p\u00fablico mais aceit\u00e1vel e utiliz\u00e1vel.<\/p>\n<h2>Mudan\u00e7as nas Integra\u00e7\u00f5es entre \u00d4nibus e Metr\u00f4<\/h2>\n<p>As mudan\u00e7as nas tarifas de integra\u00e7\u00e3o entre \u00f4nibus e metr\u00f4 s\u00e3o uma \u00e1rea que gera particular preocupa\u00e7\u00e3o entre os usu\u00e1rios do transporte p\u00fablico. O aumento no custo da integra\u00e7\u00e3o pode desestimular o uso do transporte coletivo e ter um efeito negativo sobre a mobilidade urbana. Atualmente, muitas pessoas dependem da combina\u00e7\u00e3o entre \u00f4nibus e metr\u00f4 para se deslocarem em suas rotinas di\u00e1rias.<\/p>\n<p>Por exemplo, a tarifa de integra\u00e7\u00e3o entre o \u00f4nibus e o metr\u00f4 em S\u00e3o Paulo aumentou para R$ 9,38. Esse aumento, embora pare\u00e7a pequeno, pode afetar seriamente as despesas mensais de quem utiliza o sistema frequentemente, impactando a decis\u00e3o de milhares de pessoas em optar pelo transporte p\u00fablico.<\/p>\n<p>Al\u00e9m disso, mudan\u00e7as nas tarifas de integra\u00e7\u00e3o podem levar \u00e0 fragmenta\u00e7\u00e3o do uso do transporte p\u00fablico. O risco \u00e9 que os usu\u00e1rios busquem alternativas, como utilizar carros particulares ou aplicativos de transporte, o que pode resultar em um aumento do tr\u00e2nsito e, como consequ\u00eancia, agravar os problemas de mobilidade urbana e polui\u00e7\u00e3o.<\/p>\n<h2>Alternativas para Economizar com o Transporte<\/h2>\n<p>Com o aumento cont\u00ednuo das tarifas de \u00f4nibus, muitos cidad\u00e3os buscam alternativas para economizar em seus deslocamentos di\u00e1rios. Uma das melhores estrat\u00e9gias \u00e9 a <strong>antecipa\u00e7\u00e3o de recargas<\/strong>. Para aqueles que utilizam sistemas de bilhetagem eletr\u00f4nica, como o Bilhete \u00danico, recarregar o cart\u00e3o antes do reajuste pode levar a economias significativas, j\u00e1 que o saldo antigo pode ser utilizado por um per\u00edodo ap\u00f3s a recarga.<\/p>\n<p>Outra alternativa \u00e9 avaliar a viabilidade de adquirir um <strong>bilhete mensal<\/strong>, que pode ser uma op\u00e7\u00e3o mais econ\u00f4mica para quem utiliza o transporte p\u00fablico com frequ\u00eancia. Ao dividir o custo mensal pela quantidade de viagens realizadas, \u00e9 poss\u00edvel verificar se a compra do bilhete mensal se torna vantajosa em compara\u00e7\u00e3o ao pagamento avulso.<\/p>\n<p>Al\u00e9m disso, pode ser interessante acompanhar as <strong>promo\u00e7\u00f5es e descontos<\/strong> oferecidos pelas empresas de transporte. Muitas vezes, h\u00e1 iniciativas para incentivar o uso do transporte p\u00fablico, e os usu\u00e1rios devem estar atentos a essas oportunidades.<\/p>\n<p>Por fim, \u00e9 essencial que os cidad\u00e3os continuem a reivindicar melhorias no transporte p\u00fablico, buscando fomentar um di\u00e1logo produtivo com as autoridades respons\u00e1veis. Mobiliza\u00e7\u00f5es sociais e manifesta\u00e7\u00f5es podem ser eficazes para pressionar por um sistema de transporte mais justo e que atenda melhor \u00e0s necessidades da popula\u00e7\u00e3o.<\/p>\n<h2>Perspectivas para o Futuro do Transporte P\u00fablico<\/h2>\n<p>A continuidade dos aumentos nas tarifas de \u00f4nibus levanta importantes perguntas sobre o futuro do transporte p\u00fablico. \u00c0 medida que as cidades enfrentam desafios relacionados \u00e0 mobilidade urbana, a necessidade de encontrar solu\u00e7\u00f5es sustent\u00e1veis se torna evidente. A ado\u00e7\u00e3o de novas tecnologias e pr\u00e1ticas inovativas pode ser um passo fundamental para a melhoria do sistema.<\/p>\n<p>Um ponto a se considerar \u00e9 a implementa\u00e7\u00e3o de sistemas de <strong>transporte inteligente<\/strong>, que podem otimizar a utiliza\u00e7\u00e3o das frotas e proporcionar melhor conforto aos usu\u00e1rios. Iniciativas de ve\u00edculos el\u00e9tricos ou h\u00edbridos, por exemplo, t\u00eam o potencial de reduzir custos operacionais em longo prazo e promover um transporte mais sustent\u00e1vel.<\/p>\n<p>Ao mesmo tempo, \u00e9 importante que os governantes considerem o papel social do transporte p\u00fablico. Garantir tarifas acess\u00edveis e um servi\u00e7o de qualidade n\u00e3o \u00e9 apenas uma quest\u00e3o financeira, mas uma quest\u00e3o de justi\u00e7a social e inclus\u00e3o. O envolvimento da popula\u00e7\u00e3o na formula\u00e7\u00e3o de pol\u00edticas de transporte \u00e9 vital para que as solu\u00e7\u00f5es atendam realmente \u00e0s necessidades coletivas.<\/p>\n<h2>Como a Altera\u00e7\u00e3o das Tarifas Afeta o Cotidiano<\/h2>\n<p>Altera\u00e7\u00f5es nas tarifas de \u00f4nibus t\u00eam um impacto significativo no cotidiano das pessoas. Elas podem afetar n\u00e3o apenas o modo como as pessoas se deslocam, mas tamb\u00e9m suas rotinas e planos de vida. Para trabalhadores e estudantes, o aumento no custo do transporte pode resultar em escolhas dif\u00edceis, como cortar gastos em outras \u00e1reas.<\/p>\n<p>Al\u00e9m disso, pode haver uma queda na qualidade de vida, pois as pessoas podem ser for\u00e7adas a gastar mais tempo na viagem, enfrentando \u00f4nibus superlotados e atrasos. O estresse causado pelos aumentos constantes de tarifas e pela press\u00e3o da rotina pode contribuir para um clima de insatisfa\u00e7\u00e3o e descontentamento entre a popula\u00e7\u00e3o.<\/p>\n<p>A quest\u00e3o do transporte p\u00fablico vai muito al\u00e9m do mero deslocamento; trata-se de garantir acesso a oportunidades e direitos fundamentais, como educa\u00e7\u00e3o, sa\u00fade e emprego. Por conseguinte, o debate sobre as tarifas deve ser central nos discursos sobre o desenvolvimento urbano e social.<\/p>\n<h2>Conselhos para Usu\u00e1rios no Momento da Mudan\u00e7a<\/h2>\n<p>Diante das mudan\u00e7as nas tarifas de \u00f4nibus e dos impactos financeiros que elas trazem, \u00e9 importante que os usu\u00e1rios estejam preparados e informados. Aqui est\u00e3o alguns conselhos pr\u00e1ticos:<\/p>\n<ul>\n<li><strong>Fique atento aos comunicados:<\/strong> Mantenha-se informado sobre mudan\u00e7as nas tarifas e na opera\u00e7\u00e3o do servi\u00e7o, que frequentemente s\u00e3o divulgadas nas m\u00eddias sociais das empresas de transporte.<\/li>\n<li><strong>Organize seu or\u00e7amento:<\/strong> Reavalie suas despesas mensais e veja como o aumento das tarifas impacta seu or\u00e7amento. Isso pode ajudar a identificar \u00e1reas em que voc\u00ea pode economizar.<\/li>\n<li><strong>Explore alternativas:<\/strong> Considere o uso de bicicletas, caronas ou at\u00e9 a possibilidade de trabalhar remotamente se sua fun\u00e7\u00e3o permitir.<\/li>\n<li><strong>Megafone, exija melhorias:<\/strong> Junte-se a grupos ou associa\u00e7\u00f5es comunit\u00e1rias que lutam por melhorias nas condi\u00e7\u00f5es do transporte p\u00fablico e reivindique seus direitos como usu\u00e1rio.<\/li>\n<\/ul>\n<p>Esses s\u00e3o passos que podem ajudar a mitigar os efeitos dos aumentos nas tarifas e a contribuir para a constru\u00e7\u00e3o de um sistema de transporte p\u00fablico mais justo e acess\u00edvel para todos.<\/p>\n\n<div style=\"font-size: 0px; height: 0px; line-height: 0px; margin: 0; padding: 0; clear: both;\"><\/div>","protected":false},"excerpt":{"rendered":"<p>Passagem de \u00f4nibus em SP sobe; entenda os impactos e cidades afetadas.<\/p>\n","protected":false},"author":1,"featured_media":2586,"comment_status":"open","ping_status":"closed","sticky":false,"template":"","format":"standard","meta":{"footnotes":""},"categories":[6],"tags":[],"class_list":["post-2587","post","type-post","status-publish","format-standard","has-post-thumbnail","hentry","category-noticias-no-capao-redondo","has_thumb"],"aioseo_notices":[],"_links":{"self":[{"href":"https:\/\/www.encontracapaoredondo.com.br\/sobre\/wp-json\/wp\/v2\/posts\/2587","targetHints":{"allow":["GET"]}}],"collection":[{"href":"https:\/\/www.encontracapaoredondo.com.br\/sobre\/wp-json\/wp\/v2\/posts"}],"about":[{"href":"https:\/\/www.encontracapaoredondo.com.br\/sobre\/wp-json\/wp\/v2\/types\/post"}],"author":[{"embeddable":true,"href":"https:\/\/www.encontracapaoredondo.com.br\/sobre\/wp-json\/wp\/v2\/users\/1"}],"replies":[{"embeddable":true,"href":"https:\/\/www.encontracapaoredondo.com.br\/sobre\/wp-json\/wp\/v2\/comments?post=2587"}],"version-history":[{"count":0,"href":"https:\/\/www.encontracapaoredondo.com.br\/sobre\/wp-json\/wp\/v2\/posts\/2587\/revisions"}],"wp:featuredmedia":[{"embeddable":true,"href":"https:\/\/www.encontracapaoredondo.com.br\/sobre\/wp-json\/wp\/v2\/media\/2586"}],"wp:attachment":[{"href":"https:\/\/www.encontracapaoredondo.com.br\/sobre\/wp-json\/wp\/v2\/media?parent=2587"}],"wp:term":[{"taxonomy":"category","embeddable":true,"href":"https:\/\/www.encontracapaoredondo.com.br\/sobre\/wp-json\/wp\/v2\/categories?post=2587"},{"taxonomy":"post_tag","embeddable":true,"href":"https:\/\/www.encontracapaoredondo.com.br\/sobre\/wp-json\/wp\/v2\/tags?post=2587"}],"curies":[{"name":"wp","href":"https:\/\/api.w.org\/{rel}","templated":true}]}}