{"id":2585,"date":"2026-01-13T10:55:17","date_gmt":"2026-01-13T13:55:17","guid":{"rendered":"https:\/\/www.encontracapaoredondo.com.br\/sobre\/exposicoes-gratuitas-para-as-ferias-em-sp-abc-do-abc\/"},"modified":"2026-01-13T10:55:17","modified_gmt":"2026-01-13T13:55:17","slug":"exposicoes-gratuitas-para-as-ferias-em-sp-abc-do-abc","status":"publish","type":"post","link":"https:\/\/www.encontracapaoredondo.com.br\/sobre\/exposicoes-gratuitas-para-as-ferias-em-sp-abc-do-abc\/","title":{"rendered":"Exposi\u00e7\u00f5es gratuitas para as f\u00e9rias em SP ABC do ABC"},"content":{"rendered":"<div class=\"8fb9da09c1a584b185d8cf81e63b5046\" data-index=\"1\" style=\"float: none; margin:0px;\">\n<!-- Anuncio display - global -->\r\n<ins class=\"adsbygoogle\"\r\n     style=\"display:block\"\r\n     data-ad-client=\"ca-pub-8585364105181520\"\r\n     data-ad-slot=\"8789329856\"\r\n     data-ad-format=\"auto\"\r\n     data-full-width-responsive=\"true\"><\/ins>\r\n<script>\r\n     (adsbygoogle = window.adsbygoogle || []).push({});\r\n<\/script>\n<\/div>\n<h2>Conex\u00e3o com Saberes Ind\u00edgenas<\/h2>\n<p>O Brasil abriga uma diversidade cultural riqu\u00edssima, predominantemente vis\u00edvel nas tradi\u00e7\u00f5es ind\u00edgenas que fazem parte do nosso patrim\u00f4nio hist\u00f3rico. Durante as exposi\u00e7\u00f5es gratuitas em S\u00e3o Paulo, destaca-se o <strong>Museu das Culturas Ind\u00edgenas<\/strong>, que convida os visitantes a uma reflex\u00e3o profunda sobre a espiritualidade, a natureza e a cultura dos povos ind\u00edgenas. Esta parte da programa\u00e7\u00e3o, chamada <em>Hendu Por\u00e3\u2019r\u00e3<\/em>, foca na imers\u00e3o sensorial na cultura Guarani, onde o participante \u00e9 incentivado a <strong>\u201cescutar com o corpo\u201d<\/strong>.<\/p>\n<p>Al\u00e9m disso, o segmento <em>Nhe\u2019\u1ebd ry<\/em> traz uma viagem ao cora\u00e7\u00e3o da espiritualidade ind\u00edgena na Mata Atl\u00e2ntica, permitindo aos visitantes uma compreens\u00e3o mais aprofundada das pr\u00e1ticas e cren\u00e7as que moldam esses povos. Outro destaque, <em>Mymba\u2019i<\/em>, gera reflex\u00f5es urgentes sobre o impacto da a\u00e7\u00e3o humana na natureza, enfatizando a necessidade de prote\u00e7\u00e3o e conserva\u00e7\u00e3o ambiental.<\/p>\n<p>Essas exposi\u00e7\u00f5es oferecem uma oportunidade \u00fanica de aprendizado e de conex\u00e3o com os saberes ind\u00edgenas, tornando-se um imprescind\u00edvel destino para quem deseja compreender melhor a origem das tradi\u00e7\u00f5es culturais do Brasil.<\/p>\n<p><img decoding=\"async\" src=\"https:\/\/www.encontracapaoredondo.com.br\/sobre\/wp-content\/uploads\/exposicoes-gratuitas-para-as-ferias-em-sp-abc-do-abc.webp\" alt=\"exposi\u00e7\u00f5es gratuitas em SP\" loading=\"lazy\" \/><\/p>\n<h2>Cultura Urbana e Mem\u00f3ria<\/h2>\n<p>S\u00e3o Paulo \u00e9 uma metr\u00f3pole pulsante e vibrante, rica em cultura urbana que permeia suas ruas. Assim, as exposi\u00e7\u00f5es como <em>HIP-HOP 80\u2019sp<\/em>, apresentada no <strong>Sesc 24 de Maio<\/strong>, desempenham um papel fundamental na preserva\u00e7\u00e3o da mem\u00f3ria dessa est\u00e9tica. Com mais de 3 mil itens, desde discos at\u00e9 roupas e fotos que marcaram uma era, essa mostra, com a curadoria de \u00edcones como KL Jay e Tha\u00edde, celebra a chegada do break ao Brasil e suas consequ\u00eancias para a cultura nacional.<\/p>\n<p>Outra atra\u00e7\u00e3o que merece destaque \u00e9 a exposi\u00e7\u00e3o <em>Picadilha<\/em>, que ocorrer\u00e1 na <strong>Ch\u00e1cara Lane<\/strong> e \u00e9 voltada para o graffiti brasileiro, uma poderosa forma de express\u00e3o art\u00edstica que enriquece o cen\u00e1rio urbano da cidade. Thiago Consp, o artista respons\u00e1vel, apresentar\u00e1 a est\u00e9tica e a hist\u00f3ria desta arte, permitindo que os visitantes contemplem suas ra\u00edzes e evolu\u00e7\u00e3o.<\/p>\n<p>Essas exposi\u00e7\u00f5es n\u00e3o apenas preservam a hist\u00f3ria e a cultura urbana como tamb\u00e9m convidam novos p\u00fablicos a interagir com a arte de maneira din\u00e2mica e inclusiva, refletindo a diversidade cultural do Brasil.<\/p>\n<h2>Grandes Mestres e Arquitetura<\/h2>\n<p>A arquitetura e a arte contempor\u00e2nea dialogam permanentemente em S\u00e3o Paulo, especialmente em exposi\u00e7\u00f5es como a do uruguaio <strong>Joaqu\u00edn Torres Garc\u00eda<\/strong>, no <strong>Centro Cultural Banco do Brasil (CCBB)<\/strong>. Comemorando seus 150 anos, a mostra relaciona o construtivismo latino-americano com a arte contempor\u00e2nea brasileira, promovendo um interc\u00e2mbio cultural riqu\u00edssimo que tece la\u00e7os entre passado e presente.<\/p>\n<p>Adicionalmente, destacam-se projetos como a escultura <em>Cabod\u00e1<\/em>, de M\u00e1rcia Pastore, exposta na <strong>Capela do Morumbi<\/strong>, onde a artista utiliza a pr\u00f3pria estrutura de taipa de pil\u00e3o para discutir conceitos de corpo e espa\u00e7o. Essa mostra se torna uma experi\u00eancia \u00fanica, pois a arquitetura da capela dialoga diretamente com o trabalho da artista.<\/p>\n<p>O Beco do Pinto tamb\u00e9m n\u00e3o poderia ficar de fora da rota cultural, onde Karola Braga inaugura <em>O mergulho de Na\u00ef\u00e1<\/em>, uma instala\u00e7\u00e3o que conjuga vidro, ferro e uma experi\u00eancia olfativa intrigante. Essas exposi\u00e7\u00f5es provar\u00e3o ser um deleite para os amantes da arte e da arquitetura, proporcionando um mergulho na criatividade e na inova\u00e7\u00e3o.<\/p>\n<h2>Literatura e Mem\u00f3ria em Museus-Casa<\/h2>\n<p>As casas hist\u00f3ricas de S\u00e3o Paulo desempenham um papel crucial na preserva\u00e7\u00e3o do legado de grandes intelectuais brasileiros. Por exemplo, a <strong>Casa M\u00e1rio de Andrade<\/strong> apresenta a mostra <em>Morada do Cora\u00e7\u00e3o Perdido<\/em>, que explora a intimidade do espa\u00e7o pessoal do autor e suas contribui\u00e7\u00f5es liter\u00e1rias. A intera\u00e7\u00e3o com o acervo pessoal de Andrade \u00e9 uma oportunidade para o visitante compreender a vida e obra do escritor de maneira mais profunda.<\/p>\n<p>Outra experi\u00eancia not\u00e1vel \u00e9 a visita \u00e0 <strong>Casa Guilherme de Almeida<\/strong>, que destaca o cotidiano do poeta por meio de seu mobili\u00e1rio original e objetos pessoais, proporcionando uma vis\u00e3o real do contexto em que ele produziu sua obra.<\/p>\n<p>Na <strong>Casa das Rosas<\/strong>, no Jardim, os visitantes podem apreciar fotografias e poesias de <em>Khalil Gibran: do Oriente ao Ocidente<\/em>, at\u00e9 04 de janeiro de 2026. Essa mostra conecta a literatura oriental e ocidental, permitindo um rico interc\u00e2mbio cultural e uma aprecia\u00e7\u00e3o mais profunda das diferentes influ\u00eancias liter\u00e1rias.<\/p>\n<h2>Programa\u00e7\u00e3o nas Periferias<\/h2>\n<p>As <strong>F\u00e1bricas de Cultura<\/strong> que se espalham pelas periferias de S\u00e3o Paulo s\u00e3o uma iniciativa essencial que democratiza o acesso \u00e0 cultura. Elas contam com uma programa\u00e7\u00e3o pulsante que inclui oficinas de f\u00e9rias, shows, sess\u00f5es de cinema e diversas viv\u00eancias art\u00edsticas. Unidades como Brasil\u00e2ndia, Cap\u00e3o Redondo, Osasco e Taipas garantem que a arte e a cultura ocupem todos os cantos da cidade, promovendo inclus\u00e3o e educa\u00e7\u00e3o.<\/p>\n<p>As F\u00e1bricas de Cultura n\u00e3o apenas oferecem eventos gratuitos, mas tamb\u00e9m se tornam espa\u00e7os de conviv\u00eancia e aprendizado, onde os jovens podem desenvolver suas habilidades art\u00edsticas e humanas. Isso \u00e9 fundamental para criar um senso de pertencimento e identidade cultural nas comunidades que frequentemente s\u00e3o deixadas \u00e0 margem de atividades culturais.<\/p>\n<p>Com essa abordagem, as F\u00e1bricas de Cultura contribuem significativamente para o fortalecimento da cultura local e para a transforma\u00e7\u00e3o social atrav\u00e9s da arte, mostrando que a cultura deve ser acess\u00edvel a todos.<\/p>\n<h2>As Melhores Exposi\u00e7\u00f5es para o Ver\u00e3o<\/h2>\n<p>Durante o ver\u00e3o, as exposi\u00e7\u00f5es em S\u00e3o Paulo se tornam ainda mais vibrantes. A proposta de um circuito cultural intenso e gratuito \u00e9 a chave para quem quer aproveitar as f\u00e9rias em plena cidade. De mostras sobre saberes ind\u00edgenas a exposi\u00e7\u00f5es de arte urbana, h\u00e1 op\u00e7\u00f5es para todos os gostos. A variedade de experi\u00eancias garante uma programa\u00e7\u00e3o diversificada que atende desde crian\u00e7as at\u00e9 adultos, oferecendo um espa\u00e7o rico para intera\u00e7\u00e3o e aprendizado.<\/p>\n<p>Exposi\u00e7\u00f5es como <em>HIP-HOP 80\u2019sp<\/em> e <em>Hendu Por\u00e3\u2019r\u00e3<\/em> fazem parte dessa programa\u00e7\u00e3o vibrante que traz \u00e0 tona a hist\u00f3ria e cultura brasileiras sob diferentes perspectivas. As atividades s\u00e3o pensadas para que o p\u00fablico possa explorar, aprender e, claro, se divertir.<\/p>\n<p>A magia das f\u00e9rias em S\u00e3o Paulo se completa com a possibilidade de se conectar com a cultura de forma gratuita, provando que a cidade \u00e9 um verdadeiro centro cultural que valoriza sua diversidade.<\/p>\n<h2>Como Planejar sua Visita<\/h2>\n<p>Planejar uma visita \u00e0s exposi\u00e7\u00f5es em S\u00e3o Paulo \u00e9 uma tarefa que exige um pouco de aten\u00e7\u00e3o, mas que vale a pena pelo enorme acervo cultural que a cidade oferece. Para garantir uma experi\u00eancia tranquila, o primeiro passo \u00e9 conferir a programa\u00e7\u00e3o das exposi\u00e7\u00f5es. A maioria das mostras oferece informa\u00e7\u00f5es detalhadas sobre hor\u00e1rios, locais e at\u00e9 dicas sobre como chegar.<\/p>\n<p>\u00c9 importante tamb\u00e9m considerar o p\u00fablico. Muitas exposi\u00e7\u00f5es t\u00eam atividades dedicadas para crian\u00e7as, como oficinas e intera\u00e7\u00f5es l\u00fadicas, proporcionando uma experi\u00eancia educativa e divertida. Verificar se \u00e9 necess\u00e1rio agendamento pr\u00e9vio pode evitar surpresas na hora da visita.<\/p>\n<p>Ao se planejar para exposi\u00e7\u00f5es em lugares como o Sesc ou CCBB, prepare-se para vivenciar n\u00e3o apenas as exposi\u00e7\u00f5es, mas tamb\u00e9m eventos paralelos que geralmente acontecem nesses espa\u00e7os, como palestras e debates sobre temas relevantes. Aproveite para explorar os arredores, pois muitas vezes essas institui\u00e7\u00f5es est\u00e3o cercadas de outros pontos tur\u00edsticos que valem a visita.<\/p>\n<h2>O Impacto das F\u00e1bricas de Cultura<\/h2>\n<p>O projeto das F\u00e1bricas de Cultura impacta profundamente as comunidades em que est\u00e3o inseridas. Elas servem como centros de aprendizado e troca, oferecendo uma gama de atividades que possibilitam aos participantes n\u00e3o apenas aprender sobre arte, mas tamb\u00e9m desenvolver suas habilidades criativas. Essas iniciativas refor\u00e7am a import\u00e2ncia de se ter espa\u00e7os culturais que atendam \u00e0 popula\u00e7\u00e3o de maneira integrada.<\/p>\n<p>A participa\u00e7\u00e3o em oficinas de arte, m\u00fasica, teatro e dan\u00e7a promove n\u00e3o apenas a socializa\u00e7\u00e3o, mas tamb\u00e9m a autoestima e o desenvolvimento pessoal, um fator crucial para a forma\u00e7\u00e3o de cidad\u00e3os conscientes e participativos. As F\u00e1bricas de Cultura s\u00e3o, portanto, locais onde o potencial humano \u00e9 incentivado e explorado, mostrando que a arte pode ser uma ferramenta poderosa para mudan\u00e7a social.<\/p>\n<p>Al\u00e9m de oferecer um espa\u00e7o para a produ\u00e7\u00e3o art\u00edstica, as F\u00e1bricas de Cultura fomentam a valoriza\u00e7\u00e3o do talento local, permitindo que artistas emergentes mostrem seu trabalho e se conectem com o p\u00fablico. Dessa forma, criam-se novas oportunidades e um ciclo de valoriza\u00e7\u00e3o da cultura que beneficia todos os envolvidos.<\/p>\n<h2>Exposi\u00e7\u00f5es Que Celebram a Diversidade<\/h2>\n<p>As exposi\u00e7\u00f5es em S\u00e3o Paulo n\u00e3o apenas apresentam diferentes tipos de arte, mas tamb\u00e9m celebram a diversidade cultural que caracteriza a cidade. Trabalhos que abordam quest\u00f5es de g\u00eanero, ra\u00e7a e identidade s\u00e3o cada vez mais frequentes, permitindo que vozes historicamente marginalizadas ocupem espa\u00e7o. Essas provoca\u00e7\u00f5es s\u00e3o fundamentais para fomentar di\u00e1logos que ultrapassam o \u00e2mbito das galerias e instala\u00e7\u00f5es e que se estendem \u00e0 sociedade em geral.<\/p>\n<p>Atrav\u00e9s de exposi\u00e7\u00f5es como as que o CCBB oferece, os visitantes s\u00e3o convidados n\u00e3o apenas a observar, mas tamb\u00e9m a refletir sobre temas contempor\u00e2neos que impactam a vida de muitos brasileiros. A conectividade entre arte e sociedade \u00e9 abordada de forma profunda e sens\u00edvel, promovendo uma verdadeira transforma\u00e7\u00e3o social atrav\u00e9s do conhecimento.<\/p>\n<p>Dessa maneira, cada exposi\u00e7\u00e3o se torna uma oportunidade de celebrar a rica tape\u00e7aria cultural que comp\u00f5e o Brasil, trazendo \u00e0 tona narrativas que merecem ser escutadas e valorizadas.<\/p>\n<h2>Atra\u00e7\u00f5es Imperd\u00edveis para Fam\u00edlias<\/h2>\n<p>Atra\u00e7\u00f5es gratuitas e de f\u00e1cil acesso s\u00e3o uma prioridade para fam\u00edlias que desejam aproveitar a cidade e aprender juntos. As exposi\u00e7\u00f5es em S\u00e3o Paulo, muitas vezes, se desdobram em atividades interativas que s\u00e3o ideais para crian\u00e7as. Os pais podem levar seus filhos para participar de oficinas, shows e programas de conta\u00e7\u00e3o de hist\u00f3rias, ampliando a experi\u00eancia cultural familiar.<\/p>\n<p>Visitar locais como o Museu das Culturas Ind\u00edgenas e o SESC se revela como uma excelente maneira de introduzir as crian\u00e7as \u00e0 diversidade cultural desde cedo. As exposi\u00e7\u00f5es pensadas para a fam\u00edlia levam em considera\u00e7\u00e3o a curiosidade dos pequenos e oferecem oportunidades para intera\u00e7\u00e3o, sempre respeitando a faixa et\u00e1ria dos participantes.<\/p>\n<p>Com essa variedade de atividades, S\u00e3o Paulo se posiciona como um palco cultural acess\u00edvel e inclusivo, onde fam\u00edlias podem explorar, aprender e se divertir juntas, comprovando que a cultura \u00e9 um bem que deve ser compartilhado por todos.<\/p>\n\n<div style=\"font-size: 0px; height: 0px; line-height: 0px; margin: 0; padding: 0; clear: both;\"><\/div>","protected":false},"excerpt":{"rendered":"<p>Exposi\u00e7\u00f5es gratuitas em SP oferecem uma experi\u00eancia cultural incr\u00edvel para todos os visitantes.<\/p>\n","protected":false},"author":1,"featured_media":2584,"comment_status":"open","ping_status":"closed","sticky":false,"template":"","format":"standard","meta":{"footnotes":""},"categories":[6],"tags":[],"class_list":["post-2585","post","type-post","status-publish","format-standard","has-post-thumbnail","hentry","category-noticias-no-capao-redondo","has_thumb"],"aioseo_notices":[],"_links":{"self":[{"href":"https:\/\/www.encontracapaoredondo.com.br\/sobre\/wp-json\/wp\/v2\/posts\/2585","targetHints":{"allow":["GET"]}}],"collection":[{"href":"https:\/\/www.encontracapaoredondo.com.br\/sobre\/wp-json\/wp\/v2\/posts"}],"about":[{"href":"https:\/\/www.encontracapaoredondo.com.br\/sobre\/wp-json\/wp\/v2\/types\/post"}],"author":[{"embeddable":true,"href":"https:\/\/www.encontracapaoredondo.com.br\/sobre\/wp-json\/wp\/v2\/users\/1"}],"replies":[{"embeddable":true,"href":"https:\/\/www.encontracapaoredondo.com.br\/sobre\/wp-json\/wp\/v2\/comments?post=2585"}],"version-history":[{"count":0,"href":"https:\/\/www.encontracapaoredondo.com.br\/sobre\/wp-json\/wp\/v2\/posts\/2585\/revisions"}],"wp:featuredmedia":[{"embeddable":true,"href":"https:\/\/www.encontracapaoredondo.com.br\/sobre\/wp-json\/wp\/v2\/media\/2584"}],"wp:attachment":[{"href":"https:\/\/www.encontracapaoredondo.com.br\/sobre\/wp-json\/wp\/v2\/media?parent=2585"}],"wp:term":[{"taxonomy":"category","embeddable":true,"href":"https:\/\/www.encontracapaoredondo.com.br\/sobre\/wp-json\/wp\/v2\/categories?post=2585"},{"taxonomy":"post_tag","embeddable":true,"href":"https:\/\/www.encontracapaoredondo.com.br\/sobre\/wp-json\/wp\/v2\/tags?post=2585"}],"curies":[{"name":"wp","href":"https:\/\/api.w.org\/{rel}","templated":true}]}}