{"id":2581,"date":"2026-01-10T06:45:21","date_gmt":"2026-01-10T09:45:21","guid":{"rendered":"https:\/\/www.encontracapaoredondo.com.br\/sobre\/tcu-abre-processo-que-pode-suspender-renovacao-de-contrato-da-enel-em-sao-paulo\/"},"modified":"2026-01-10T06:45:21","modified_gmt":"2026-01-10T09:45:21","slug":"tcu-abre-processo-que-pode-suspender-renovacao-de-contrato-da-enel-em-sao-paulo","status":"publish","type":"post","link":"https:\/\/www.encontracapaoredondo.com.br\/sobre\/tcu-abre-processo-que-pode-suspender-renovacao-de-contrato-da-enel-em-sao-paulo\/","title":{"rendered":"TCU abre processo que pode suspender renova\u00e7\u00e3o de contrato da Enel em S\u00e3o Paulo"},"content":{"rendered":"<div class=\"8fb9da09c1a584b185d8cf81e63b5046\" data-index=\"1\" style=\"float: none; margin:0px;\">\n<!-- Anuncio display - global -->\r\n<ins class=\"adsbygoogle\"\r\n     style=\"display:block\"\r\n     data-ad-client=\"ca-pub-8585364105181520\"\r\n     data-ad-slot=\"8789329856\"\r\n     data-ad-format=\"auto\"\r\n     data-full-width-responsive=\"true\"><\/ins>\r\n<script>\r\n     (adsbygoogle = window.adsbygoogle || []).push({});\r\n<\/script>\n<\/div>\n<h2>Abertura do Processo pelo TCU<\/h2>\n<p>No dia 15 de dezembro de 2025, o Tribunal de Contas da Uni\u00e3o (TCU) abriu um processo que pode resultar na suspens\u00e3o da renova\u00e7\u00e3o do contrato da Enel, a distribuidora de energia que opera em S\u00e3o Paulo. Esta medida foi tomada ap\u00f3s a manifesta\u00e7\u00e3o de preocupa\u00e7\u00f5es em rela\u00e7\u00e3o \u00e0 qualidade do servi\u00e7o prestado pela empresa, especialmente ap\u00f3s um apag\u00e3o que afetou mais de 2 milh\u00f5es de im\u00f3veis na regi\u00e3o metropolitana. A decis\u00e3o do TCU reflete uma crescente insatisfa\u00e7\u00e3o com a capacidade da Enel de lidar com situa\u00e7\u00f5es de emerg\u00eancia e com a qualidade geral do fornecimento de energia el\u00e9trica.<\/p>\n<h2>Impacto do Apag\u00e3o em S\u00e3o Paulo<\/h2>\n<p>O apag\u00e3o que ocorreu devido a um ciclone extratropical evidenciou as falhas na infraestrutura e na gest\u00e3o da Enel. A companhia deixou milhares de clientes sem energia por per\u00edodos prolongados, levantando quest\u00f5es sobre a efic\u00e1cia dos seus planos de conting\u00eancia. As consequ\u00eancias foram mais do que apenas interrup\u00e7\u00f5es no fornecimento; elas afetaram o cotidiano da popula\u00e7\u00e3o, causando preju\u00edzos econ\u00f4micos e transtornos diversos. Muitas \u00e1reas permaneceram sem eletricidade durante dias, o que gerou um sentimento de frustra\u00e7\u00e3o e revolta entre os consumidores.<\/p>\n<h2>Representa\u00e7\u00e3o do Minist\u00e9rio P\u00fablico<\/h2>\n<p>A representa\u00e7\u00e3o do Minist\u00e9rio P\u00fablico do Tribunal de Contas da Uni\u00e3o foi fundamental para a abertura do processo. O subprocurador Lucas Rocha Furtado argumentou que a Enel n\u00e3o pode alegar a imprevisibilidade dos eventos clim\u00e1ticos, dado que S\u00e3o Paulo historicamente enfrenta este tipo de situa\u00e7\u00e3o. A expectativa \u00e9 que as concession\u00e1rias invistam em infraestrutura robusta e em planos de emerg\u00eancia adequados. A falha em cumprir essas exig\u00eancias chamou a aten\u00e7\u00e3o do TCU e da Aneel, a Ag\u00eancia Nacional de Energia El\u00e9trica.<\/p>\n<p><img decoding=\"async\" src=\"https:\/\/www.encontracapaoredondo.com.br\/sobre\/wp-content\/uploads\/tcu-abre-processo-que-pode-suspender-renovacao-de-contrato-da-enel-em-sao-paulo.webp\" alt=\"renova\u00e7\u00e3o de contrato da Enel em S\u00e3o Paulo\" loading=\"lazy\" \/><\/p>\n<h2>An\u00e1lise da Concess\u00e3o da Enel<\/h2>\n<p>A concess\u00e3o da Enel em S\u00e3o Paulo est\u00e1 prevista para expirar em 2028, mas a empresa j\u00e1 apresentou um pedido para renov\u00e1-la por mais 30 anos. A an\u00e1lise da concess\u00e3o envolve diversos crit\u00e9rios, como a qualidade do servi\u00e7o, o atendimento ao cliente e a seguran\u00e7a do fornecimento. O TCU est\u00e1 avaliando se a Enel atende a esses crit\u00e9rios, considerando os epis\u00f3dios de apag\u00e3o recente e os relat\u00f3rios de fiscaliza\u00e7\u00e3o. Essa an\u00e1lise \u00e9 crucial n\u00e3o apenas para a continuidade da opera\u00e7\u00e3o, mas tamb\u00e9m para garantir que os consumidores tenham acesso a um servi\u00e7o de qualidade.<\/p>\n<h2>Cr\u00edticas \u00e0 Gest\u00e3o da Concession\u00e1ria<\/h2>\n<p>As falhas na gest\u00e3o da Enel t\u00eam gerado cr\u00edticas de diversos setores. Os consumidores lamentam a falta de transpar\u00eancia durante as crises e a dificuldade em obter informa\u00e7\u00f5es precisas sobre a recupera\u00e7\u00e3o do servi\u00e7o. Al\u00e9m disso, as promessas de melhorias feitas pela empresa em anos anteriores n\u00e3o pareceram se concretizar da forma esperada. De acordo com especialistas, a necessidade de um planejamento mais eficiente e de investimentos significativos na infraestrutura el\u00e9trica \u00e9 urgente. Muitas das cr\u00edticas tamb\u00e9m se concentram na percep\u00e7\u00e3o de que a Enel prioriza a lucratividade em detrimento do bem-estar dos clientes.<\/p>\n<h2>Expectativas de Renova\u00e7\u00e3o do Contrato<\/h2>\n<p>A expectativa em torno da renova\u00e7\u00e3o do contrato da Enel est\u00e1 cercada de incertezas. Com o TCU avaliando seriamente a renova\u00e7\u00e3o e considerando as falhas no servi\u00e7o prestado, h\u00e1 um crescente clamor popular por uma revis\u00e3o nas concess\u00f5es. Muitos consumidores acreditam que a n\u00e3o renova\u00e7\u00e3o da concess\u00e3o poderia ser uma forma de responsabilizar a empresa por sua m\u00e1 administra\u00e7\u00e3o e, ao mesmo tempo, dar espa\u00e7o para uma nova empresa que possa oferecer um servi\u00e7o de energia el\u00e9trica mais confi\u00e1vel e eficiente.<\/p>\n<h2>Rea\u00e7\u00f5es da Enel ao TCU<\/h2>\n<p>Em resposta \u00e0s alega\u00e7\u00f5es do TCU e \u00e0s cr\u00edticas recebidas, a Enel disponibilizou uma nota afirmando que tem cumprido suas obriga\u00e7\u00f5es contratuais e que est\u00e1 comprometida em melhorar seus servi\u00e7os. A empresa alegou ter investido recursos significativos na moderniza\u00e7\u00e3o de sua rede e em programas que visam reduzir o tempo de atendimento a emerg\u00eancias. No entanto, muitos consumidores se mostraram c\u00e9ticos com rela\u00e7\u00e3o a essas afirma\u00e7\u00f5es, pedindo provas concretas de que as melhorias realmente est\u00e3o ocorrendo.<\/p>\n<h2>Consequ\u00eancias Legais da Suspens\u00e3o<\/h2>\n<p>Se o TCU decidir pela suspens\u00e3o da renova\u00e7\u00e3o do contrato da Enel, isso poder\u00e1 ter v\u00e1rias consequ\u00eancias legais e operacionais. Em primeiro lugar, a decis\u00e3o poder\u00e1 obrigar a empresa a apresentar um plano de a\u00e7\u00e3o detalhando como pretende resolver as falhas identificadas. Al\u00e9m disso, a suspens\u00e3o poderia gerar uma reavalia\u00e7\u00e3o das suas opera\u00e7\u00f5es em S\u00e3o Paulo e poss\u00edveis penaliza\u00e7\u00f5es financeiras por parte do governo federal. As diretrizes para a renova\u00e7\u00e3o das concess\u00f5es tamb\u00e9m seriam afetadas, estabelecendo precedentes para outras empresas no setor.<\/p>\n<h2>Hist\u00f3rico de Apag\u00f5es na Regi\u00e3o<\/h2>\n<p>O hist\u00f3rico de apag\u00f5es em S\u00e3o Paulo, especialmente durante per\u00edodos de chuva intensa, levanta quest\u00f5es sobre a adequa\u00e7\u00e3o do sistema el\u00e9trico da Enel. Eventos clim\u00e1ticos adversos n\u00e3o s\u00e3o novidade na regi\u00e3o, e a capacidade da empresa de lidar com esses eventos tem sido criticada repetidamente. Desde a sua privatiza\u00e7\u00e3o, a Enel se comprometeu a manter qualidade no fornecimento, mas numerosos apuros t\u00eam demonstrado que o servi\u00e7o pode ficar aqu\u00e9m do esperado. Essa quest\u00e3o mais ampla sobre a infraestrutura el\u00e9trica requer uma abordagem que v\u00e1 al\u00e9m de respostas reativas a crises.<\/p>\n<h2>Perspectivas Futuras para a Distribui\u00e7\u00e3o de Energia<\/h2>\n<p>As perspectivas para a distribui\u00e7\u00e3o de energia em S\u00e3o Paulo est\u00e3o em um ponto cr\u00edtico. Com a press\u00e3o crescente sobre a Enel para melhorar a qualidade do servi\u00e7o, a an\u00e1lise do TCU pode indicar um caminho a ser seguido por outras concession\u00e1rias. O futuro da distribui\u00e7\u00e3o el\u00e9trica no estado depende n\u00e3o apenas da decis\u00e3o em si, mas tamb\u00e9m da disposi\u00e7\u00e3o do governo em fazer valer os direitos dos consumidores. Al\u00e9m disso, a urg\u00eancia com que reformas s\u00e3o necess\u00e1rias para o sistema el\u00e9trico \u00e9 um tema que deve ser amplamente discutido durante os pr\u00f3ximos anos. Se a Enel e outras concession\u00e1rias n\u00e3o forem capazes de atender \u00e0s exig\u00eancias crescentes da sociedade, o setor de energia em S\u00e3o Paulo pode passar por transforma\u00e7\u00f5es significativas.<\/p>\n\n<div style=\"font-size: 0px; height: 0px; line-height: 0px; margin: 0; padding: 0; clear: both;\"><\/div>","protected":false},"excerpt":{"rendered":"<p>TCU abre processo que pode suspender a renova\u00e7\u00e3o de contrato da Enel em S\u00e3o Paulo.<\/p>\n","protected":false},"author":1,"featured_media":2580,"comment_status":"open","ping_status":"closed","sticky":false,"template":"","format":"standard","meta":{"footnotes":""},"categories":[6],"tags":[],"class_list":["post-2581","post","type-post","status-publish","format-standard","has-post-thumbnail","hentry","category-noticias-no-capao-redondo","has_thumb"],"aioseo_notices":[],"_links":{"self":[{"href":"https:\/\/www.encontracapaoredondo.com.br\/sobre\/wp-json\/wp\/v2\/posts\/2581","targetHints":{"allow":["GET"]}}],"collection":[{"href":"https:\/\/www.encontracapaoredondo.com.br\/sobre\/wp-json\/wp\/v2\/posts"}],"about":[{"href":"https:\/\/www.encontracapaoredondo.com.br\/sobre\/wp-json\/wp\/v2\/types\/post"}],"author":[{"embeddable":true,"href":"https:\/\/www.encontracapaoredondo.com.br\/sobre\/wp-json\/wp\/v2\/users\/1"}],"replies":[{"embeddable":true,"href":"https:\/\/www.encontracapaoredondo.com.br\/sobre\/wp-json\/wp\/v2\/comments?post=2581"}],"version-history":[{"count":0,"href":"https:\/\/www.encontracapaoredondo.com.br\/sobre\/wp-json\/wp\/v2\/posts\/2581\/revisions"}],"wp:featuredmedia":[{"embeddable":true,"href":"https:\/\/www.encontracapaoredondo.com.br\/sobre\/wp-json\/wp\/v2\/media\/2580"}],"wp:attachment":[{"href":"https:\/\/www.encontracapaoredondo.com.br\/sobre\/wp-json\/wp\/v2\/media?parent=2581"}],"wp:term":[{"taxonomy":"category","embeddable":true,"href":"https:\/\/www.encontracapaoredondo.com.br\/sobre\/wp-json\/wp\/v2\/categories?post=2581"},{"taxonomy":"post_tag","embeddable":true,"href":"https:\/\/www.encontracapaoredondo.com.br\/sobre\/wp-json\/wp\/v2\/tags?post=2581"}],"curies":[{"name":"wp","href":"https:\/\/api.w.org\/{rel}","templated":true}]}}