{"id":2573,"date":"2026-01-09T06:44:27","date_gmt":"2026-01-09T09:44:27","guid":{"rendered":"https:\/\/www.encontracapaoredondo.com.br\/sobre\/crise-climatica-tem-cep-periferias-chegam-a-47-c-enquanto-bairros-ricos-registram-ate-30-c-em-sp\/"},"modified":"2026-01-09T06:44:27","modified_gmt":"2026-01-09T09:44:27","slug":"crise-climatica-tem-cep-periferias-chegam-a-47-c-enquanto-bairros-ricos-registram-ate-30-c-em-sp","status":"publish","type":"post","link":"https:\/\/www.encontracapaoredondo.com.br\/sobre\/crise-climatica-tem-cep-periferias-chegam-a-47-c-enquanto-bairros-ricos-registram-ate-30-c-em-sp\/","title":{"rendered":"Crise clim\u00e1tica tem CEP: periferias chegam a 47 \u00b0C enquanto bairros ricos registram at\u00e9 30 \u00b0C em SP"},"content":{"rendered":"<div class=\"8fb9da09c1a584b185d8cf81e63b5046\" data-index=\"1\" style=\"float: none; margin:0px;\">\n<!-- Anuncio display - global -->\r\n<ins class=\"adsbygoogle\"\r\n     style=\"display:block\"\r\n     data-ad-client=\"ca-pub-8585364105181520\"\r\n     data-ad-slot=\"8789329856\"\r\n     data-ad-format=\"auto\"\r\n     data-full-width-responsive=\"true\"><\/ins>\r\n<script>\r\n     (adsbygoogle = window.adsbygoogle || []).push({});\r\n<\/script>\n<\/div>\n<h2>A Desigualdade T\u00e9rmica em S\u00e3o Paulo<\/h2>\n<p>O aquecimento global e suas consequ\u00eancias t\u00eam se manifestado de maneira alarmante em grandes metr\u00f3poles como S\u00e3o Paulo. Um dos aspectos mais preocupantes \u00e9 a <strong>desigualdade t\u00e9rmica<\/strong> que aflige a cidade. Um estudo recente realizado pela Universidade Federal do ABC (UFABC), em parceria com o Centro de Estudos da Favela (CEFAVELA), demonstrou que \u00e1reas perif\u00e9ricas da cidade podem registrar temperaturas at\u00e9 15 \u00b0C superiores em compara\u00e7\u00e3o com bairros nobres. Em locais como a favela de Parais\u00f3polis, as temperaturas podem chegar a 47 \u00b0C, enquanto bairros ricos, como o Morumbi, enfrentam temperaturas que n\u00e3o ultrapassam os 30 \u00b0C.<\/p>\n<p>\u00c9 importante compreender que essa disparidade n\u00e3o \u00e9 apenas uma quest\u00e3o de meteorologia, mas de planejamento e desenvolvimento urbano. A falta de \u00e1reas verdes, pavimenta\u00e7\u00e3o inadequada, e as condi\u00e7\u00f5es das habita\u00e7\u00f5es nas periferias contribuem para o aquecimento excessivo nestas regi\u00f5es. \u00c1reas que deveriam funcionar como &#8220;pulm\u00f5es verdes&#8221; t\u00eam sido suprimidas em favor da urbaniza\u00e7\u00e3o acelerada, relegando a popula\u00e7\u00e3o de baixa renda a viver em ambientes insalubres e extremas condi\u00e7\u00f5es de calor.<\/p>\n<p>Al\u00e9m de afetar o conforto dos moradores, a desigualdade t\u00e9rmica impacta a sa\u00fade da popula\u00e7\u00e3o, pois o calor extremo pode gerar doen\u00e7as respirat\u00f3rias, desidrata\u00e7\u00e3o e outros problemas de sa\u00fade. Portanto, o fen\u00f4meno do aquecimento n\u00e3o \u00e9 apenas uma quest\u00e3o clim\u00e1tica, mas uma crise social que afeta desproporcionalmente os mais vulner\u00e1veis.<\/p>\n<p><img decoding=\"async\" src=\"https:\/\/www.encontracapaoredondo.com.br\/sobre\/wp-content\/uploads\/crise-climatica-tem-cep-periferias-chegam-a-47-c-enquanto-bairros-ricos-registram-ate-30-c-em-sp.webp\" alt=\"crise clim\u00e1tica\" loading=\"lazy\" \/><\/p>\n<h2>Impactos da Crise Clim\u00e1tica nas Periferias<\/h2>\n<p>A crise clim\u00e1tica se apresenta de forma contundente nas \u00e1reas perif\u00e9ricas de S\u00e3o Paulo, onde as implica\u00e7\u00f5es v\u00e3o muito al\u00e9m da simples sensa\u00e7\u00e3o t\u00e9rmica. Os moradores das favelas enfrentam uma realidade marcada por v\u00e1rias dificuldades:<\/p>\n<ul>\n<li><strong>Sa\u00fade p\u00fablica prejudicada:<\/strong> Com o aumento das temperaturas, as condi\u00e7\u00f5es de vida se deterioram, refletindo em enfermidades que s\u00e3o exacerbadas pela alta temperatura. A Organiza\u00e7\u00e3o Mundial da Sa\u00fade (OMS) aponta que temperaturas superiores a 40 \u00b0C elevam os riscos para a sa\u00fade, especialmente para grupos vulner\u00e1veis, como idosos e crian\u00e7as.<\/li>\n<li><strong>Aumento dos custos com energia:<\/strong> O calor extremo leva a um consumo maior de energia el\u00e9trica, principalmente pela necessidade de ventiladores e ar-condicionado, o que gera um impacto financeiro significativo nas fam\u00edlias de baixa renda.<\/li>\n<li><strong>Deslocamento e migra\u00e7\u00e3o for\u00e7ada:<\/strong> Muitas pessoas s\u00e3o for\u00e7adas a deixar suas \u00e1reas de resid\u00eancia em busca de condi\u00e7\u00f5es melhores, o que muitas vezes n\u00e3o ocorre. O resultado \u00e9 que as comunidades se tornam cada vez mais superlotadas e vulner\u00e1veis.<\/li>\n<li><strong>Impactos na qualidade do ar:<\/strong> O desenvolvimento urbano nas periferias geralmente envolve a constru\u00e7\u00e3o de habita\u00e7\u00f5es sem a considera\u00e7\u00e3o de \u00e1reas verdes. Isso aumenta a polui\u00e7\u00e3o do ar, ao mesmo tempo em que diminui a capacidade de resfriamento natural da cidade.<\/li>\n<\/ul>\n<p>Esses impactos se combinam para criar um ciclo vicioso, onde a pobreza e a marginaliza\u00e7\u00e3o social s\u00e3o intensificadas pela falta de planejamento e de pol\u00edticas p\u00fablicas sens\u00edveis \u00e0s necessidades dos cidad\u00e3os, ilustrando como a crise clim\u00e1tica \u00e9, em sua ess\u00eancia, uma crise de justi\u00e7a social.<\/p>\n<h2>Solu\u00e7\u00f5es Naturais para Combater o Calor<\/h2>\n<p>Diante dos desafios impostos pela crise clim\u00e1tica e pela desigualdade t\u00e9rmica, pesquisadores e urbanistas t\u00eam defendido <strong>solu\u00e7\u00f5es baseadas na natureza<\/strong> como meios vi\u00e1veis de mitigar o calor e a desigualdade social. Essas solu\u00e7\u00f5es t\u00eam como objetivo restaurar a funcionalidade do meio ambiente e, ao mesmo tempo, fornecer benef\u00edcios diretos \u00e0s comunidades.<\/p>\n<p>Dentre as estrat\u00e9gias sugeridas, algumas das mais relevantes incluem:<\/p>\n<ul>\n<li><strong>Corredores verdes:<\/strong> Criar corredores de vegeta\u00e7\u00e3o que conectem diferentes \u00e1reas da cidade pode ajudar a reduzir as temperaturas, al\u00e9m de melhorar a qualidade do ar e proporcionar espa\u00e7os de lazer e conviv\u00eancia para os moradores.<\/li>\n<li><strong>Telhados verdes:<\/strong> A instala\u00e7\u00e3o de vegeta\u00e7\u00e3o em telhados n\u00e3o s\u00f3 reduz a temperatura das edifica\u00e7\u00f5es, mas tamb\u00e9m melhora a est\u00e9tica das \u00e1reas urbanas e contribui para a biodiversidade urbana.<\/li>\n<li><strong>Arboriza\u00e7\u00e3o urbana:<\/strong> Plantar \u00e1rvores em ruas e pra\u00e7as pode proporcionar sombra e um microclima mais ameno. Al\u00e9m disso, \u00e1rvores bem posicionadas podem diminuir o consumo de energia em edif\u00edcios e resid\u00eancias.<\/li>\n<li><strong>Hortas comunit\u00e1rias:<\/strong> Essas hortas n\u00e3o apenas fornecem alimentos frescos para as comunidades, mas tamb\u00e9m promovem engajamento social e a educa\u00e7\u00e3o ambiental.<\/li>\n<li><strong>Jardins de chuva:<\/strong> Essas \u00e1reas projetadas para captar e gerenciar \u00e1gua da chuva ajudam a controlar inunda\u00e7\u00f5es e a manter a \u00e1gua limpa, ao mesmo tempo em que criam espa\u00e7os perme\u00e1veis que reduzem o aquecimento.<\/li>\n<\/ul>\n<p>A implementa\u00e7\u00e3o dessas solu\u00e7\u00f5es pode n\u00e3o apenas minimizar os problemas de aquecimento nas \u00e1reas mais afetadas, mas tamb\u00e9m promover um sentimento de comunidade e pertencimento, fundamental para a coes\u00e3o social.<\/p>\n<h2>O Papel do Planejamento Urbano<\/h2>\n<p>O planejamento urbano \u00e9 uma ferramenta essencial para enfrentar as crises clim\u00e1tica e social que afligem as periferias de S\u00e3o Paulo. A forma como uma cidade \u00e9 planejada e administrada pode ter um impacto significativo nas condi\u00e7\u00f5es de vida dos moradores.<\/p>\n<p>\u00c9 imperativo que os planejadores urbanos integrem considera\u00e7\u00f5es clim\u00e1ticas e sociais em suas estrat\u00e9gias. Uma abordagem hol\u00edstica deve incluir:<\/p>\n<ul>\n<li><strong>Participa\u00e7\u00e3o da comunidade:<\/strong> As comunidades locais devem ser envolvidas no processo de planejamento, garantindo que suas vozes e necessidades sejam ouvidas e consideradas na formula\u00e7\u00e3o de pol\u00edticas.<\/li>\n<li><strong>Avalia\u00e7\u00e3o de risco clim\u00e1tico:<\/strong> Medidas preventivas devem ser tomadas para identificar \u00e1reas mais vulner\u00e1veis e implementar estrat\u00e9gias adaptativas que visem reduzir esses riscos.<\/li>\n<li><strong>Desenvolvimento sustent\u00e1vel:<\/strong> Incentivar pr\u00e1ticas de constru\u00e7\u00e3o ecol\u00f3gica e desenvolvimento que respeitem os limites do meio ambiente pode significar menos degrada\u00e7\u00e3o e mais resili\u00eancia.<\/li>\n<li><strong>Infraestrutura verde:<\/strong> Investir em infraestrutura que utilize recursos naturais para fornecer servi\u00e7os sustent\u00e1veis, como drenagem e refrigera\u00e7\u00e3o, \u00e9 essencial para aumentar a resili\u00eancia das comunidades.<\/li>\n<\/ul>\n<p>O planejamento urbano, portanto, deve ser visto como um meio de transforma\u00e7\u00e3o social, onde a equidade e a justi\u00e7a ambiental s\u00e3o primordiais. Se realizado corretamente, pode mitigar os efeitos das mudan\u00e7as clim\u00e1ticas e melhorar a qualidade de vida nas cidades.<\/p>\n<h2>Sa\u00fade e Calor: A Rela\u00e7\u00e3o Perigosa<\/h2>\n<p>A conex\u00e3o entre sa\u00fade e calor \u00e9 uma preocupa\u00e7\u00e3o crescente, especialmente nas periferias de S\u00e3o Paulo, onde a exposi\u00e7\u00e3o a temperaturas extremas \u00e9 uma realidade di\u00e1ria. A rela\u00e7\u00e3o entre altas temperaturas e sa\u00fade \u00e9 complexa e multifacetada e merece aten\u00e7\u00e3o especial. <\/p>\n<p>A rela\u00e7\u00e3o entre temperaturas elevadas e problemas de sa\u00fade \u00e9 evidenciada por diversas pesquisas, incluindo estudos da Organiza\u00e7\u00e3o Mundial da Sa\u00fade (OMS), que alertam sobre os riscos associados ao calor extremo, tais como:<\/p>\n<ul>\n<li><strong>Doen\u00e7as respirat\u00f3rias:<\/strong> O aumento das temperaturas pode exacerbar condi\u00e7\u00f5es respirat\u00f3rias pr\u00e9-existentes, como asma e doen\u00e7as pulmonares obstrutivas cr\u00f4nicas.<\/li>\n<li><strong>Desidrata\u00e7\u00e3o:<\/strong> A exposi\u00e7\u00e3o prolongada ao calor pode levar \u00e0 desidrata\u00e7\u00e3o, que afeta o funcionamento normal do corpo e pode resultar em complica\u00e7\u00f5es s\u00e9rias.<\/li>\n<li><strong>Exaust\u00e3o por calor e insola\u00e7\u00e3o:<\/strong> Condi\u00e7\u00f5es extremas podem levar a casos de exaust\u00e3o e insola\u00e7\u00e3o, que s\u00e3o potencialmente fatais se n\u00e3o tratados rapidamente.<\/li>\n<li><strong>Sa\u00fade mental:<\/strong> O calor extremo e as condi\u00e7\u00f5es de vida prec\u00e1rias podem contribuir para o aumento do estresse e da ansiedade, afetando diretamente o bem-estar emocional dos moradores.<\/li>\n<\/ul>\n<p>Portanto, a interse\u00e7\u00e3o entre sa\u00fade e clima enfatiza a necessidade de abordagens integradas que n\u00e3o apenas respondam aos sintomas, mas promovam condi\u00e7\u00f5es de vida saud\u00e1veis e sustent\u00e1veis nas comunidades. Al\u00e9m disso, programas de conscientiza\u00e7\u00e3o e sa\u00fade p\u00fablica s\u00e3o cruciais para educar os moradores sobre como se proteger em dias de calor extremo.<\/p>\n<h2>Dados Reveladores de Temperatura<\/h2>\n<p>Os dados reveladores sobre as temperaturas nas diferentes \u00e1reas de S\u00e3o Paulo n\u00e3o apenas sorprendem, mas tamb\u00e9m servem como um chamado \u00e0 a\u00e7\u00e3o. Estudos que utilizam tecnologias como imagens de sat\u00e9lite mostram contrastes extrapolantes nas temperaturas de superf\u00edcie. Por exemplo:<\/p>\n<ul>\n<li><strong>Parais\u00f3polis: 47 \u00b0C<\/strong> \u2013 um dos recordes de calor registrado, que apresenta uma clara indica\u00e7\u00e3o das condi\u00e7\u00f5es adversas enfrentadas pelos moradores das favelas.<\/li>\n<li><strong>Morumbi: 30 \u00b0C<\/strong> \u2013 como um exemplo de uma \u00e1rea com infraestrutura adequada e mais vegeta\u00e7\u00e3o, mostrando o que poderia ser poss\u00edvel nas periferias se pol\u00edticas p\u00fablicas fossem implementadas de forma efetiva.<\/li>\n<\/ul>\n<p>Esses dados n\u00e3o s\u00e3o apenas n\u00fameros, mas representam vidas reais e experi\u00eancias de pessoas que enfrentam diariamente as consequ\u00eancias do desenvolvimento desigual. Al\u00e9m de alarmantes, esses n\u00fameros necessitam ser impulsionadores de pol\u00edticas de mitiga\u00e7\u00e3o e aberturas no debate sobre justi\u00e7a social e ambiental.<\/p>\n<h2>Racismo Ambiental nas Cidades<\/h2>\n<p>O fen\u00f4meno do racismo ambiental se entrela\u00e7a com a crise clim\u00e1tica, demonstrando como as quest\u00f5es de ra\u00e7a, classe e meio ambiente se agravam em contextos urbanos. Em S\u00e3o Paulo, a marginaliza\u00e7\u00e3o das comunidades afrodescendentes e ind\u00edgenas se reflete nas pol\u00edticas ambientais que muitas vezes ignoram, ou pior, penalizam, essas popula\u00e7\u00f5es na busca por um ambiente mais saud\u00e1vel.<\/p>\n<p>As popula\u00e7\u00f5es que habitam as \u00e1reas perif\u00e9ricas frequentemente enfrentam a aus\u00eancia de investimentos em infraestrutura b\u00e1sica, o que se traduz em uma maior vulnerabilidade aos efeitos da crise clim\u00e1tica. O racismo ambiental se manifesta em v\u00e1rias formas:<\/p>\n<ul>\n<li><strong>Falta de acesso a \u00e1reas verdes:<\/strong> Comunidades que est\u00e3o em favelas ou \u00e1reas marginalizadas costumam ter pouco acesso a parques e espa\u00e7os verdes que podem proporcionar al\u00edvio t\u00e9rmico.<\/li>\n<li><strong>Deslocamento for\u00e7ado:<\/strong> Quando ocorrem projetos de revitaliza\u00e7\u00e3o urbana, frequentemente, as comunidades s\u00e3o removidas, sem olhar para sua hist\u00f3ria, cultura e necessidade de perten\u00e7a.<\/li>\n<li><strong>Sa\u00fade comprometida:<\/strong> Os impactos da polui\u00e7\u00e3o, falta de infraestrutura e despejo de res\u00edduos nessas \u00e1reas aumentam os riscos de sa\u00fade.<\/li>\n<\/ul>\n<p>Reconhecer o racismo ambiental e suas consequ\u00eancias \u00e9 crucial para permitir que pol\u00edticas p\u00fablicas sejam elaboradas de maneira a proporcionar equidade e justi\u00e7a ambiental. Quando se fala em solu\u00e7\u00f5es para a crise clim\u00e1tica, \u00e9 essencial que a luta contra o racismo ambiental esteja em primeiro plano, como um chamado \u00e0 justi\u00e7a social.<\/p>\n<h2>Desafios e Solu\u00e7\u00f5es Propostas<\/h2>\n<p>Os desafios enfrentados nas periferias urbanas quanto \u00e0 crise clim\u00e1tica e desigualdade s\u00e3o expressivos se considerarmos o contexto j\u00e1 complicado de vida dessas comunidades. No entanto, diversas solu\u00e7\u00f5es t\u00eam sido propostas e, em muitos casos, implementadas com sucesso. Algumas das solu\u00e7\u00f5es mais relevantes incluem:<\/p>\n<ul>\n<li><strong>Educa\u00e7\u00e3o ambiental e conscientiza\u00e7\u00e3o:<\/strong> Programas de educa\u00e7\u00e3o para a popula\u00e7\u00e3o sobre quest\u00f5es clim\u00e1ticas, sa\u00fade e direitos est\u00e3o se mostrando eficazes. Melhorar o entendimento da popula\u00e7\u00e3o sobre como se proteger e como utilizar os recursos dispon\u00edveis \u00e9 vital.<\/li>\n<li><strong>Participa\u00e7\u00e3o cidad\u00e3:<\/strong> A inclus\u00e3o de vozes comunit\u00e1rias em f\u00f3runs e decis\u00f5es sobre desenvolvimento urbano \u00e9 fundamental para garantir que as pol\u00edticas reflitam as necessidades reais das pessoas afetadas.<\/li>\n<li><strong>Apoio \u00e0s iniciativas locais:<\/strong> Investimentos de baixo custo que promovam a constru\u00e7\u00e3o de espa\u00e7os de conviv\u00eancia, \u00e1reas verdes e hortas urbanas podem gerar impacto positivo imediato.<\/li>\n<li><strong>Parcerias interinstitucionais:<\/strong> Colabora\u00e7\u00f5es entre diferentes setores &#8211; governamentais, ONGs e comunidade &#8211; s\u00e3o necess\u00e1rias para enraizar as solu\u00e7\u00f5es em um processo inclusivo e robusto.<\/li>\n<\/ul>\n<p>Embora os desafios sejam grandes, a resili\u00eancia e a for\u00e7a das comunidades podem causar um grande impacto na luta contra a crise clim\u00e1tica, especialmente quando aliadas a pol\u00edticas p\u00fablicas que atuem de maneira estrutural.<\/p>\n<h2>A Import\u00e2ncia da Sensibiliza\u00e7\u00e3o P\u00fablica<\/h2>\n<p>A sensibiliza\u00e7\u00e3o p\u00fablica sobre a crise clim\u00e1tica e suas implica\u00e7\u00f5es \u00e9 um aspecto crucial para a recupera\u00e7\u00e3o e fortalecimento das periferias urbanas. Quando a popula\u00e7\u00e3o compreende as conversas sobre clima, sa\u00fade e desigualdade, ela se torna capaz de se mobilizar e exigir mudan\u00e7as dos tomadores de decis\u00e3o.<\/p>\n<p>Iniciativas como campanhas de conscientiza\u00e7\u00e3o e eventos educativos desempenham um papel importante em informar os cidad\u00e3os sobre:<\/p>\n<ul>\n<li><strong>Seu impacto individual e comunit\u00e1rio:<\/strong> Conhecer os efeitos que as escolhas di\u00e1rias podem ter no clima ajuda a formar uma mentalidade de responsabilidade coletiva.<\/li>\n<li><strong>Direitos ambientais:<\/strong> A popula\u00e7\u00e3o deve estar ciente de seus direitos em rela\u00e7\u00e3o ao acesso a um ambiente saud\u00e1vel e seguro, fomentando cobran\u00e7a por pol\u00edticas e a\u00e7\u00f5es que assegurem sua prote\u00e7\u00e3o.<\/li>\n<li><strong>Solidariedade e engajamento comunit\u00e1rio:<\/strong> Encorajar o engajamento c\u00edvico ajuda a fortalecer la\u00e7os sociais e promover a\u00e7\u00f5es coletivas que visem o bem-estar comunit\u00e1rio.<\/li>\n<\/ul>\n<p>Um p\u00fablico informado e engajado \u00e9 fundamental para pressionar por pol\u00edticas que priorizem a justi\u00e7a clim\u00e1tica e social, sendo uma pe\u00e7a vital na transforma\u00e7\u00e3o urbana.<\/p>\n<h2>Caminhos para um Futuro Sustent\u00e1vel<\/h2>\n<p>Construir um futuro sustent\u00e1vel em S\u00e3o Paulo requer uma vis\u00e3o hol\u00edstica que n\u00e3o apenas reconhe\u00e7a a desigualdade t\u00e9rmica, mas atue nela de maneira integrativa. Para isso, s\u00e3o essenciais:<\/p>\n<ul>\n<li><strong>Promo\u00e7\u00e3o de pol\u00edticas p\u00fablicas inclusivas:<\/strong> Todas as pol\u00edticas devem ser elaboradas com uma perspectiva de justi\u00e7a social, levando em considera\u00e7\u00e3o as especificidades de cada comunidade.<\/li>\n<li><strong>Desenvolvimento de tecnologias sustent\u00e1veis:<\/strong> Investir em inova\u00e7\u00f5es que promovam a sustentabilidade, como tecnologia verde e energias renov\u00e1veis, pode reverter o quadro atual.<\/li>\n<li><strong>Fomento \u00e0 mobiliza\u00e7\u00e3o comunit\u00e1ria:<\/strong> Incentivar o engajamento das pessoas nos processos de tomada de decis\u00e3o \u00e9 vital para garantir que suas vozes sejam ouvidas e inclu\u00eddas nas pol\u00edticas locais.<\/li>\n<li><strong>Educa\u00e7\u00e3o e forma\u00e7\u00e3o continuada:<\/strong> Promover a educa\u00e7\u00e3o cont\u00ednua em temas de sustentabilidade e clima \u00e9 fundamental para conscientizar e empoderar as comunidades.<\/li>\n<\/ul>\n<p>Ao adotar essas e outras pr\u00e1ticas, \u00e9 poss\u00edvel vislumbrar uma cidade mais equitativa e preparada para enfrentar os desafios do futuro, contribuindo para a constru\u00e7\u00e3o de uma sociedade consciente sobre a crise clim\u00e1tica e seus impactos sociais, onde cada cidad\u00e3o tenha um papel fundamental a desempenhar.<\/p>\n\n<div style=\"font-size: 0px; height: 0px; line-height: 0px; margin: 0; padding: 0; clear: both;\"><\/div>","protected":false},"excerpt":{"rendered":"<p>Nas periferias de SP, a crise clim\u00e1tica provoca temperaturas extremas de at\u00e9 47 \u00b0C.<\/p>\n","protected":false},"author":1,"featured_media":2572,"comment_status":"open","ping_status":"closed","sticky":false,"template":"","format":"standard","meta":{"footnotes":""},"categories":[6],"tags":[],"class_list":["post-2573","post","type-post","status-publish","format-standard","has-post-thumbnail","hentry","category-noticias-no-capao-redondo","has_thumb"],"aioseo_notices":[],"_links":{"self":[{"href":"https:\/\/www.encontracapaoredondo.com.br\/sobre\/wp-json\/wp\/v2\/posts\/2573","targetHints":{"allow":["GET"]}}],"collection":[{"href":"https:\/\/www.encontracapaoredondo.com.br\/sobre\/wp-json\/wp\/v2\/posts"}],"about":[{"href":"https:\/\/www.encontracapaoredondo.com.br\/sobre\/wp-json\/wp\/v2\/types\/post"}],"author":[{"embeddable":true,"href":"https:\/\/www.encontracapaoredondo.com.br\/sobre\/wp-json\/wp\/v2\/users\/1"}],"replies":[{"embeddable":true,"href":"https:\/\/www.encontracapaoredondo.com.br\/sobre\/wp-json\/wp\/v2\/comments?post=2573"}],"version-history":[{"count":0,"href":"https:\/\/www.encontracapaoredondo.com.br\/sobre\/wp-json\/wp\/v2\/posts\/2573\/revisions"}],"wp:featuredmedia":[{"embeddable":true,"href":"https:\/\/www.encontracapaoredondo.com.br\/sobre\/wp-json\/wp\/v2\/media\/2572"}],"wp:attachment":[{"href":"https:\/\/www.encontracapaoredondo.com.br\/sobre\/wp-json\/wp\/v2\/media?parent=2573"}],"wp:term":[{"taxonomy":"category","embeddable":true,"href":"https:\/\/www.encontracapaoredondo.com.br\/sobre\/wp-json\/wp\/v2\/categories?post=2573"},{"taxonomy":"post_tag","embeddable":true,"href":"https:\/\/www.encontracapaoredondo.com.br\/sobre\/wp-json\/wp\/v2\/tags?post=2573"}],"curies":[{"name":"wp","href":"https:\/\/api.w.org\/{rel}","templated":true}]}}