{"id":2565,"date":"2026-01-08T15:55:33","date_gmt":"2026-01-08T18:55:33","guid":{"rendered":"https:\/\/www.encontracapaoredondo.com.br\/sobre\/policia-militar-prende-procurado-pela-justica-no-capao-redondo-em-sao-paulo-sp\/"},"modified":"2026-01-08T15:55:33","modified_gmt":"2026-01-08T18:55:33","slug":"policia-militar-prende-procurado-pela-justica-no-capao-redondo-em-sao-paulo-sp","status":"publish","type":"post","link":"https:\/\/www.encontracapaoredondo.com.br\/sobre\/policia-militar-prende-procurado-pela-justica-no-capao-redondo-em-sao-paulo-sp\/","title":{"rendered":"Pol\u00edcia Militar prende procurado pela Justi\u00e7a no Cap\u00e3o Redondo, em S\u00e3o Paulo\/SP"},"content":{"rendered":"<div class=\"8fb9da09c1a584b185d8cf81e63b5046\" data-index=\"1\" style=\"float: none; margin:0px;\">\n<!-- Anuncio display - global -->\r\n<ins class=\"adsbygoogle\"\r\n     style=\"display:block\"\r\n     data-ad-client=\"ca-pub-8585364105181520\"\r\n     data-ad-slot=\"8789329856\"\r\n     data-ad-format=\"auto\"\r\n     data-full-width-responsive=\"true\"><\/ins>\r\n<script>\r\n     (adsbygoogle = window.adsbygoogle || []).push({});\r\n<\/script>\n<\/div>\n<h2>Circunst\u00e2ncias da Pris\u00e3o<\/h2>\n<p>A pris\u00e3o do indiv\u00edduo procurado pela Justi\u00e7a ocorreu em um cen\u00e1rio repleto de detalhes que merecem aten\u00e7\u00e3o. Durante a noite do dia 18 de dezembro de 2025, na capital paulista, no bairro do Cap\u00e3o Redondo, equipes do 37\u00ba Batalh\u00e3o de Pol\u00edcia Militar Metropolitano estavam em patrulhamento quando receberam uma den\u00fancia acerca de uma amea\u00e7a. Essa den\u00fancia levou a PM a se deslocar at\u00e9 o local indicado, onde a complexidade da situa\u00e7\u00e3o come\u00e7ou a se desenrolar.<\/p>\n<p>Familiares do suspeito relataram que ele havia feito amea\u00e7as contra um membro da fam\u00edlia. Essa situa\u00e7\u00e3o gerou preocupa\u00e7\u00e3o entre os parentes, que, por sua vez, tomaram a atitude correta ao contatar as autoridades. A liga\u00e7\u00e3o deles ao 190, o n\u00famero de emerg\u00eancia da Pol\u00edcia Militar, ilustra um aspecto crucial na din\u00e2mica de seguran\u00e7a p\u00fablica: a colabora\u00e7\u00e3o da comunidade com os \u00f3rg\u00e3os de seguran\u00e7a. Tal intera\u00e7\u00e3o \u00e9 fundamental para a manuten\u00e7\u00e3o da ordem e da seguran\u00e7a social, apontando que, muitas vezes, a efetividade das a\u00e7\u00f5es policiais est\u00e1 diretamente relacionada ao envolvimento da popula\u00e7\u00e3o.<\/p>\n<p>Ao chegarem ao local, os policiais realizaram as abordagens padr\u00e3o. Embora nada de il\u00edcito tenha sido encontrado na casa do suspeito, a equipe policial n\u00e3o se deixou levar por isso e decidiu verificar mais profundamente a identidade do homem. Essa verifica\u00e7\u00e3o foi crucial, pois revelou um mandado de pris\u00e3o em aberto, que diz respeito a um crime grave: homic\u00eddio. Tal circunst\u00e2ncia n\u00e3o s\u00f3 demonstra a compet\u00eancia dos policiais na execu\u00e7\u00e3o de suas fun\u00e7\u00f5es, mas tamb\u00e9m destaca a import\u00e2ncia do sistema de informa\u00e7\u00e3o e consulta que a pol\u00edcia pode usar para identificar indiv\u00edduos procurados.<\/p>\n<p><img decoding=\"async\" src=\"https:\/\/www.encontracapaoredondo.com.br\/sobre\/wp-content\/uploads\/policia-militar-prende-procurado-pela-justica-no-capao-redondo-em-sao-paulo-sp.webp\" alt=\"Pol\u00edcia Militar prende procurado pela Justi\u00e7a\" loading=\"lazy\" \/><\/p>\n<h2>A\u00e7\u00e3o do 37\u00ba Batalh\u00e3o de Pol\u00edcia Militar<\/h2>\n<p>O 37\u00ba Batalh\u00e3o de Pol\u00edcia Militar Metropolitano, atuante na regi\u00e3o do Cap\u00e3o Redondo, possui um papel essencial na seguran\u00e7a da \u00e1rea. O batalh\u00e3o \u00e9 respons\u00e1vel por diversos tipos de opera\u00e7\u00f5es, desde patrulhamentos de rotina at\u00e9 a\u00e7\u00f5es de resposta a emerg\u00eancias. Neste caso espec\u00edfico, a rapidez e efici\u00eancia da ac\u00e3o policial foram determinantes para a captura do procurado.<\/p>\n<p>As equipes do 37\u00ba Batalh\u00e3o s\u00e3o compostas por policiais treinados e equipados para lidar com as mais diversas situa\u00e7\u00f5es, apresentando um treinamento rigoroso que inclui t\u00e1ticas de abordagem e gerenciamento de crises. A a\u00e7\u00e3o ocorreu de maneira ordenada, com a equipe demonstrando profissionalismo ao abordar o suspeito. Apesar da situa\u00e7\u00e3o tensa, a abordagem foi realizada de forma a minimizar riscos tanto para os policiais quanto para o suspeito, o que \u00e9 uma pr\u00e1tica recomendada no policiamento moderno.<\/p>\n<p>Ap\u00f3s confirma\u00e7\u00e3o do mandado de pris\u00e3o, os policiais agiram conforme o protocolo, informando ao suspeito sobre sua situa\u00e7\u00e3o legal e efetivando a deten\u00e7\u00e3o. Importante ressaltar que a a\u00e7\u00e3o policial foi marcada pela aus\u00eancia de viol\u00eancia excessiva e pela conduta \u00e9tica dos agentes, revelando a import\u00e2ncia de abordagens que garantam a seguran\u00e7a de todos os envolvidos.<\/p>\n<h2>Informe sobre o Suspeito<\/h2>\n<p>O homem preso, cuja identidade foi preservada por raz\u00f5es legais, era alvo de um mandado de pris\u00e3o por homic\u00eddio. A gravidade de tal acusa\u00e7\u00e3o enfatiza a seriedade com que a pol\u00edcia lida com a seguran\u00e7a p\u00fablica e a prote\u00e7\u00e3o da comunidade. Um mandado de pris\u00e3o por homic\u00eddio geralmente \u00e9 emitido ap\u00f3s investiga\u00e7\u00f5es que re\u00fanem provas suficientes de que o indiv\u00edduo est\u00e1 envolvido em um crime grave.<\/p>\n<p>Informa\u00e7\u00f5es adicionais sobre o suspeito, como seu hist\u00f3rico criminal e outras circunst\u00e2ncias que levaram ao mandado de pris\u00e3o, s\u00e3o frequentemente acess\u00edveis por meio de registros p\u00fablicos e s\u00e3o levadas em considera\u00e7\u00e3o durante o processo judicial. O cumprimento da lei e a pris\u00e3o de indiv\u00edduos que representam uma amea\u00e7a \u00e0 sociedade s\u00e3o passos essenciais na busca de justi\u00e7a e prote\u00e7\u00e3o aos cidad\u00e3os.<\/p>\n<p>Al\u00e9m disso, \u00e9 vital entender que a situa\u00e7\u00e3o do suspeito \u00e9 um produto de um sistema legal que busca a reabilita\u00e7\u00e3o e a justi\u00e7a. O indiv\u00edduo tem o direito a um advogado e a um julgamento justo, que s\u00e3o direitos fundamentais garantidos pela constitui\u00e7\u00e3o. Isso refor\u00e7a a ideia de que a pol\u00edcia n\u00e3o \u00e9 apenas uma for\u00e7a de repress\u00e3o, mas parte de um sistema mais amplo que inclui o judici\u00e1rio e \u00f3rg\u00e3os de defesa dos direitos humanos.<\/p>\n<h2>Den\u00fancia e Resposta Policial<\/h2>\n<p>A den\u00fancia que levou \u00e0 pris\u00e3o deste suspeito \u00e9 um exemplo claro do papel que a comunidade desempenha na seguran\u00e7a p\u00fablica. As liga\u00e7\u00f5es recebidas pela pol\u00edcia podem fazer a diferen\u00e7a entre a continuidade de pr\u00e1ticas criminosas e a interrup\u00e7\u00e3o dessas atividades. Raros s\u00e3o os casos em que a pol\u00edcia consegue agir efetivamente sem a colabora\u00e7\u00e3o da popula\u00e7\u00e3o local.<\/p>\n<p>A resposta da Pol\u00edcia Militar ao receber a den\u00fancia foi r\u00e1pida e eficaz. A prontid\u00e3o dos policiais em atender \u00e0 ocorr\u00eancia e investigar a situa\u00e7\u00e3o se destaca como um aspecto vital de seu trabalho. Quando a pol\u00edcia se apresenta de forma acess\u00edvel e confi\u00e1vel, a chuva de den\u00fancias e informa\u00e7\u00f5es relevantes aumenta, contribuindo para a identifica\u00e7\u00e3o de criminosos e a preven\u00e7\u00e3o de crimes.<\/p>\n<p>Nesta ocorr\u00eancia espec\u00edfica, a pol\u00edcia foi capaz de transformar uma simples den\u00fancia em uma a\u00e7\u00e3o que resultou na pris\u00e3o de um indiv\u00edduo procurado. Isso n\u00e3o apenas contribui para a seguran\u00e7a p\u00fablica, mas tamb\u00e9m estabelece um relacionamento de confian\u00e7a entre os cidad\u00e3os e a pol\u00edcia, essenciais para a efetividade do policiamento. Em \u00faltima an\u00e1lise, o sucesso da Pol\u00edcia Militar muitas vezes depende da colabora\u00e7\u00e3o entre as for\u00e7as de seguran\u00e7a e as comunidades que servem.<\/p>\n<h2>Processo de Verifica\u00e7\u00e3o de Identidade<\/h2>\n<p>A verifica\u00e7\u00e3o de identidade \u00e9 um aspecto cr\u00edtico em qualquer abordagem policial e foi um passo fundamental nos eventos que levaram \u00e0 pris\u00e3o do procurado pela Justi\u00e7a. Ap\u00f3s abordar o suspeito, a equipe policial utilizou sistemas de consulta para verificar se havia registros que pudessem indicar problemas legais associados ao indiv\u00edduo. Essa pr\u00e1tica \u00e9 padr\u00e3o, pois a correta identifica\u00e7\u00e3o \u00e9 essencial para garantir que a a\u00e7\u00e3o da pol\u00edcia se baseie em informa\u00e7\u00f5es precisas.<\/p>\n<p>Os policiais realizaram a consulta a bancos de dados que cont\u00eam informa\u00e7\u00f5es sobre mandados de pris\u00e3o, e isso possibilitou a identifica\u00e7\u00e3o de que o abordado tinha um mandado ativo por homic\u00eddio. Essa etapa da a\u00e7\u00e3o policial foi realizada de forma met\u00f3dica e respons\u00e1vel, evidenciando a import\u00e2ncia do treinamento e do uso de tecnologia nos procedimentos de verifica\u00e7\u00e3o.<\/p>\n<p>Al\u00e9m disso, a verifica\u00e7\u00e3o de identidade tamb\u00e9m tem um impacto importante na seguran\u00e7a dos pr\u00f3prios policiais, j\u00e1 que garante que eles tenham completa consci\u00eancia de com quem est\u00e3o interagindo. Essa pr\u00e1tica \u00e9 uma das muitas que demonstram a evolu\u00e7\u00e3o das t\u00e1ticas policiais, em que a tecnologia e a informa\u00e7\u00e3o desempenham pap\u00e9is cada vez mais centrais na seguran\u00e7a p\u00fablica.<\/p>\n<h2>Natureza da Amea\u00e7a<\/h2>\n<p>A natureza da amea\u00e7a que origina a den\u00fancia n\u00e3o deve ser negligenciada em an\u00e1lises desse tipo de situa\u00e7\u00e3o. A equipe da PM foi acionada para responder a uma situa\u00e7\u00e3o em que havia uma alega\u00e7\u00e3o de amea\u00e7a a um membro da fam\u00edlia. Tal tipo de ocorr\u00eancia, que envolve viol\u00eancia intrafamiliar, \u00e9 uma das mais sens\u00edveis que a pol\u00edcia enfrenta.<\/p>\n<p>Em muitos casos, as amea\u00e7as podem ser subestimadas ou desvalorizadas, mas a a\u00e7\u00e3o r\u00e1pida dos policiais neste caso ilustra a seriedade com que essas situa\u00e7\u00f5es devem ser tratadas. O ambiente familiar deve ser um lugar seguro, e quaisquer ind\u00edcios de viol\u00eancia ou intimida\u00e7\u00e3o devem ser levados a s\u00e9rio \u2013 n\u00e3o apenas por parte da pol\u00edcia, mas tamb\u00e9m pela sociedade em geral.<\/p>\n<p>Essa situa\u00e7\u00e3o ressalta tamb\u00e9m a necessidade de programas sociais de preven\u00e7\u00e3o e apoio para v\u00edtimas de viol\u00eancia. Al\u00e9m de a\u00e7\u00f5es de combate ao crime, \u00e9 fundamental que o Estado promova ambientes que n\u00e3o apenas punam infratores, mas que tamb\u00e9m ofere\u00e7am suporte psicol\u00f3gico e jur\u00eddico para as v\u00edtimas de amea\u00e7as e de viol\u00eancia dom\u00e9stica.<\/p>\n<h2>Colabora\u00e7\u00e3o do Suspeito Durante a Pris\u00e3o<\/h2>\n<p>Um aspecto digno de nota na pris\u00e3o do suspeito foi sua colabora\u00e7\u00e3o durante todo o processo. Ap\u00f3s a confirma\u00e7\u00e3o do mandado de pris\u00e3o, o homem cooperou com a equipe policial, n\u00e3o apresentando resist\u00eancia. Essa atitude \u00e9 importante, pois, ao evitar a escalada de um conflito, a pris\u00e3o ocorreu de forma tranquila e segura.<\/p>\n<p>A colabora\u00e7\u00e3o de um suspeito durante a abordagem pode desescalar uma situa\u00e7\u00e3o potencialmente perigosa. As t\u00e9cnicas de comunica\u00e7\u00e3o e a abordagem de forma pac\u00edfica s\u00e3o vitais para assegurar a seguran\u00e7a de todas as partes envolvidas. Essa coopera\u00e7\u00e3o demonstra que, quando a comunica\u00e7\u00e3o \u00e9 correta e respeitosa, muitos envolvidos na din\u00e2mica policial podem conduzir a situa\u00e7\u00e3o para um desfecho positivo.<\/p>\n<p>Al\u00e9m disso, o fato de ter prescindido do uso de algemas e da necessidade de atendimento m\u00e9dico ilustra a boa conduta do homem durante a pris\u00e3o, bem como a efic\u00e1cia da abordagem policial e o respeito pela dignidade humana, que s\u00e3o fundamentais em qualquer a\u00e7\u00e3o policial.<\/p>\n<h2>Submiss\u00e3o \u00e0 Justi\u00e7a<\/h2>\n<p>Logo ap\u00f3s a pris\u00e3o, o homem foi levado para o distrito policial da \u00e1rea, onde seu caso foi formalmente apresentado \u00e0 Justi\u00e7a. Isso representa a continuidade do processo legal que se seguir\u00e1 ap\u00f3s a pris\u00e3o. \u00c9 nessa fase que o sistema judicial entrar\u00e1 em a\u00e7\u00e3o, avaliando as evid\u00eancias e decidindo o pr\u00f3ximo passo.<\/p>\n<p>Um aspecto importante deste processo \u00e9 garantir que o suspeito receba um julgamento justo. O princ\u00edpio da presun\u00e7\u00e3o de inoc\u00eancia at\u00e9 que se prove a culpa \u00e9 um fundamento do sistema de Justi\u00e7a Criminal brasileiro. Ao seguir os passos necess\u00e1rios para garantir que este preceito seja respeitado, a pol\u00edcia n\u00e3o s\u00f3 age dentro dos limites da lei, mas tamb\u00e9m contribui para a legitimidade do sistema jur\u00eddico.<\/p>\n<p>Al\u00e9m disso, o tratamento que o suspeito recebe durante seu tempo sob cust\u00f3dia \u00e9 de suma import\u00e2ncia. Condi\u00e7\u00f5es dignas e respeito pelos direitos humanos nas pris\u00f5es s\u00e3o aspectos fundamentais que devem ser observados em todos os momentos, refletindo a sociedade que desejamos construir.<\/p>\n<h2>Import\u00e2ncia da Comunica\u00e7\u00e3o Social<\/h2>\n<p>A Comunica\u00e7\u00e3o Social desempenha um papel essencial na constru\u00e7\u00e3o da confian\u00e7a entre a popula\u00e7\u00e3o e a Pol\u00edcia Militar. A divulga\u00e7\u00e3o de a\u00e7\u00f5es como a pris\u00e3o de um procurado n\u00e3o s\u00f3 informa a sociedade sobre a efic\u00e1cia do trabalho policial, como tamb\u00e9m serve para refor\u00e7ar a imagem da pol\u00edcia como uma institui\u00e7\u00e3o que atua em favor da seguran\u00e7a p\u00fablica. Essa transpar\u00eancia \u00e9 importante para incentivar a colabora\u00e7\u00e3o da comunidade e estimular a confian\u00e7a nas autoridades.<\/p>\n<p>A Pol\u00edcia Militar do Estado de S\u00e3o Paulo, por meio de suas v\u00e1rias plataformas de comunica\u00e7\u00e3o, utiliza suas redes sociais e sites oficiais para divulgar informa\u00e7\u00f5es relevantes aos cidad\u00e3os. Essa estrat\u00e9gia tem um impacto positivo, pois quando as pessoas est\u00e3o bem informadas, elas se sentem mais seguras e dispostas a se envolver e colaborar com as for\u00e7as de seguran\u00e7a.<\/p>\n<p>No caso em quest\u00e3o, a ajuda da comunica\u00e7\u00e3o social \u00e9 diversificada e pode incluir a divulga\u00e7\u00e3o de estat\u00edsticas sobre redu\u00e7\u00e3o de crimes na \u00e1rea, assim como o incentivo \u00e0 den\u00fancia de atividades suspeitas. Essa abordagem educativa serve para mostrar \u00e0 popula\u00e7\u00e3o que \u00e9 poss\u00edvel contribuir para uma sociedade mais segura.<\/p>\n<h2>Rea\u00e7\u00f5es da Comunidade Local<\/h2>\n<p>A pris\u00e3o do homem procurado pela Justi\u00e7a teve um impacto direto na comunidade do Cap\u00e3o Redondo. A percep\u00e7\u00e3o de seguran\u00e7a foi instantaneamente afetada pela a\u00e7\u00e3o decisiva da Pol\u00edcia Militar. \u00c9 comum que a presen\u00e7a policial em a\u00e7\u00f5es efetivas leve a uma sensa\u00e7\u00e3o de al\u00edvio e seguran\u00e7a nas comunidades, especialmente quando as pessoas entendem que seu bem-estar \u00e9 uma prioridade para os \u00f3rg\u00e3os de seguran\u00e7a.<\/p>\n<p>As rea\u00e7\u00f5es da comunidade geralmente incluem uma mistura de gratid\u00e3o pela a\u00e7\u00e3o policial e preocupa\u00e7\u00f5es sobre a log\u00edstica do policiamento e a verdadeira seguran\u00e7a a longo prazo. Estimuladas pelo desejo de uma conviv\u00eancia pac\u00edfica, as comunidades frequentemente buscam alcan\u00e7ar um equil\u00edbrio entre a interven\u00e7\u00e3o policial e o respeito aos direitos civis. Esse di\u00e1logo \u00e9 essencial para que os servi\u00e7os de policiamento se desenvolvam num ambiente onde todos se sintam seguros.<\/p>\n<p>Os feedbacks e as hist\u00f3rias relatadas pelos membros da comunidade sobre como as a\u00e7\u00f5es da Pol\u00edcia Militar impactaram suas vidas s\u00e3o cruciais para as autoridades, que devem estar atentas \u00e0 satisfa\u00e7\u00e3o da popula\u00e7\u00e3o com o trabalho que realizam. Essa rela\u00e7\u00e3o din\u00e2mica entre a pol\u00edcia e a comunidade \u00e9 fundamental para o fortalecimento da seguran\u00e7a p\u00fablica e conex\u00f5es sociais dentro das comunidades.<\/p>\n\n<div style=\"font-size: 0px; height: 0px; line-height: 0px; margin: 0; padding: 0; clear: both;\"><\/div>","protected":false},"excerpt":{"rendered":"<p>Pol\u00edcia Militar prende homem procurado pela Justi\u00e7a no Cap\u00e3o Redondo, S\u00e3o Paulo.<\/p>\n","protected":false},"author":1,"featured_media":2564,"comment_status":"open","ping_status":"closed","sticky":false,"template":"","format":"standard","meta":{"footnotes":""},"categories":[6],"tags":[],"class_list":["post-2565","post","type-post","status-publish","format-standard","has-post-thumbnail","hentry","category-noticias-no-capao-redondo","has_thumb"],"aioseo_notices":[],"_links":{"self":[{"href":"https:\/\/www.encontracapaoredondo.com.br\/sobre\/wp-json\/wp\/v2\/posts\/2565","targetHints":{"allow":["GET"]}}],"collection":[{"href":"https:\/\/www.encontracapaoredondo.com.br\/sobre\/wp-json\/wp\/v2\/posts"}],"about":[{"href":"https:\/\/www.encontracapaoredondo.com.br\/sobre\/wp-json\/wp\/v2\/types\/post"}],"author":[{"embeddable":true,"href":"https:\/\/www.encontracapaoredondo.com.br\/sobre\/wp-json\/wp\/v2\/users\/1"}],"replies":[{"embeddable":true,"href":"https:\/\/www.encontracapaoredondo.com.br\/sobre\/wp-json\/wp\/v2\/comments?post=2565"}],"version-history":[{"count":0,"href":"https:\/\/www.encontracapaoredondo.com.br\/sobre\/wp-json\/wp\/v2\/posts\/2565\/revisions"}],"wp:featuredmedia":[{"embeddable":true,"href":"https:\/\/www.encontracapaoredondo.com.br\/sobre\/wp-json\/wp\/v2\/media\/2564"}],"wp:attachment":[{"href":"https:\/\/www.encontracapaoredondo.com.br\/sobre\/wp-json\/wp\/v2\/media?parent=2565"}],"wp:term":[{"taxonomy":"category","embeddable":true,"href":"https:\/\/www.encontracapaoredondo.com.br\/sobre\/wp-json\/wp\/v2\/categories?post=2565"},{"taxonomy":"post_tag","embeddable":true,"href":"https:\/\/www.encontracapaoredondo.com.br\/sobre\/wp-json\/wp\/v2\/tags?post=2565"}],"curies":[{"name":"wp","href":"https:\/\/api.w.org\/{rel}","templated":true}]}}