{"id":2554,"date":"2025-12-16T10:17:00","date_gmt":"2025-12-16T13:17:00","guid":{"rendered":"https:\/\/www.encontracapaoredondo.com.br\/sobre\/motorista-de-27-anos-e-executado-com-tiro-na-cabeca-por-motociclista-veja-video\/"},"modified":"2025-12-16T10:17:00","modified_gmt":"2025-12-16T13:17:00","slug":"motorista-de-27-anos-e-executado-com-tiro-na-cabeca-por-motociclista-veja-video","status":"publish","type":"post","link":"https:\/\/www.encontracapaoredondo.com.br\/sobre\/motorista-de-27-anos-e-executado-com-tiro-na-cabeca-por-motociclista-veja-video\/","title":{"rendered":"Motorista de 27 anos \u00e9 executado com tiro na cabe\u00e7a por motociclista Veja v\u00eddeo"},"content":{"rendered":"<div class=\"8fb9da09c1a584b185d8cf81e63b5046\" data-index=\"1\" style=\"float: none; margin:0px;\">\n<!-- Anuncio display - global -->\r\n<ins class=\"adsbygoogle\"\r\n     style=\"display:block\"\r\n     data-ad-client=\"ca-pub-8585364105181520\"\r\n     data-ad-slot=\"8789329856\"\r\n     data-ad-format=\"auto\"\r\n     data-full-width-responsive=\"true\"><\/ins>\r\n<script>\r\n     (adsbygoogle = window.adsbygoogle || []).push({});\r\n<\/script>\n<\/div>\n<h2>O Caso que Comoveu S\u00e3o Paulo<\/h2>\n<p>O crime que chocou a cidade de S\u00e3o Paulo e atraiu a aten\u00e7\u00e3o de toda a m\u00eddia ocorreu na noite de domingo, 14 de dezembro, quando um motorista de 27 anos foi brutalmente assassinado na zona sul da capital. A viol\u00eancia urbana se tornou um tema recorrente em discuss\u00f5es p\u00fablicas e pol\u00edticas. Neste caso espec\u00edfico, o que mais chama a aten\u00e7\u00e3o \u00e9 a forma fria e calculada da execu\u00e7\u00e3o, em que a v\u00edtima foi abordada por um motociclista que disparou um tiro na cabe\u00e7a, sem qualquer chance de defesa. Esse tipo de evento refor\u00e7a a inquieta\u00e7\u00e3o da popula\u00e7\u00e3o, que clama por maior seguran\u00e7a nas ruas.<\/p>\n<p>A repercuss\u00e3o desse tr\u00e1gico evento foi imediata. Redes sociais e ve\u00edculos de comunica\u00e7\u00e3o se mobilizaram para trazer detalhes sobre a ocorr\u00eancia. Cidad\u00e3os clamavam por justi\u00e7a e prote\u00e7\u00e3o, expressando suas frustra\u00e7\u00f5es com a crescente onda de criminalidade que afeta n\u00e3o apenas a capital paulista, mas todo o Brasil. A brutalidade do crime e a idade da v\u00edtima em quest\u00e3o geraram ainda mais protestos nas redes sociais, onde muitos come\u00e7aram a questionar a efic\u00e1cia das pol\u00edticas de seguran\u00e7a p\u00fablica implementadas nas grandes cidades.<\/p>\n<p>Em um contexto onde a viol\u00eancia parece ter se tornado corriqueira, hist\u00f3rias como a do motorista assassinado servem para ilustrar um quadro alarmante da seguran\u00e7a urbana, for\u00e7ando autoridades a reavaliarem suas estrat\u00e9gias de combate \u00e0 criminalidade. Em muitos casos, isso tamb\u00e9m desencadeia debates sobre solu\u00e7\u00f5es mais eficientes, al\u00e9m de evidenciar a necessidade urgente de um aumento na seguran\u00e7a p\u00fablica.<\/p>\n<p><img decoding=\"async\" src=\"https:\/\/www.encontracapaoredondo.com.br\/sobre\/wp-content\/uploads\/motorista-de-27-anos-e-executado-com-tiro-na-cabeca-por-motociclista-veja-video.webp\" alt=\"motorista executado\" loading=\"lazy\" \/><\/p>\n<h2>Detalhes do Crime Chocante<\/h2>\n<p>O assassinato do motorista ocorreu em um local bastante movimentado, a Rua Francisco Mariani. As imagens de uma c\u00e2mera de seguran\u00e7a mostraram com clareza a cena do crime; o motociclista se aproximou da v\u00edtima, que estava dentro de seu carro, e disparou um tiro certeiro. O ve\u00edculo ainda percorreu alguns metros ap\u00f3s o ataque antes de parar, evidenciando o impacto letal do disparo.<\/p>\n<p>Esse tipo de crime, al\u00e9m de ser cruel, gera um efeito domin\u00f3 de medo entre a popula\u00e7\u00e3o. A sensa\u00e7\u00e3o de inseguran\u00e7a aumenta, levando outros motoristas a se perguntarem: &#8220;E se fosse comigo?&#8221; A t\u00e9cnica adotada pelo criminoso em quest\u00e3o demonstra um planejamento que se torna ainda mais aterrorizante. Muitas vezes, a escolha de motocicletas tem a ver com a agilidade de fuga e a facilidade em manobrar em \u00e1reas urbanas, o que torna a identifica\u00e7\u00e3o dos criminosos extremamente complexa.<\/p>\n<p>Ap\u00f3s o ataque, a v\u00edtima foi rapidamente socorrida e levada ao Hospital Municipal do Campo Limpo, onde, infelizmente, n\u00e3o resistiu aos ferimentos. As configura\u00e7\u00f5es do crime e a caracter\u00edstica execut\u00f3ria levantam quest\u00f5es importantes sobre o que leva indiv\u00edduos a cometer tais atos. Seja por quest\u00f5es relacionadas ao tr\u00e1fico, rivalidades entre gangues ou at\u00e9 mesmo crimes de motiva\u00e7\u00e3o pessoal, a gravidade da situa\u00e7\u00e3o \u00e9 ineg\u00e1vel.<\/p>\n<h2>C\u00e2meras de Seguran\u00e7a Revelam o Horror<\/h2>\n<p>A tecnologia, em muitos casos, \u00e9 uma aliada na investiga\u00e7\u00e3o de crimes, e neste caso, o registro feito pelas c\u00e2meras de seguran\u00e7a se tornou fundamental. A fidedignidade da filmagem contribui para compreender n\u00e3o apenas a din\u00e2mica do crime, mas tamb\u00e9m auxilia as autoridades na identifica\u00e7\u00e3o do indiv\u00edduo respons\u00e1vel por essa brutalidade. As grava\u00e7\u00f5es servem como um alerta para o poder p\u00fablico, mostrando que a impunidade pode ser um agravante na perpetua\u00e7\u00e3o da viol\u00eancia.<\/p>\n<p>Imagens da cena do crime s\u00e3o frequentemente veiculadas na m\u00eddia, proporcionando um olhar v\u00edvido sobre o que ocorreu. Embora a divulga\u00e7\u00e3o desse tipo de conte\u00fado seja um t\u00f3pico pol\u00eamico e muitas vezes doloroso para familiares e amigos da v\u00edtima, as imagens s\u00e3o cruciais para criar um clamor social por justi\u00e7a. Elas fomentam discuss\u00f5es sobre a seguran\u00e7a nas \u00e1reas urbanas e a import\u00e2ncia de melhorias nas pr\u00e1ticas policiais.<\/p>\n<h2>Motivo do Crime: Executado ou Crime Passional?<\/h2>\n<p>A caracter\u00edstica do crime pode inicialmente sugerir uma execu\u00e7\u00e3o, mas as motiva\u00e7\u00f5es que levam uma pessoa a cometer um ato t\u00e3o violento s\u00e3o complexas e podem variar amplamente. A possibilidade de ser um crime passional n\u00e3o pode ser descartada. Conflitos pessoais muitas vezes resultam em trag\u00e9dias irrepar\u00e1veis, e neste caso n\u00e3o seria diferente, mesmo que a execu\u00e7\u00e3o tenha as marcas de um delito premeditado.<\/p>\n<p>As investiga\u00e7\u00f5es tendem a explorar todas as alternativas para entender os porqu\u00eas. A pol\u00edcia analisa o passado da v\u00edtima, suas rela\u00e7\u00f5es e poss\u00edveis inimizades. Situa\u00e7\u00f5es de rivalidade no tr\u00e2nsito e conflitos mais amplos com gangues ou associa\u00e7\u00f5es criminosas tamb\u00e9m s\u00e3o considerados. Enquanto isso, a popula\u00e7\u00e3o exige respostas claras e r\u00e1pidas, sedenta por justi\u00e7a e prote\u00e7\u00e3o contra a inseguran\u00e7a constante.<\/p>\n<h2>Rea\u00e7\u00e3o da Popula\u00e7\u00e3o \u00e0 Viol\u00eancia<\/h2>\n<p>A rea\u00e7\u00e3o da comunidade local e dos cidad\u00e3os de S\u00e3o Paulo n\u00e3o tardou a aparecer. A indigna\u00e7\u00e3o tomou conta de redes sociais e grupos de discuss\u00e3o, onde muitos expressaram a sensa\u00e7\u00e3o de impot\u00eancia diante de mais um ato violento. Essa como\u00e7\u00e3o pode ser vista como um reflexo de um sentimento mais profundo: o desgaste com a inseguran\u00e7a e a impunidade que se tornou frequente nas grandes cidades brasileiras.<\/p>\n<p>Cidad\u00e3os passaram a compartilhar experi\u00eancias pessoais de medo e inseguran\u00e7a, aumentando a consci\u00eancia coletiva sobre o que efetivamente significa viver em uma cidade onde a viol\u00eancia \u00e9 uma sombra constante. O clamor por a\u00e7\u00f5es efetivas em seguran\u00e7a p\u00fablica se intensificou, com protestos e mobiliza\u00e7\u00f5es exigindo solu\u00e7\u00f5es r\u00e1pidas e efetivas que garantam a integridade dos cidad\u00e3os.<\/p>\n<h2>An\u00e1lise da Seguran\u00e7a P\u00fablica em S\u00e3o Paulo<\/h2>\n<p>A inseguran\u00e7a em S\u00e3o Paulo n\u00e3o \u00e9 um fen\u00f4meno isolado. A cidade, que j\u00e1 foi um s\u00edmbolo de crescimento e desenvolvimento, enfrenta um desafio cont\u00ednuo relacionado \u00e0 criminalidade. Estudo ap\u00f3s estudo aponta falhas em diversas \u00e1reas da seguran\u00e7a p\u00fablica, incluindo a falta de recursos, humanidade nos processos, e a necessidade de uma forma\u00e7\u00e3o adequada para agentes de seguran\u00e7a.<\/p>\n<p>Frente aos efeitos da repress\u00e3o, as autoridades enfrentam o dilema sobre como combater a criminalidade sem violar direitos humanos. Essa \u00e9 uma quest\u00e3o especialmente complexa, uma vez que a popula\u00e7\u00e3o mais vulner\u00e1vel acaba sendo a mais afetada. Portanto, a\u00e7\u00f5es diretas e pontuais s\u00e3o essenciais, mas paralelamente ao emprego da for\u00e7a, uma an\u00e1lise estrutural da quest\u00e3o da seguran\u00e7a precisa ser feita.<\/p>\n<h2>Compara\u00e7\u00e3o com Outros Casos Recentes<\/h2>\n<p>N\u00e3o \u00e9 incomum que acontecimentos semelhantes \u00e0 execu\u00e7\u00e3o do motorista de 27 anos em S\u00e3o Paulo se tornem frequentes em \u00e1reas urbanas. Casos not\u00f3rios de viol\u00eancia, que v\u00e3o desde assaltos brutais at\u00e9 execu\u00e7\u00f5es, t\u00eam levantado um questionamento sobre o que efetivamente est\u00e1 sendo feito para proteger a popula\u00e7\u00e3o. Comparando com outros incidentes que ganharam destaque, notam-se semelhan\u00e7as em padr\u00f5es de comportamento dos criminosos, al\u00e9m da resposta tardia ou ineficaz de for\u00e7as de seguran\u00e7a.<\/p>\n<p>Al\u00e9m disso, esses epis\u00f3dios n\u00e3o se resumem a um \u00fanico estado ou regi\u00e3o, mas s\u00e3o disseminados pelo Brasil como um todo, sugerindo um problema generalizado de seguran\u00e7a p\u00fablica.<\/p>\n<h2>O Papel da M\u00eddia na Cobertura de Crimes<\/h2>\n<p>A m\u00eddia desempenha um papel crucial na forma\u00e7\u00e3o da percep\u00e7\u00e3o p\u00fablica sobre a criminalidade. A maneira como uma hist\u00f3ria \u00e9 contada pode influenciar tanto o sistema jur\u00eddico quanto a opini\u00e3o popular. No caso do motorista assassinado, n\u00e3o se pode ignorar como as narrativas da m\u00eddia moldaram o clamor por justi\u00e7a e seguran\u00e7a.<\/p>\n<p>Al\u00e9m disso, a cobertura intensa de casos de crimes brutais pode tanto servir como um alerta sobre a realidade da inseguran\u00e7a quanto contribuir para a cultura do medo. A maneira como esses casos s\u00e3o apresentados requer responsabilidade, dado que um sensacionalismo excessivo pode ter desdobramentos prejudiciais.<\/p>\n<h2>Medidas de Seguran\u00e7a para Motoristas<\/h2>\n<p>Diante da crescente viol\u00eancia, motoristas podem adotar algumas pr\u00e1ticas para se proteger. Embora nenhuma medida seja infal\u00edvel, as seguintes dicas podem auxiliar na minimiza\u00e7\u00e3o de riscos: manuten\u00e7\u00f5es regulares no ve\u00edculo, escolha de rotas mais movimentadas e bem iluminadas, al\u00e9m de evitar expor objetos de valor \u00e0 vista.<\/p>\n<p>Cursos de dire\u00e7\u00e3o defensiva tamb\u00e9m s\u00e3o uma op\u00e7\u00e3o interessante. Al\u00e9m disso, a comunica\u00e7\u00e3o em tempo real com amigos ou familiares ao transitar por regi\u00f5es conhecidas por altos \u00edndices de viol\u00eancia pode ampliar a seguran\u00e7a pessoal.<\/p>\n<h2>O Que Esperar das Investiga\u00e7\u00f5es Policiais<\/h2>\n<p>Com o crime ainda fresco na mem\u00f3ria da popula\u00e7\u00e3o, as expectativas em torno das investiga\u00e7\u00f5es s\u00e3o altas. A sociedade demanda um trabalho eficaz por parte das autoridades que buscam n\u00e3o apenas resolver esse caso espec\u00edfico, mas tamb\u00e9m melhorar a resposta da seguran\u00e7a em geral. O refor\u00e7o de patrulhas, aumento da presen\u00e7a policial em \u00e1reas consideradas cr\u00edticas e uma abordagem centrada em intelig\u00eancia policial s\u00e3o algumas das a\u00e7\u00f5es esperadas.<\/p>\n<p>As investiga\u00e7\u00f5es tamb\u00e9m procuram criar um perfil do autor e, se poss\u00edvel, localizar outros envolvidos. Um claro gerenciamento do caso pode influenciar positivamente a confian\u00e7a p\u00fablica nas institui\u00e7\u00f5es encarregadas de garantir a seguran\u00e7a. Nesse cen\u00e1rio, a press\u00e3o da sociedade por justi\u00e7a pode ser um elemento motivador para que o sistema reaja com mais efetividade.<\/p>\n\n<div style=\"font-size: 0px; height: 0px; line-height: 0px; margin: 0; padding: 0; clear: both;\"><\/div>","protected":false},"excerpt":{"rendered":"<p>Motorista executado em SP por motociclista. Descubra os detalhes desse crime horrendo.<\/p>\n","protected":false},"author":1,"featured_media":2553,"comment_status":"open","ping_status":"closed","sticky":false,"template":"","format":"standard","meta":{"footnotes":""},"categories":[6],"tags":[],"class_list":["post-2554","post","type-post","status-publish","format-standard","has-post-thumbnail","hentry","category-noticias-no-capao-redondo","has_thumb"],"aioseo_notices":[],"_links":{"self":[{"href":"https:\/\/www.encontracapaoredondo.com.br\/sobre\/wp-json\/wp\/v2\/posts\/2554","targetHints":{"allow":["GET"]}}],"collection":[{"href":"https:\/\/www.encontracapaoredondo.com.br\/sobre\/wp-json\/wp\/v2\/posts"}],"about":[{"href":"https:\/\/www.encontracapaoredondo.com.br\/sobre\/wp-json\/wp\/v2\/types\/post"}],"author":[{"embeddable":true,"href":"https:\/\/www.encontracapaoredondo.com.br\/sobre\/wp-json\/wp\/v2\/users\/1"}],"replies":[{"embeddable":true,"href":"https:\/\/www.encontracapaoredondo.com.br\/sobre\/wp-json\/wp\/v2\/comments?post=2554"}],"version-history":[{"count":0,"href":"https:\/\/www.encontracapaoredondo.com.br\/sobre\/wp-json\/wp\/v2\/posts\/2554\/revisions"}],"wp:featuredmedia":[{"embeddable":true,"href":"https:\/\/www.encontracapaoredondo.com.br\/sobre\/wp-json\/wp\/v2\/media\/2553"}],"wp:attachment":[{"href":"https:\/\/www.encontracapaoredondo.com.br\/sobre\/wp-json\/wp\/v2\/media?parent=2554"}],"wp:term":[{"taxonomy":"category","embeddable":true,"href":"https:\/\/www.encontracapaoredondo.com.br\/sobre\/wp-json\/wp\/v2\/categories?post=2554"},{"taxonomy":"post_tag","embeddable":true,"href":"https:\/\/www.encontracapaoredondo.com.br\/sobre\/wp-json\/wp\/v2\/tags?post=2554"}],"curies":[{"name":"wp","href":"https:\/\/api.w.org\/{rel}","templated":true}]}}