{"id":2548,"date":"2025-12-11T10:02:00","date_gmt":"2025-12-11T13:02:00","guid":{"rendered":"https:\/\/www.encontracapaoredondo.com.br\/sobre\/sp-tem-40-de-medicos-sem-titulo-de-especialista-avanco-expoe-gargalos-na-formacao\/"},"modified":"2025-12-11T10:02:00","modified_gmt":"2025-12-11T13:02:00","slug":"sp-tem-40-de-medicos-sem-titulo-de-especialista-avanco-expoe-gargalos-na-formacao","status":"publish","type":"post","link":"https:\/\/www.encontracapaoredondo.com.br\/sobre\/sp-tem-40-de-medicos-sem-titulo-de-especialista-avanco-expoe-gargalos-na-formacao\/","title":{"rendered":"SP tem 40% de m\u00e9dicos sem t\u00edtulo de especialista; avan\u00e7o exp\u00f5e gargalos na forma\u00e7\u00e3o"},"content":{"rendered":"<div class=\"8fb9da09c1a584b185d8cf81e63b5046\" data-index=\"1\" style=\"float: none; margin:0px;\">\n<!-- Anuncio display - global -->\r\n<ins class=\"adsbygoogle\"\r\n     style=\"display:block\"\r\n     data-ad-client=\"ca-pub-8585364105181520\"\r\n     data-ad-slot=\"8789329856\"\r\n     data-ad-format=\"auto\"\r\n     data-full-width-responsive=\"true\"><\/ins>\r\n<script>\r\n     (adsbygoogle = window.adsbygoogle || []).push({});\r\n<\/script>\n<\/div>\n<h2>A ascens\u00e3o dos m\u00e9dicos generalistas em SP<\/h2>\n<p>A \u00faltima d\u00e9cada tem sido marcada por uma mudan\u00e7a significativa no perfil dos m\u00e9dicos em S\u00e3o Paulo. O aumento do n\u00famero de m\u00e9dicos generalistas, aqueles que atuam sem t\u00edtulo de especialista, \u00e9 um fen\u00f4meno que chama a aten\u00e7\u00e3o de especialistas e da sociedade. Em 2015, havia cerca de 46,2 mil m\u00e9dicos generalistas no estado, e esse n\u00famero cresceu para quase 80 mil em 2025, representando 40% do total de profissionais de medicina em S\u00e3o Paulo. Este aumento n\u00e3o \u00e9 apenas uma quest\u00e3o num\u00e9rica, mas reflete uma s\u00e9rie de mudan\u00e7as estruturais na forma\u00e7\u00e3o e na demanda por servi\u00e7os m\u00e9dicos.<\/p>\n<p>Uma das raz\u00f5es para essa ascens\u00e3o \u00e9 a expans\u00e3o acelerada do n\u00famero de escolas de medicina no estado, o que tem levado a um aumento consider\u00e1vel no n\u00famero de vagas dispon\u00edveis. O crescimento das escolas de medicina impulsionou a forma\u00e7\u00e3o de novos m\u00e9dicos, mas a satura\u00e7\u00e3o do mercado de trabalho traz implica\u00e7\u00f5es tanto positivas quanto negativas. Por um lado, mais m\u00e9dicos significam mais op\u00e7\u00f5es para a popula\u00e7\u00e3o; por outro, pode haver uma superabund\u00e2ncia de profissionais sem a devida especializa\u00e7\u00e3o, o que compromete a qualidade do atendimento.<\/p>\n<h2>Impacto das escolas m\u00e9dicas na forma\u00e7\u00e3o de m\u00e9dicos<\/h2>\n<p>Nos \u00faltimos anos, o n\u00famero de escolas m\u00e9dicas em S\u00e3o Paulo dobrou, resultando em cerca de 87 institui\u00e7\u00f5es respons\u00e1veis por mais de 10,4 mil novas vagas anualmente. Contudo, menos de 20% dessas escolas s\u00e3o p\u00fablicas. A predomin\u00e2ncia de institui\u00e7\u00f5es privadas traz \u00e0 tona quest\u00f5es de qualidade e acessibilidade na forma\u00e7\u00e3o m\u00e9dica. Com a prolifera\u00e7\u00e3o de cursos que buscam lucro como prioridade, a qualidade da forma\u00e7\u00e3o m\u00e9dica pode ser comprometida.<\/p>\n<p><img decoding=\"async\" src=\"https:\/\/www.encontracapaoredondo.com.br\/sobre\/wp-content\/uploads\/sp-tem-40-de-medicos-sem-titulo-de-especialista-avanco-expoe-gargalos-na-formacao.webp\" alt=\"m\u00e9dicos sem t\u00edtulo de especialista\" loading=\"lazy\" \/><\/p>\n<p>Ao mesmo tempo, a forma\u00e7\u00e3o inadequada pode resultar em profissionais que n\u00e3o est\u00e3o suficientes preparadas para lidar com a complexidade do sistema de sa\u00fade, especialmente em \u00e1reas que demandam conhecimento especializado. Isso cria um paradoxo onde o aumento do n\u00famero de m\u00e9dicos n\u00e3o necessariamente leva a uma melhoria no atendimento \u00e0 sa\u00fade.<\/p>\n<h2>Restri\u00e7\u00f5es no acesso \u00e0s resid\u00eancias m\u00e9dicas<\/h2>\n<p>Outro fator que contribui para o crescimento do n\u00famero de m\u00e9dicos generalistas \u00e9 a dificuldade no acesso \u00e0s resid\u00eancias m\u00e9dicas. Embora haja uma demanda crescente por especializa\u00e7\u00e3o, o n\u00famero de vagas dispon\u00edveis para resid\u00eancia permanece estagnado. Esse cen\u00e1rio leva muitos m\u00e9dicos a buscarem alternativas ao inv\u00e9s de completar a forma\u00e7\u00e3o especializada, resultando em um mercado de trabalho que oferece mais m\u00e9dicos mas menos especialistas.<\/p>\n<p>A competi\u00e7\u00e3o por essas vagas \u00e9 acirrada, com muitos profissionais gastando anos tentando conseguir uma posi\u00e7\u00e3o. Fatores como o endividamento para cursar medicina tamb\u00e9m desmotivam a continuidade dos estudos. Muitos graduados se v\u00eaem obrigados a entrar imediatamente no mercado de trabalho, mesmo que isso signifique atuar como generalistas.<\/p>\n<h2>O papel dos generalistas no SUS<\/h2>\n<p>Os m\u00e9dicos generalistas t\u00eam um papel vital no Sistema \u00danico de Sa\u00fade (SUS), onde oferecem atendimento em v\u00e1rias frentes, especialmente na aten\u00e7\u00e3o prim\u00e1ria. Eles est\u00e3o mais presentes em Unidades de Pronto Atendimento (UPAs), no Samu e em outros servi\u00e7os p\u00fablicos, onde a demanda por m\u00e9dicos se mant\u00e9m alta. O fato de que muitos postos no SUS n\u00e3o exigem especializa\u00e7\u00e3o abre espa\u00e7o para esses profissionais atuarem sem a press\u00e3o de uma forma\u00e7\u00e3o adicional.<\/p>\n<p>Ainda assim, a presen\u00e7a crescente de m\u00e9dicos generalistas suscita debates sobre a adequa\u00e7\u00e3o do atendimento m\u00e9dico. Para situa\u00e7\u00f5es que exigem conhecimento t\u00e9cnico aprofundado, a falta de especialistas pode ser prejudicial. Portanto, o desafio reside em encontrar um equil\u00edbrio entre a forma\u00e7\u00e3o e a demanda por m\u00e9dicos qualificados que possam oferecer diversos servi\u00e7os \u00e0 popula\u00e7\u00e3o.<\/p>\n<h2>Press\u00e3o por vagas de resid\u00eancia m\u00e9dica<\/h2>\n<p>A press\u00e3o por vagas de resid\u00eancia m\u00e9dica \u00e9 um tema recorrente nas discuss\u00f5es sobre a forma\u00e7\u00e3o m\u00e9dica em S\u00e3o Paulo. Apenas 57 dos 645 munic\u00edpios do estado oferecem programas de resid\u00eancia, e um quinto das vagas dispon\u00edveis frequentemente fica ocioso. Essa situa\u00e7\u00e3o \u00e9 alarmante, pois a falta de uma distribui\u00e7\u00e3o adequada das vagas de resid\u00eancia limita o n\u00famero de m\u00e9dicos especializados.<\/p>\n<p>Essa ociosidade \u00e9 ainda mais preocupante diante da crescente demanda por atendimento m\u00e9dico especializado. A melhoria na distribui\u00e7\u00e3o das resid\u00eancias pode ser uma solu\u00e7\u00e3o para reduzir as desigualdades no acesso a especialistas, alinhando assim a forma\u00e7\u00e3o acad\u00eamica com as necessidades do sistema de sa\u00fade.<\/p>\n<h2>Consequ\u00eancias da satura\u00e7\u00e3o na forma\u00e7\u00e3o m\u00e9dica<\/h2>\n<p>A satura\u00e7\u00e3o na forma\u00e7\u00e3o m\u00e9dica \u00e9 um fen\u00f4meno complexo que vem trazendo consequ\u00eancias diretas tanto para os profissionais quanto para os pacientes. O aumento no n\u00famero de m\u00e9dicos generalistas sem a devida especializa\u00e7\u00e3o pode levar a um atendimento de qualidade inferior, especialmente em \u00e1reas onde a especializa\u00e7\u00e3o \u00e9 crucial.<\/p>\n<p>Al\u00e9m disso, a satura\u00e7\u00e3o pode criar um ambiente de competi\u00e7\u00e3o intensa entre os m\u00e9dicos, resultando em jornadas de trabalho longas e estressantes, o que pode desencadear problemas de sa\u00fade mental entre os profissionais. A insatisfa\u00e7\u00e3o e o afastamento de m\u00e9dicos da \u00e1rea de especializa\u00e7\u00e3o s\u00e3o t\u00f3picos que merecem aten\u00e7\u00e3o adequada, visto que impactam diretamente a qualidade do atendimento \u00e0 sa\u00fade.<\/p>\n<h2>M\u00e9dicos sem especializa\u00e7\u00e3o: riscos e benef\u00edcios<\/h2>\n<p>A presen\u00e7a de m\u00e9dicos sem especializa\u00e7\u00e3o no sistema de sa\u00fade pode ser vista de diversos \u00e2ngulos. Em um aspecto positivo, eles preenchem lacunas em \u00e1reas saturadas e onde a necessidade por atendimento \u00e9 urgente. Com a capacidade de oferecer um atendimento b\u00e1sico e de urg\u00eancia, esses profissionais desempenham um papel fundamental, especialmente nas \u00e1reas carentes.<\/p>\n<p>Por outro lado, a falta de especializa\u00e7\u00e3o traz riscos significativos. M\u00e9dicos sem forma\u00e7\u00e3o espec\u00edfica podem falhar em identificar condi\u00e7\u00f5es complexas que necessitam de tratamentos direcionados. A educa\u00e7\u00e3o continuada \u00e9 crucial para que esses profissionais estejam sempre atualizados, mas a realidade \u00e9 que a press\u00e3o para entrar no mercado de trabalho muitas vezes leva os rec\u00e9m-formados a despriorizarem a especializa\u00e7\u00e3o.<\/p>\n<h2>Fatores que afastam m\u00e9dicos da especializa\u00e7\u00e3o<\/h2>\n<p>Alguns dos fatores que afastam m\u00e9dicos da especializa\u00e7\u00e3o incluem a press\u00e3o financeira, a exig\u00eancia de longos per\u00edodos de resid\u00eancia e o estresse associado \u00e0 carga de trabalho. Muitos m\u00e9dicos formados em institui\u00e7\u00f5es privadas j\u00e1 carregam d\u00edvidas significativas, e a ideia de prolongar a forma\u00e7\u00e3o m\u00e9dica por mais anos pode ser desanimadora.<\/p>\n<p>A cultura  do burnout e do estresse na profiss\u00e3o m\u00e9dica tamb\u00e9m contribui para que jovens profissionais evitem a resid\u00eancia. Relatos de longas jornadas e dificuldades de conciliar a vida pessoal e profissional resultam em um ambiente muitas vezes hostil. Este contexto pode criar uma gera\u00e7\u00e3o de profissionais que optam por entrar no mercado sem buscar a especializa\u00e7\u00e3o.<\/p>\n<h2>Como melhorar a forma\u00e7\u00e3o m\u00e9dica no estado<\/h2>\n<p>Melhorar a forma\u00e7\u00e3o m\u00e9dica em S\u00e3o Paulo requer uma abordagem multifacetada. A primeira medida seria a revis\u00e3o dos curr\u00edculos das faculdades de medicina para garantir que forne\u00e7am habilidades pr\u00e1ticas e te\u00f3ricas que preparem adequadamente os estudantes para o cen\u00e1rio real. O fortalecimento de parcerias entre institui\u00e7\u00f5es de ensino e servi\u00e7os de sa\u00fade tamb\u00e9m pode facilitar a integra\u00e7\u00e3o dessas habilidades na pr\u00e1tica m\u00e9dica.<\/p>\n<p>A implementa\u00e7\u00e3o de programas de mentoria e est\u00e1gios pode fornecer aos estudantes a experi\u00eancia necess\u00e1ria para lidar com situa\u00e7\u00f5es adversas e complexas, melhorando sua capacidade de trabalho em equipe e resolu\u00e7\u00e3o de problemas. Al\u00e9m disso, a amplia\u00e7\u00e3o da oferta de vagas de resid\u00eancia m\u00e9dica e sua distribui\u00e7\u00e3o por todo o estado ajudariam a equilibrar o acesso a especializa\u00e7\u00f5es e garantir uma forma\u00e7\u00e3o m\u00e9dica mais robusta.<\/p>\n<h2>A import\u00e2ncia da especializa\u00e7\u00e3o para a sa\u00fade p\u00fablica<\/h2>\n<p>A especializa\u00e7\u00e3o \u00e9 fundamental para a sa\u00fade p\u00fablica, pois garante que existam profissionais capazes de lidar com os desafios complexos da medicina moderna. M\u00e9dicos especialistas t\u00eam um papel vital na oferta de cuidados de sa\u00fade face a doen\u00e7as cr\u00f4nicas, emerg\u00eancias de sa\u00fade e a continuidade do tratamento dos pacientes.<\/p>\n<p>Sem uma quantidade suficiente de especialistas, o sistema de sa\u00fade pode enfrentar s\u00e9rios desafios, incluindo filas de espera prolongadas para consultas e procedimentos, aumento do risco de erros m\u00e9dicos e limita\u00e7\u00f5es na inova\u00e7\u00e3o do tratamento. A especializa\u00e7\u00e3o permite uma abordagem mais focada e eficaz no tratamento de doen\u00e7as, beneficiando diretamente a popula\u00e7\u00e3o.<\/p>\n\n<div style=\"font-size: 0px; height: 0px; line-height: 0px; margin: 0; padding: 0; clear: both;\"><\/div>","protected":false},"excerpt":{"rendered":"<p>SP tem 40% de m\u00e9dicos sem t\u00edtulo de especialista, revelando problemas na forma\u00e7\u00e3o m\u00e9dica.<\/p>\n","protected":false},"author":1,"featured_media":2547,"comment_status":"open","ping_status":"closed","sticky":false,"template":"","format":"standard","meta":{"footnotes":""},"categories":[6],"tags":[],"class_list":["post-2548","post","type-post","status-publish","format-standard","has-post-thumbnail","hentry","category-noticias-no-capao-redondo","has_thumb"],"aioseo_notices":[],"_links":{"self":[{"href":"https:\/\/www.encontracapaoredondo.com.br\/sobre\/wp-json\/wp\/v2\/posts\/2548","targetHints":{"allow":["GET"]}}],"collection":[{"href":"https:\/\/www.encontracapaoredondo.com.br\/sobre\/wp-json\/wp\/v2\/posts"}],"about":[{"href":"https:\/\/www.encontracapaoredondo.com.br\/sobre\/wp-json\/wp\/v2\/types\/post"}],"author":[{"embeddable":true,"href":"https:\/\/www.encontracapaoredondo.com.br\/sobre\/wp-json\/wp\/v2\/users\/1"}],"replies":[{"embeddable":true,"href":"https:\/\/www.encontracapaoredondo.com.br\/sobre\/wp-json\/wp\/v2\/comments?post=2548"}],"version-history":[{"count":0,"href":"https:\/\/www.encontracapaoredondo.com.br\/sobre\/wp-json\/wp\/v2\/posts\/2548\/revisions"}],"wp:featuredmedia":[{"embeddable":true,"href":"https:\/\/www.encontracapaoredondo.com.br\/sobre\/wp-json\/wp\/v2\/media\/2547"}],"wp:attachment":[{"href":"https:\/\/www.encontracapaoredondo.com.br\/sobre\/wp-json\/wp\/v2\/media?parent=2548"}],"wp:term":[{"taxonomy":"category","embeddable":true,"href":"https:\/\/www.encontracapaoredondo.com.br\/sobre\/wp-json\/wp\/v2\/categories?post=2548"},{"taxonomy":"post_tag","embeddable":true,"href":"https:\/\/www.encontracapaoredondo.com.br\/sobre\/wp-json\/wp\/v2\/tags?post=2548"}],"curies":[{"name":"wp","href":"https:\/\/api.w.org\/{rel}","templated":true}]}}