{"id":2544,"date":"2025-12-10T07:57:00","date_gmt":"2025-12-10T10:57:00","guid":{"rendered":"https:\/\/www.encontracapaoredondo.com.br\/sobre\/quais-linhas-sao-afetadas-pela-paralisacao-de-motoristas-de-onibus-em-sp\/"},"modified":"2025-12-10T07:57:00","modified_gmt":"2025-12-10T10:57:00","slug":"quais-linhas-sao-afetadas-pela-paralisacao-de-motoristas-de-onibus-em-sp","status":"publish","type":"post","link":"https:\/\/www.encontracapaoredondo.com.br\/sobre\/quais-linhas-sao-afetadas-pela-paralisacao-de-motoristas-de-onibus-em-sp\/","title":{"rendered":"Quais linhas s\u00e3o afetadas pela paralisa\u00e7\u00e3o de motoristas de \u00f4nibus em SP"},"content":{"rendered":"<div class=\"8fb9da09c1a584b185d8cf81e63b5046\" data-index=\"1\" style=\"float: none; margin:0px;\">\n<!-- Anuncio display - global -->\r\n<ins class=\"adsbygoogle\"\r\n     style=\"display:block\"\r\n     data-ad-client=\"ca-pub-8585364105181520\"\r\n     data-ad-slot=\"8789329856\"\r\n     data-ad-format=\"auto\"\r\n     data-full-width-responsive=\"true\"><\/ins>\r\n<script>\r\n     (adsbygoogle = window.adsbygoogle || []).push({});\r\n<\/script>\n<\/div>\n<h2>Impacto da paralisa\u00e7\u00e3o nas linhas de \u00f4nibus em SP<\/h2>\n<p>No contexto urbano de S\u00e3o Paulo, a paralisa\u00e7\u00e3o de motoristas de \u00f4nibus tem um impacto significativo na mobilidade da popula\u00e7\u00e3o. Quando motoristas decidem interromper suas atividades, milh\u00f5es de passageiros s\u00e3o afetados, devido ao fato de que o sistema de transporte coletivo \u00e9 essencial em uma metr\u00f3pole com mais de 12 milh\u00f5es de habitantes. Durante uma paralisa\u00e7\u00e3o, o acesso ao trabalho, \u00e0 escola e a institui\u00e7\u00f5es de sa\u00fade se torna dif\u00edcil para muitos, refletindo diretamente em suas rotinas di\u00e1rias.<\/p>\n<p>A interrup\u00e7\u00e3o dos servi\u00e7os em mais de 15 empresas, conforme informado, resulta em um bloqueio nas principais linhas de transporte, que s\u00e3o vitais para a locomo\u00e7\u00e3o em diferentes regi\u00f5es da cidade. A estimativa de que cerca de 3,3 milh\u00f5es de pessoas s\u00e3o impactadas torna evidente a grande relev\u00e2ncia que o transporte p\u00fablico possui. Um incidente como esse est\u00e1 sujeito a gerar congestionamentos adicionais, j\u00e1 que muitos passageiros for\u00e7ados a utilizar ve\u00edculos particulares ou alternativas de transporte como t\u00e1xis e aplicativos, podem saturar ainda mais as vias p\u00fablicas, aumentando o estresse e a irrita\u00e7\u00e3o no tr\u00e2nsito.<\/p>\n<p>A situa\u00e7\u00e3o pode se agravar em per\u00edodos de pico, onde a demanda \u00e9 maior. Assim, essa paralisa\u00e7\u00e3o n\u00e3o apenas causa uma s\u00e9rie de transtornos imediatos para aqueles que dependem do transporte p\u00fablico, mas pode prolongar os efeitos negativos na din\u00e2mica urbana e na qualidade de vida dos cidad\u00e3os.<\/p>\n<p><img decoding=\"async\" src=\"https:\/\/www.encontracapaoredondo.com.br\/sobre\/wp-content\/uploads\/quais-linhas-sao-afetadas-pela-paralisacao-de-motoristas-de-onibus-em-sp.webp\" alt=\"\" loading=\"lazy\" \/><\/p>\n<h2>Empresas afetadas pela paralisa\u00e7\u00e3o dos motoristas<\/h2>\n<p>Na sequ\u00eancia da paralisa\u00e7\u00e3o, diversas empresas de \u00f4nibus est\u00e3o envolvidas, abrangendo uma ampla gama de linhas em S\u00e3o Paulo. As companhias mais impactadas incluem:<\/p>\n<ul>\n<li><strong>Ambiental<\/strong><\/li>\n<li><strong>Campo Belo<\/strong><\/li>\n<li><strong>Express<\/strong><\/li>\n<li><strong>Gatusa<\/strong><\/li>\n<li><strong>Graja\u00fa<\/strong><\/li>\n<li><strong>KBPX<\/strong><\/li>\n<li><strong>Metr\u00f3pole<\/strong><\/li>\n<li><strong>Mobibrasil<\/strong><\/li>\n<li><strong>Movebuss<\/strong><\/li>\n<li><strong>Samba\u00edba<\/strong><\/li>\n<li><strong>Transppass<\/strong><\/li>\n<li><strong>Transuni\u00e3o<\/strong><\/li>\n<li><strong>Via Sudeste<\/strong><\/li>\n<\/ul>\n<p>A consequ\u00eancia da paralisa\u00e7\u00e3o implicou que cada uma desse empresas precisou recolher suas frotas, interrompendo assim as atividades e dificultando a mobilidade urbana em grande escala. Al\u00e9m disso, a decis\u00e3o de descontinuar temporariamente os servi\u00e7os fez com que muitos motoristas perdessem a oportunidade de trabalho e impactou a sustentabilidade financeira dessas empresas, que j\u00e1 enfrentam desafios constantes em um ambiente urbano t\u00e3o competitivo.<\/p>\n<h2>Linhas mais afetadas: um resumo<\/h2>\n<p>Durante a paralisa\u00e7\u00e3o, diversas linhas de \u00f4nibus foram severamente afetadas, resultando em enormes preju\u00edzos para a popula\u00e7\u00e3o. Aqui est\u00e3o algumas das principais linhas prejudicadas:<\/p>\n<p><strong>Linhas da empresa Ambiental:<\/strong><\/p>\n<ul>\n<li>N405-11: Metr\u00f4 Itaquera x Terminal Vila Carr\u00e3o<\/li>\n<li>342M-10: Terminal S\u00e3o Mateus x Terminal Penha<\/li>\n<li>408A-10: Machado de Assis x Cardoso de Almeida<\/li>\n<li>2002-10: Terminal Dom Pedro II x Terminal Bandeira<\/li>\n<\/ul>\n<p><strong>Linhas da empresa Campo Belo:<\/strong><\/p>\n<ul>\n<li>N701-11: Terminal Santo Amaro x Terminal Parque Dom Pedro II<\/li>\n<li>N706-11: Terminal Campo Limpo x Terminal Pinheiros<\/li>\n<li>648P-10: Terminal Capelinha x Terminal Pinheiros<\/li>\n<\/ul>\n<p><strong>Linhas da empresa Express:<\/strong><\/p>\n<ul>\n<li>N406-11: Terminal Cidade Tiradentes x Terminal S\u00e3o Mateus<\/li>\n<li>N407-11: Terminal Vila Carr\u00e3o x Metr\u00f4 Bel\u00e9m<\/li>\n<\/ul>\n<p>Essas linhas representam apenas uma fra\u00e7\u00e3o das interrup\u00e7\u00f5es, refletindo a amplitude da crise de mobilidade na capital paulista. A interrup\u00e7\u00e3o das linhas gera uma avalanche de dificuldades para os cidad\u00e3os que dependem dos servi\u00e7os de \u00f4nibus para suas atividades di\u00e1rias.<\/p>\n<h2>Novas rotas alternativas durante a interrup\u00e7\u00e3o<\/h2>\n<p>Diante das paralisacoes, \u00e9 essencial que solu\u00e7\u00f5es alternativas sejam implementadas para mitigar o impacto na movimenta\u00e7\u00e3o da popula\u00e7\u00e3o. Muitas vezes, o transporte p\u00fablico fornece algumas rotas alternativas e conting\u00eancias durante per\u00edodos de crise. No entanto, precisa de um planejamento eficaz para minimizar a interrup\u00e7\u00e3o.<\/p>\n<p>O uso de transportes alternativos como servi\u00e7os de t\u00e1xi, motot\u00e1xis, aplicativos de transporte privado, e at\u00e9 mesmo a implementa\u00e7\u00e3o de rotas de \u00f4nibus emergenciais podem ser bem-vindas. Algumas sugest\u00f5es incluem:<\/p>\n<ul>\n<li><strong>Estimular o uso de bicicletas:<\/strong> Incentivar o uso de bicicletas durante paralisa\u00e7\u00f5es pode ajudar a desafogar o tr\u00e2nsito e permitir que cidad\u00e3os se dirijam ao trabalho ou compromissos de maneira aut\u00f4noma.<\/li>\n<li><strong>Informa\u00e7\u00e3o em tempo real:<\/strong> A disponibiliza\u00e7\u00e3o de informa\u00e7\u00f5es em tempo real sobre a situa\u00e7\u00e3o do tr\u00e2nsito e das vias pode permitir que os cidad\u00e3os fa\u00e7am escolhas mais informadas sobre como se deslocar pela cidade.<\/li>\n<li><strong>Amplia\u00e7\u00e3o do servi\u00e7o de t\u00e1xis e aplicativos:<\/strong> Aumentar o n\u00famero de ve\u00edculos dispon\u00edveis por meio de parcerias com servi\u00e7os privados pode ajudar a suprir a demanda durante a paralisa\u00e7\u00e3o.<\/li>\n<\/ul>\n<h2>Rea\u00e7\u00f5es de passageiros e motoristas<\/h2>\n<p>A rea\u00e7\u00e3o de passageiros e motoristas costuma variar em momentos de paralisa\u00e7\u00e3o. Para os passageiros, o impacto imediato resulta em frustra\u00e7\u00e3o. Usu\u00e1rios de transporte p\u00fablico costumam expressar sua insatisfa\u00e7\u00e3o nas redes sociais e por meio de manifesta\u00e7\u00f5es. A ansiedade em rela\u00e7\u00e3o a atrasos e mudan\u00e7as de rotina \u00e9 palp\u00e1vel, podendo resultar em conflitos e tumultos nas esta\u00e7\u00f5es e terminais de \u00f4nibus.<\/p>\n<p>Os motoristas, por sua vez, frequentemente t\u00eam suas raz\u00f5es para a paralisa\u00e7\u00e3o, que podem incluir reivindica\u00e7\u00f5es por melhores condi\u00e7\u00f5es de trabalho e sal\u00e1rios. Com isso, muitos motoristas se v\u00eaem divididos entre a necessidade de paralisar para lutar por seus direitos e a compreens\u00e3o da dificuldade que suas a\u00e7\u00f5es trazem para passageiros comuns que dependem do transporte para suas obriga\u00e7\u00f5es di\u00e1rias.<\/p>\n<h2>Medidas adotadas pela prefeitura<\/h2>\n<p>Assim que uma paralisa\u00e7\u00e3o de motoristas \u00e9 anunciada, a prefeitura precisa agir de forma r\u00e1pida e decisiva para minimizar os impactos. Medidas frequentemente adotadas incluem:<\/p>\n<ul>\n<li><strong>Ativa\u00e7\u00e3o de um plano de conting\u00eancia:<\/strong> A prefeitura geralmente desenvolve planos de conting\u00eancia que envolvem o uso de \u00f4nibus em rotas populares alternativas e a cria\u00e7\u00e3o de paradas emergenciais.<\/li>\n<li><strong>Monitora\u00e7\u00e3o do tr\u00e1fego:<\/strong> Estrategicamente, as autoridades podem improvisar faixas exclusivas de \u00f4nibus e monitorar o tr\u00e1fego em tempo real para facilitar a movimenta\u00e7\u00e3o dos ve\u00edculos.<\/li>\n<li><strong>Campanhas informativas:<\/strong> A informa\u00e7\u00e3o \u00e9 fundamental. A prefeitura geralmente realiza campanhas para informar a popula\u00e7\u00e3o sobre as op\u00e7\u00f5es de transporte dispon\u00edveis durante a paralisa\u00e7\u00e3o.<\/li>\n<\/ul>\n<h2>A import\u00e2ncia do transporte p\u00fablico em SP<\/h2>\n<p>O transporte p\u00fablico \u00e9 uma espa\u00e7onave vital que conecta pessoas a diversas partes da cidade e \u00e9 essencial para o funcionamento de S\u00e3o Paulo. \u00c9 o principal meio de locomo\u00e7\u00e3o para aqueles que n\u00e3o possuem ve\u00edculos particulares, oferecendo: <\/p>\n<ul>\n<li><strong>Acessibilidade:<\/strong> O transporte p\u00fablico desempenha um papel importante em fornecer acesso a pessoas de qualquer faixa et\u00e1ria e condi\u00e7\u00e3o social.<\/li>\n<li><strong>Economia:<\/strong> Em um meio urbano, o transporte coletivo \u00e9 muitas vezes mais econ\u00f4mico do que a op\u00e7\u00e3o de se deslocar de carro. A economia gerada com o transporte p\u00fablico \u00e9 fundamental para a classe trabalhadora que precisa manter seus gastos sob controle.<\/li>\n<li><strong>Redu\u00e7\u00e3o da polui\u00e7\u00e3o:<\/strong> O transporte coletivo reduz o n\u00famero de ve\u00edculos nas ruas, ajudando a minimizar a emiss\u00e3o de gases poluentes e melhorando a qualidade do ar.<\/li>\n<\/ul>\n<h2>Hist\u00f3rico de paralisa\u00e7\u00f5es em S\u00e3o Paulo<\/h2>\n<p>As paralisa\u00e7\u00f5es de motoristas na cidade de S\u00e3o Paulo n\u00e3o s\u00e3o uma novidade. Hist\u00f3ricos de greves e paralisa\u00e7\u00f5es t\u00eam sido registrados ao longo das \u00faltimas d\u00e9cadas. Motivos diversos t\u00eam levado aos conflitos entre motoristas e empresas, e cada paralisa\u00e7\u00e3o provoca uma rea\u00e7\u00e3o que instiga o debate sobre a import\u00e2ncia do setor e dos direitos trabalhistas.<\/p>\n<p>Ao longo dos anos, diversas conex\u00f5es de transporte t\u00eam sido pleiteadas por grupos de trabalhadores em busca de melhores condi\u00e7\u00f5es. A popula\u00e7\u00e3o paulistana j\u00e1 presenciou diversas manifesta\u00e7\u00f5es que foram al\u00e9m da paralisa\u00e7\u00e3o, quando motoristas e passageiros se uniram em um pedido por melhorias no transporte p\u00fablico da cidade.<\/p>\n<h2>Poss\u00edveis solu\u00e7\u00f5es para o impasse<\/h2>\n<p>Resolver a quest\u00e3o do transporte p\u00fablico e mitigar as paralisa\u00e7\u00f5es exigir\u00e1 a\u00e7\u00f5es colaborativas e proativas de todos os envolvidos. Algumas solu\u00e7\u00f5es que poderiam ser consideradas incluem:<\/p>\n<ul>\n<li><strong>Di\u00e1logo aberto entre empresas e funcion\u00e1rios:<\/strong> Promover conversas abertas entre motoristas e empresas para discutir preocupa\u00e7\u00f5es e encontrar solu\u00e7\u00f5es.<\/li>\n<li><strong>Negocia\u00e7\u00f5es em tempo real:<\/strong> Criar um mecanismo de negocia\u00e7\u00e3o em tempo real, onde quest\u00f5es possam ser tratadas antes de escalarem para paralisa\u00e7\u00f5es em grande escala.<\/li>\n<li><strong>Redu\u00e7\u00e3o de burocracia:<\/strong> Facilitar as negocia\u00e7\u00f5es trabalhistas para que as demandas sejam atendidas mais rapidamente.<\/li>\n<\/ul>\n<h2>Expectativas para o retorno das opera\u00e7\u00f5es<\/h2>\n<p>Os passageiros frequentemente esperam que os servi\u00e7os retornem ao normal rapidamente ap\u00f3s uma paralisa\u00e7\u00e3o. A expectativa \u00e9 que as autoridades e as empresas fa\u00e7am o poss\u00edvel para garantir que as rotas e hor\u00e1rios sejam restabelecidos assim que a situa\u00e7\u00e3o esteja resolvida. Al\u00e9m disso, \u00e9 importante que os \u00f3rg\u00e3os p\u00fablicos de tr\u00e2nsito sigam implementando medidas de seguran\u00e7a que assegurem a prote\u00e7\u00e3o tanto de passageiros quanto de motoristas durante o retorno \u00e0s opera\u00e7\u00f5es.<\/p>\n<p>Outra expectativa \u00e9 que esse tipo de incidente traga \u00e0 tona a necessidade urgente de uma revis\u00e3o no sistema de transporte p\u00fablico, permitindo que eventualmente se tornem mais eficientes, seguros e confi\u00e1veis.<\/p>\n\n<div style=\"font-size: 0px; height: 0px; line-height: 0px; margin: 0; padding: 0; clear: both;\"><\/div>","protected":false},"excerpt":{"rendered":"<p>Linhas de \u00f4nibus em SP foram afetadas por uma paralisa\u00e7\u00e3o de motoristas.<\/p>\n","protected":false},"author":1,"featured_media":2543,"comment_status":"open","ping_status":"closed","sticky":false,"template":"","format":"standard","meta":{"footnotes":""},"categories":[6],"tags":[],"class_list":["post-2544","post","type-post","status-publish","format-standard","has-post-thumbnail","hentry","category-noticias-no-capao-redondo","has_thumb"],"aioseo_notices":[],"_links":{"self":[{"href":"https:\/\/www.encontracapaoredondo.com.br\/sobre\/wp-json\/wp\/v2\/posts\/2544","targetHints":{"allow":["GET"]}}],"collection":[{"href":"https:\/\/www.encontracapaoredondo.com.br\/sobre\/wp-json\/wp\/v2\/posts"}],"about":[{"href":"https:\/\/www.encontracapaoredondo.com.br\/sobre\/wp-json\/wp\/v2\/types\/post"}],"author":[{"embeddable":true,"href":"https:\/\/www.encontracapaoredondo.com.br\/sobre\/wp-json\/wp\/v2\/users\/1"}],"replies":[{"embeddable":true,"href":"https:\/\/www.encontracapaoredondo.com.br\/sobre\/wp-json\/wp\/v2\/comments?post=2544"}],"version-history":[{"count":0,"href":"https:\/\/www.encontracapaoredondo.com.br\/sobre\/wp-json\/wp\/v2\/posts\/2544\/revisions"}],"wp:featuredmedia":[{"embeddable":true,"href":"https:\/\/www.encontracapaoredondo.com.br\/sobre\/wp-json\/wp\/v2\/media\/2543"}],"wp:attachment":[{"href":"https:\/\/www.encontracapaoredondo.com.br\/sobre\/wp-json\/wp\/v2\/media?parent=2544"}],"wp:term":[{"taxonomy":"category","embeddable":true,"href":"https:\/\/www.encontracapaoredondo.com.br\/sobre\/wp-json\/wp\/v2\/categories?post=2544"},{"taxonomy":"post_tag","embeddable":true,"href":"https:\/\/www.encontracapaoredondo.com.br\/sobre\/wp-json\/wp\/v2\/tags?post=2544"}],"curies":[{"name":"wp","href":"https:\/\/api.w.org\/{rel}","templated":true}]}}