{"id":2518,"date":"2025-11-28T12:11:00","date_gmt":"2025-11-28T15:11:00","guid":{"rendered":"https:\/\/www.encontracapaoredondo.com.br\/sobre\/onibus-no-capao-redondo-sao-os-mais-lentos-de-sp-com-media-de-154-km-h-aponta-mapa-da-desigualdade\/"},"modified":"2025-11-28T12:11:00","modified_gmt":"2025-11-28T15:11:00","slug":"onibus-no-capao-redondo-sao-os-mais-lentos-de-sp-com-media-de-154-km-h-aponta-mapa-da-desigualdade","status":"publish","type":"post","link":"https:\/\/www.encontracapaoredondo.com.br\/sobre\/onibus-no-capao-redondo-sao-os-mais-lentos-de-sp-com-media-de-154-km-h-aponta-mapa-da-desigualdade\/","title":{"rendered":"\u00d4nibus no Cap\u00e3o Redondo s\u00e3o os mais lentos de SP, com m\u00e9dia de 15,4 km\/h, aponta Mapa da Desigualdade"},"content":{"rendered":"<div class=\"8fb9da09c1a584b185d8cf81e63b5046\" data-index=\"1\" style=\"float: none; margin:0px;\">\n<!-- Anuncio display - global -->\r\n<ins class=\"adsbygoogle\"\r\n     style=\"display:block\"\r\n     data-ad-client=\"ca-pub-8585364105181520\"\r\n     data-ad-slot=\"8789329856\"\r\n     data-ad-format=\"auto\"\r\n     data-full-width-responsive=\"true\"><\/ins>\r\n<script>\r\n     (adsbygoogle = window.adsbygoogle || []).push({});\r\n<\/script>\n<\/div>\n<h2>A realidade dos \u00f4nibus no Cap\u00e3o Redondo<\/h2>\n<p>A situa\u00e7\u00e3o do transporte p\u00fablico em S\u00e3o Paulo \u00e9, sem d\u00favida, um dos maiores desafios enfrentados pela cidade. Especialmente no Cap\u00e3o Redondo, onde os \u00f4nibus apresentam uma m\u00e9dia de velocidade de apenas 15,4 km\/h. Isso foi destacado no recente Mapa da Desigualdade, um estudo que analisa diversos indicadores sociais e de infraestrutura entre os distritos da capital paulista. A realidade dos \u00f4nibus na regi\u00e3o \u00e9 reflexo direto das dificuldades enfrentadas pela popula\u00e7\u00e3o que depende desse meio de transporte, o que levanta quest\u00f5es complexas sobre mobilidade urbana, acessibilidade e qualidade de vida.<\/p>\n<p>Os usu\u00e1rios que utilizam os \u00f4nibus do Cap\u00e3o Redondo frequentemente relatam experi\u00eancias frustrantes. A excessiva lentid\u00e3o nas linhas de \u00f4nibus, que frequentemente encontram congestionamentos e demora nas paradas, faz com que os passageiros sintam o impacto em suas rotinas di\u00e1rias. Para muitos moradores, como Gabriel Olavo, vendedor na regi\u00e3o, isso se traduz em atrasos constantes para o trabalho e estudos. Muitas vezes, os \u00f4nibus est\u00e3o superlotados, o que piora a situa\u00e7\u00e3o e torna as viagens ainda mais cansativas. Tal cen\u00e1rio tem implica\u00e7\u00f5es na qualidade de vida, no tempo que os cidad\u00e3os devem dedicar a seus trajetos e, consequentemente, no tempo que poderiam utilizar para outras atividades mais produtivas.<\/p>\n<h2>O impacto da lentid\u00e3o na vida dos passageiros<\/h2>\n<p>O congestionamento e a baixa velocidade dos \u00f4nibus no Cap\u00e3o Redondo n\u00e3o s\u00e3o meras estat\u00edsticas. Eles t\u00eam um impacto direto e profundo na vida cotidiana dos passageiros. Um estudo realizado com passageiros regulares revela que muitos deles gastam at\u00e9 quatro horas por dia apenas se deslocando. Isso \u00e9 equivalente a um &#8220;terceiro turno&#8221; de trabalho, como descrito por M\u00e1rcio Luiz Cardoso Godinho, vigilante que se v\u00ea obrigado a conciliar dois empregos. O testemunho de M\u00e1rcio \u00e9 ilustrativo da problem\u00e1tica enfrentada por muitos: &#8220;Passo mais tempo dentro do \u00f4nibus do que em casa. Durmo quatro, cinco horas por dia. Minha qualidade de vida \u00e9 p\u00e9ssima.&#8221; Essa rotina desgastante pode levar a problemas de sa\u00fade f\u00edsica e mental, al\u00e9m de afetar as rela\u00e7\u00f5es familiares e sociais.<\/p>\n<p><img decoding=\"async\" src=\"https:\/\/www.encontracapaoredondo.com.br\/sobre\/wp-content\/uploads\/onibus-no-capao-redondo-sao-os-mais-lentos-de-sp-com-media-de-15-4-km-h-aponta-mapa-da-desigualdade.webp\" alt=\"\u00f4nibus Cap\u00e3o Redondo\" loading=\"lazy\" \/><\/p>\n<p>A lentid\u00e3o dos \u00f4nibus, portanto, representa uma barreira significativa \u00e0 mobilidade urbana. Moradores da regi\u00e3o, como Ana Paula Rodrigues Nunes, uma faxineira que tamb\u00e9m utiliza o transporte p\u00fablico, sentem o impacto em suas jornadas. &#8220;\u00c0s vezes levo duas horas e meia para ir e voltar. Tudo por causa da lentid\u00e3o e do excesso de carros. Mas \u00e9 S\u00e3o Paulo, n\u00e9?&#8221;, reflete Ana, acrescentando uma nota de resigna\u00e7\u00e3o \u00e0 sua experi\u00eancia. O ritmo ansioso das grandes cidades \u00e9 ainda mais acentuado para aqueles que dependem do transporte p\u00fablico, refletindo uma desigualdade na distribui\u00e7\u00e3o do tempo e na qualidade de vida.<\/p>\n<h2>Comparativo com outros bairros de SP<\/h2>\n<p>Quando olhamos para a cidade de S\u00e3o Paulo como um todo, percebemos que a lentid\u00e3o dos \u00f4nibus no Cap\u00e3o Redondo \u00e9 um problema espec\u00edfico, embora representativo. O mesmo Mapa da Desigualdade tamb\u00e9m revela que, embora a velocidade m\u00e9dia das linhas de \u00f4nibus no Cap\u00e3o Redondo seja de 15,4 km\/h, outras regi\u00f5es da cidade apresentam melhor desempenho. Por exemplo, em Marsilac, os \u00f4nibus conseguem atingir uma m\u00e9dia de 25,5 km\/h, a maior registrada no levantamento. Enquanto isso, bairros como Parque Anhanguera e S\u00e3o Domingos, na Zona Oeste, t\u00eam m\u00e9dias acima de 22 km\/h. Essa compara\u00e7\u00e3o destaca n\u00e3o apenas a diferen\u00e7a na qualidade do transporte, mas tamb\u00e9m as consequ\u00eancias socioecon\u00f4micas que essas disparidades geram.<\/p>\n<p>A diferen\u00e7a nos tempos de deslocamento entre os bairros de S\u00e3o Paulo resulta em desigualdades maiores. A falta de infraestrutura, como corredores de \u00f4nibus e faixas exclusivas, ajusta a velocidade m\u00e9dia do transporte e afeta especialmente os bairros mais perif\u00e9ricos. Isso est\u00e1 em linha com declara\u00e7\u00f5es de Igor Pantoja, coordenador de Rela\u00e7\u00f5es Institucionais do Instituto Cidades Sustent\u00e1veis, que afirma que a lentid\u00e3o dos \u00f4nibus \u00e9 consequ\u00eancia direta da falta de prioridade ao transporte p\u00fablico. Com um planejamento adequado, melhorias poderiam ser implementadas, garantindo uma mobilidade mais justa e eficaz para todos os cidad\u00e3os.<\/p>\n<h2>Planos da prefeitura para melhorias<\/h2>\n<p>O governo municipal tem apresentado planos para enfrentar os desafios de mobilidade urbana em S\u00e3o Paulo, incluindo o Cap\u00e3o Redondo. Entre as promessas est\u00e3o novos corredores de BRT (Bus Rapid Transit), que t\u00eam a inten\u00e7\u00e3o de melhorar a fluidez do tr\u00e2nsito e, consequentemente, a velocidade dos \u00f4nibus. 54 quil\u00f4metros de faixas exclusivas j\u00e1 foram entregues, juntamente com um novo trecho do corredor Itaquera na Zona Leste, prometendo investimentos cont\u00ednuos para a reestrutura\u00e7\u00e3o do sistema de transporte.<\/p>\n<p>No entanto, a execu\u00e7\u00e3o dessas promessas e a efici\u00eancia real dos novos helic\u00f3pteros de infraestruturas ainda est\u00e3o por serem avaliadas. Cr\u00edticos apontam para a necessidade de um planejamento mais robusto que priorize o transporte coletivo em detrimento do transporte individual. Igor Pantoja alerta que, sem esse foco, &#8220;os \u00f4nibus continuar\u00e3o andando em velocidade de tartaruga.&#8221; Para muitos moradores, essa situa\u00e7\u00e3o se torna uma quest\u00e3o urgente, clamando por mudan\u00e7as concretas que garantam que investimentos realizados reflitam positivamente na vida dos usu\u00e1rios.<\/p>\n<h2>Experi\u00eancia dos usu\u00e1rios do transporte<\/h2>\n<p>A experi\u00eancia de quem utiliza os \u00f4nibus no Cap\u00e3o Redondo \u00e9 marcada por desafios di\u00e1rios. Para muitos usu\u00e1rios regulares, como os dados demonstram, a insatisfa\u00e7\u00e3o com o sistema de transporte \u00e9 palp\u00e1vel. A superlota\u00e7\u00e3o e a demora se somam a uma sensa\u00e7\u00e3o geral de descaso por parte dos \u00f3rg\u00e3os respons\u00e1veis. Os passageiros frequentemente se encontram em \u00f4nibus lotados, enfrentando situa\u00e7\u00f5es desconfort\u00e1veis devido \u00e0 falta de espa\u00e7o e ventila\u00e7\u00e3o. Al\u00e9m disso, a falta de informa\u00e7\u00f5es claras e atualizadas sobre hor\u00e1rios e itiner\u00e1rios tamb\u00e9m contribui para a frustra\u00e7\u00e3o.<\/p>\n<p>Uma pesquisa informal realizada em pontos de \u00f4nibus da regi\u00e3o mostra que muitos passageiros desejam mais \u00f4nibus nas linhas e melhorias nos hor\u00e1rios, o que poderia reduzir a superlota\u00e7\u00e3o e a espera. Al\u00e9m disso, a problem\u00e1tica da seguran\u00e7a no transporte p\u00fablico tamb\u00e9m aparece como um tema relevante. Muitas mulheres e idosos relatam medo de assaltos, especialmente em hor\u00e1rios de pico. Isso refor\u00e7a a necessidade de um transporte p\u00fablico n\u00e3o apenas eficiente, mas tamb\u00e9m seguro e amig\u00e1vel para todos os usu\u00e1rios.<\/p>\n<h2>Os desafios do transporte p\u00fablico em SP<\/h2>\n<p>Os desafios que o transporte p\u00fablico enfrenta em S\u00e3o Paulo s\u00e3o complexos e multifacetados. Entre as principais quest\u00f5es, a lentid\u00e3o, a superlota\u00e7\u00e3o, a falta de manuten\u00e7\u00e3o nos \u00f4nibus e a inseguran\u00e7a s\u00e3o as mais citadas. A realidade do Cap\u00e3o Redondo reflete como esses problemas se manifestam de forma particularmente intensa nas periferias. A desprioriza\u00e7\u00e3o do transporte p\u00fablico tamb\u00e9m leva \u00e0 marginaliza\u00e7\u00e3o dos moradores que dependem dele, impactando sua mobilidade e inclus\u00e3o social.<\/p>\n<p>Al\u00e9m disso, o crescimento populacional e a urbaniza\u00e7\u00e3o desordenada exacerbam ainda mais os problemas existentes. Com o aumento do n\u00famero de ve\u00edculos nas ruas, o tr\u00e2nsito se torna cada vez mais congestionado, se tornando um ciclo vicioso que afeta a qualidade do transporte p\u00fablico. Para os trabalhadores das \u00e1reas mais distantes, como o Cap\u00e3o Redondo, o deslocamento torna-se um verdadeiro desafio, limitando suas oportunidades de emprego e suas perspectivas de vida. Essa situa\u00e7\u00e3o demanda uma reflex\u00e3o sobre como a cidade pode se reinventar e priorizar solu\u00e7\u00f5es que promovam a mobilidade sustent\u00e1vel.<\/p>\n<h2>A import\u00e2ncia da mobilidade urbana<\/h2>\n<p>A mobilidade urbana \u00e9 um dos pilares fundamentais para o desenvolvimento sustent\u00e1vel das cidades. Um transporte p\u00fablico eficiente e acess\u00edvel n\u00e3o apenas facilita o deslocamento das pessoas, mas tamb\u00e9m contribui para a redu\u00e7\u00e3o da desigualdade social e para a melhoria da qualidade de vida. A situa\u00e7\u00e3o do Cap\u00e3o Redondo serve como um alerta para a necessidade de um planejamento urbano que considere a inclus\u00e3o e a acessibilidade como princ\u00edpios centrais.<\/p>\n<p>A promo\u00e7\u00e3o do transporte coletivo deve ser uma prioridade nas pol\u00edticas p\u00fablicas, pois isso pode impactar positivamente a economia local, reduzindo os custos com sa\u00fade p\u00fablica e aumentando a produtividade da for\u00e7a de trabalho. Ao melhorar a mobilidade, a cidade pode promover um ambiente mais inclusivo, propiciando aos cidad\u00e3os n\u00e3o apenas melhores condi\u00e7\u00f5es de deslocamento, mas tamb\u00e9m um fortalecimento do tecido social e comunit\u00e1rio.<\/p>\n<p><h2>Como a velocidade influencia a qualidade de vida<\/h2>\n<p>A velocidade dos \u00f4nibus impacta diretamente a qualidade de vida dos cidad\u00e3os. Um transporte p\u00fablico \u00e1gil permite que pessoas possam aproveitar seu tempo de forma mais equilibrada, tendo oportunidades de lazer, estudo e conv\u00edvio social. No Cap\u00e3o Redondo, onde a m\u00e9dia de velocidade \u00e9 uma das mais baixas de S\u00e3o Paulo, a rotina dos passageiros \u00e9 comprometida, levando \u00e0 um desgaste que prejudica o bem-estar f\u00edsico e mental.<\/p>\n<p>A lentid\u00e3o dos \u00f4nibus n\u00e3o apenas rouba tempo, mas tamb\u00e9m gera estresse e um sentimento de desmotiva\u00e7\u00e3o. Para muitos usu\u00e1rios, a sensa\u00e7\u00e3o de estar preso em um \u00f4nibus que n\u00e3o anda gera frustra\u00e7\u00e3o constante, tornando a experi\u00eancia de transporte um fardo. Essa problem\u00e1tica precisa ser abordada com urg\u00eancia, pois a mobilidade \u00e9 essencial para a constru\u00e7\u00e3o de um ambiente urbano saud\u00e1vel e din\u00e2mico.<\/p>\n<h2>Sugest\u00f5es de solu\u00e7\u00f5es para a lentid\u00e3o<\/h2>\n<p>Para que se possa garantir a fluidez do transporte p\u00fablico em regi\u00f5es como o Cap\u00e3o Redondo, \u00e9 necess\u00e1rio implementar uma s\u00e9rie de solu\u00e7\u00f5es. Primeiramente, a cria\u00e7\u00e3o de corredores de \u00f4nibus exclusivos e a amplia\u00e7\u00e3o da infraestrutura de faixas reservadas s\u00e3o essenciais. Esses corredores n\u00e3o apenas melhoram a velocidade do transporte, mas tamb\u00e9m proporcionam seguran\u00e7a aos usu\u00e1rios.<\/p>\n<p>Al\u00e9m disso, a sincroniza\u00e7\u00e3o dos sem\u00e1foros e o aumento da fiscaliza\u00e7\u00e3o do tr\u00e1fego podem contribuir para minimizar os congestionamentos. A implementa\u00e7\u00e3o de sistemas de monitoramento em tempo real tamb\u00e9m \u00e9 fundamental, pois permite que os passageiros conhe\u00e7am a situa\u00e7\u00e3o das suas linhas e fa\u00e7am escolhas informadas sobre seus deslocamentos.<\/p>\n<p>Outras solu\u00e7\u00f5es incluem a consulta e envolvimento da comunidade na elabora\u00e7\u00e3o de pol\u00edticas de transporte, promovendo uma maior participa\u00e7\u00e3o dos cidad\u00e3os nas decis\u00f5es que afetam sua mobilidade. Isso n\u00e3o apenas gera um sentimento de pertencimento, mas tamb\u00e9m garante que o transporte p\u00fablico se desenvolva de uma forma que realmente responda \u00e0s necessidades locais.<\/p>\n<h2>Reflex\u00f5es sobre o futuro do transporte em SP<\/h2>\n<p>O futuro do transporte em S\u00e3o Paulo demanda uma transforma\u00e7\u00e3o estrutural. \u00c9 essencial que o poder p\u00fablico reconhe\u00e7a que a a mobilidade urbana \u00e9 uma quest\u00e3o de direitos humanos, que impacta diretamente na qualidade de vida dos cidad\u00e3os. Os desafios enfrentados n\u00e3o s\u00e3o insuper\u00e1veis; com planejamento estrat\u00e9gico e vontade pol\u00edtica, \u00e9 poss\u00edvel transformar a realidade dos transportes nas periferias.<\/p>\n<p>Um passo importante \u00e9 promover a integra\u00e7\u00e3o entre diferentes modais de transporte, como \u00f4nibus, metr\u00f4s e ciclovias, criando um sistema harmonioso que se complemente e favore\u00e7a a popula\u00e7\u00e3o. O uso de tecnologias inovadoras, como aplicativos para planejamento de rotas e sistemas de compartilhamento de bicicletas, pode oferecer solu\u00e7\u00f5es adicionais e acess\u00edveis. Assim, o futuro do transporte em S\u00e3o Paulo pode ser um caminho para uma cidade mais justa e igualit\u00e1ria, onde todos os cidad\u00e3os tenham acesso a um transporte p\u00fablico eficiente e de qualidade.<\/p>\n\n<div style=\"font-size: 0px; height: 0px; line-height: 0px; margin: 0; padding: 0; clear: both;\"><\/div>","protected":false},"excerpt":{"rendered":"<p>\u00d4nibus Cap\u00e3o Redondo t\u00eam a maior lentid\u00e3o em SP. Descubra os detalhes.<\/p>\n","protected":false},"author":1,"featured_media":2517,"comment_status":"open","ping_status":"closed","sticky":false,"template":"","format":"standard","meta":{"footnotes":""},"categories":[6],"tags":[],"class_list":["post-2518","post","type-post","status-publish","format-standard","has-post-thumbnail","hentry","category-noticias-no-capao-redondo","has_thumb"],"aioseo_notices":[],"_links":{"self":[{"href":"https:\/\/www.encontracapaoredondo.com.br\/sobre\/wp-json\/wp\/v2\/posts\/2518","targetHints":{"allow":["GET"]}}],"collection":[{"href":"https:\/\/www.encontracapaoredondo.com.br\/sobre\/wp-json\/wp\/v2\/posts"}],"about":[{"href":"https:\/\/www.encontracapaoredondo.com.br\/sobre\/wp-json\/wp\/v2\/types\/post"}],"author":[{"embeddable":true,"href":"https:\/\/www.encontracapaoredondo.com.br\/sobre\/wp-json\/wp\/v2\/users\/1"}],"replies":[{"embeddable":true,"href":"https:\/\/www.encontracapaoredondo.com.br\/sobre\/wp-json\/wp\/v2\/comments?post=2518"}],"version-history":[{"count":0,"href":"https:\/\/www.encontracapaoredondo.com.br\/sobre\/wp-json\/wp\/v2\/posts\/2518\/revisions"}],"wp:featuredmedia":[{"embeddable":true,"href":"https:\/\/www.encontracapaoredondo.com.br\/sobre\/wp-json\/wp\/v2\/media\/2517"}],"wp:attachment":[{"href":"https:\/\/www.encontracapaoredondo.com.br\/sobre\/wp-json\/wp\/v2\/media?parent=2518"}],"wp:term":[{"taxonomy":"category","embeddable":true,"href":"https:\/\/www.encontracapaoredondo.com.br\/sobre\/wp-json\/wp\/v2\/categories?post=2518"},{"taxonomy":"post_tag","embeddable":true,"href":"https:\/\/www.encontracapaoredondo.com.br\/sobre\/wp-json\/wp\/v2\/tags?post=2518"}],"curies":[{"name":"wp","href":"https:\/\/api.w.org\/{rel}","templated":true}]}}