{"id":2512,"date":"2025-11-27T10:43:00","date_gmt":"2025-11-27T13:43:00","guid":{"rendered":"https:\/\/www.encontracapaoredondo.com.br\/sobre\/conheca-as-atividades-oferecidas-na-fabrica-de-cultura-do-capao-redondo\/"},"modified":"2025-11-27T10:43:00","modified_gmt":"2025-11-27T13:43:00","slug":"conheca-as-atividades-oferecidas-na-fabrica-de-cultura-do-capao-redondo","status":"publish","type":"post","link":"https:\/\/www.encontracapaoredondo.com.br\/sobre\/conheca-as-atividades-oferecidas-na-fabrica-de-cultura-do-capao-redondo\/","title":{"rendered":"Conhe\u00e7a as atividades oferecidas na F\u00e1brica de Cultura do Cap\u00e3o Redondo"},"content":{"rendered":"<div class=\"8fb9da09c1a584b185d8cf81e63b5046\" data-index=\"1\" style=\"float: none; margin:0px;\">\n<!-- Anuncio display - global -->\r\n<ins class=\"adsbygoogle\"\r\n     style=\"display:block\"\r\n     data-ad-client=\"ca-pub-8585364105181520\"\r\n     data-ad-slot=\"8789329856\"\r\n     data-ad-format=\"auto\"\r\n     data-full-width-responsive=\"true\"><\/ins>\r\n<script>\r\n     (adsbygoogle = window.adsbygoogle || []).push({});\r\n<\/script>\n<\/div>\n<h2>O que \u00e9 a F\u00e1brica de Cultura do Cap\u00e3o Redondo<\/h2>\n<p>A <strong>F\u00e1brica de Cultura do Cap\u00e3o Redondo<\/strong> \u00e9 um espa\u00e7o criado com o objetivo de promover a cultura, a educa\u00e7\u00e3o e a inclus\u00e3o social na comunidade local. Inaugurada em 2012, esta iniciativa faz parte de um projeto maior que abrange diversas localidades em S\u00e3o Paulo, conhecido como F\u00e1bricas de Cultura. O centro est\u00e1 situado no <strong>Jardim S\u00e3o Bento<\/strong>, um dos bairros do distrito de Cap\u00e3o Redondo, na zona sul da capital paulista.<\/p>\n<p>A F\u00e1brica de Cultura \u00e9 um espa\u00e7o multifuncional, projetado para atender a diversas faixas et\u00e1rias e interesses. O ambiente \u00e9 acolhedor, oferecendo n\u00e3o apenas oficinas e atividades culturais, mas tamb\u00e9m um local para leitura e acesso a recursos educacionais. O espa\u00e7o foi concebido para ser um ponto de encontro, onde a comunidade pode se reunir e participar ativamente da produ\u00e7\u00e3o cultural.<\/p>\n<p>A proposta da F\u00e1brica \u00e9 democratizar o acesso \u00e0 cultura, permitindo que moradores da regi\u00e3o desenvolvam habilidades art\u00edsticas e culturais, al\u00e9m de terem a oportunidade de expressar suas pr\u00f3prias narrativas. A ideia central \u00e9 que a cultura pode ser uma ferramenta poderosa de transforma\u00e7\u00e3o social, ajudando a construir um futuro melhor para todos.<\/p>\n<p><img decoding=\"async\" src=\"https:\/\/www.encontracapaoredondo.com.br\/sobre\/wp-content\/uploads\/conheca-as-atividades-oferecidas-na-fabrica-de-cultura-do-capao-redondo.webp\" alt=\"F\u00e1brica de Cultura do Cap\u00e3o Redondo\" loading=\"lazy\" \/><\/p>\n<h2>Atividades Dispon\u00edveis na F\u00e1brica de Cultura<\/h2>\n<p>Na F\u00e1brica de Cultura do Cap\u00e3o Redondo, uma variedade de atividades \u00e9 oferecida \u00e0 comunidade, abrangendo diferentes \u00e1reas art\u00edsticas e culturais. As atividades s\u00e3o voltadas para crian\u00e7as, adolescentes e adultos, buscando atender \u00e0s necessidades e interesses de cada grupo. Entre as principais atividades dispon\u00edveis, destacam-se:<\/p>\n<ul>\n<li><strong>Oficinas de Artes:<\/strong> A F\u00e1brica oferece oficinas de pintura, desenho, cer\u00e2mica e outros meios de express\u00e3o art\u00edstica. Os participantes s\u00e3o incentivados a explorar sua criatividade e a desenvolver suas habilidades.<\/li>\n<li><strong>Teatro e Dan\u00e7a:<\/strong> As oficinas de teatro e dan\u00e7a s\u00e3o populares e atraem muitos jovens. Elas proporcionam uma plataforma para que os participantes possam se expressar e contar suas hist\u00f3rias por meio da performance.<\/li>\n<li><strong>Literatura e Conta\u00e7\u00e3o de Hist\u00f3rias:<\/strong> A F\u00e1brica promove oficinas de conta\u00e7\u00e3o de hist\u00f3rias, al\u00e9m de leituras de livros e debates. Isso ajuda a incentivar a leitura entre crian\u00e7as e jovens.<\/li>\n<li><strong>Jardinagem e Meio Ambiente:<\/strong> Oficinas de jardinagem s\u00e3o oferecidas, ensinando pr\u00e1ticas sustent\u00e1veis e ajudando a criar uma consci\u00eancia ambiental entre os participantes.<\/li>\n<li><strong>Produ\u00e7\u00e3o Audiovisual:<\/strong> Com um est\u00fadio para grava\u00e7\u00e3o de \u00e1udio e um laborat\u00f3rio audiovisual, a F\u00e1brica permite que os jovens aprendam sobre produ\u00e7\u00e3o de filmes e document\u00e1rios, estimulando a criatividade e habilidades t\u00e9cnicas.<\/li>\n<\/ul>\n<p>Essas atividades s\u00e3o regularmente atualizadas, oferecendo novas experi\u00eancias e desafios. O ambiente \u00e9 colaborativo e integral, onde a troca de conhecimentos acontece de forma fluida e envolvente.<\/p>\n<h2>Como Participar das Oficinas<\/h2>\n<p>Participar das oficinas oferecidas na F\u00e1brica de Cultura do Cap\u00e3o Redondo \u00e9 simples e acess\u00edvel. A comunica\u00e7\u00e3o e a transpar\u00eancia s\u00e3o pilares da institui\u00e7\u00e3o, tornando o processo de inscri\u00e7\u00e3o e participa\u00e7\u00e3o claro para todos os interessados. Veja como voc\u00ea pode se inscrever:<\/p>\n<ul>\n<li><strong>Consulta ao Cronograma:<\/strong> A primeira etapa \u00e9 conferir o cronograma das atividades, dispon\u00edvel no site da F\u00e1brica ou diretamente no local. O cronograma \u00e9 atualizado regularmente e inclui todas as oficinas dispon\u00edveis.<\/li>\n<li><strong>Inscri\u00e7\u00e3o:<\/strong> As inscri\u00e7\u00f5es podem ser feitas presencialmente na F\u00e1brica ou por meio do site, dependendo da atividade. Algumas oficinas podem exigir uma inscri\u00e7\u00e3o pr\u00e9via devido \u00e0 limita\u00e7\u00e3o de vagas.<\/li>\n<li><strong>Atendimento ao P\u00fablico:<\/strong> A equipe da F\u00e1brica est\u00e1 sempre dispon\u00edvel para esclarecer d\u00favidas e fornecer informa\u00e7\u00f5es sobre as atividades. Isso garante que todos tenham acesso \u00e0s informa\u00e7\u00f5es necess\u00e1rias para participar.<\/li>\n<li><strong>Eventos Abertos:<\/strong> Em datas espec\u00edficas, a F\u00e1brica realiza eventos abertos ao p\u00fablico, onde as pessoas podem experimentar as atividades antes de se inscreverem em cursos ou oficinas.<\/li>\n<\/ul>\n<p>Al\u00e9m disso, as oficinas s\u00e3o compostas tanto por moradores do entorno quanto por pessoas que v\u00eam de outras \u00e1reas, promovendo um ambiente diversificado e intercultural.<\/p>\n<h2>Exibi\u00e7\u00f5es de Filmes e Document\u00e1rios<\/h2>\n<p>A F\u00e1brica de Cultura do Cap\u00e3o Redondo \u00e9 um renomado espa\u00e7o para exibi\u00e7\u00f5es de filmes e document\u00e1rios, oferecendo uma programa\u00e7\u00e3o rica e variada. Essas exibi\u00e7\u00f5es t\u00eam como objetivo n\u00e3o apenas entreter, mas tamb\u00e9m educar e informar a comunidade sobre diversos temas relevantes, incluindo quest\u00f5es sociais, culturais e hist\u00f3ricas. As atividades incluem:<\/p>\n<ul>\n<li><strong>Sess\u00f5es de Cinema:<\/strong> S\u00e3o realizadas exibi\u00e7\u00f5es peri\u00f3dicas de filmes, com foco em produ\u00e7\u00f5es independentes e document\u00e1rios que abordam realidades diversas, promovendo uma discuss\u00e3o cr\u00edtica e reflexiva.<\/li>\n<li><strong>Debates e Palestras:<\/strong> Ap\u00f3s as exibi\u00e7\u00f5es, frequentemente s\u00e3o organizados debates com a presen\u00e7a de cineastas, cr\u00edticos de cinema e especialistas nos temas abordados. Esses debates geram um espa\u00e7o de di\u00e1logo e troca de ideias.<\/li>\n<li><strong>Mostras Tem\u00e1ticas:<\/strong> A F\u00e1brica tamb\u00e9m promove mostras tem\u00e1ticas, que re\u00fanem filmes que tratam de um assunto espec\u00edfico, permitindo uma imers\u00e3o maior no tema escolhido.<\/li>\n<li><strong>Colabora\u00e7\u00e3o com Escolas:<\/strong> Muitas das exibi\u00e7\u00f5es s\u00e3o realizadas em parceria com escolas da regi\u00e3o, permitindo que crian\u00e7as e jovens tenham acesso a conte\u00fados enriquecedores fora do ambiente escolar.<\/li>\n<\/ul>\n<p>Essas iniciativas s\u00e3o essenciais para a forma\u00e7\u00e3o de uma nova gera\u00e7\u00e3o de espectadores cr\u00edticos e conscientes, refor\u00e7ando a import\u00e2ncia da s\u00e9tima arte na sociedade.<\/p>\n<h2>Eventos Culturais na F\u00e1brica<\/h2>\n<p>Al\u00e9m das oficinas e exibi\u00e7\u00f5es, a F\u00e1brica de Cultura do Cap\u00e3o Redondo \u00e9 um ponto central para eventos culturais que promovem a diversidade e a interatividade. Esses eventos s\u00e3o projetados para envolver a comunidade e celebrar a cultura local. Alguns dos principais eventos incluem:<\/p>\n<ul>\n<li><strong>Festas Culturais:<\/strong> Por meio de festas que celebram a cultura local e regional, a F\u00e1brica convida a comunidade a participar de celebra\u00e7\u00f5es que incluem m\u00fasica, dan\u00e7a, e gastronomia.<\/li>\n<li><strong>Saraus:<\/strong> Os saraus s\u00e3o eventos regulares onde poetas, m\u00fasicos e artistas em geral se apresentam, proporcionando uma plataforma para express\u00e3o art\u00edstica.\n<li><strong>Oficinas Abertas:<\/strong> Muitas vezes, a F\u00e1brica organiza eventos onde a popula\u00e7\u00e3o pode participar de oficinas abertas, experimentando v\u00e1rias pr\u00e1ticas art\u00edsticas e aprendendo mais sobre elas.<\/li>\n<li><strong>Exposi\u00e7\u00f5es de Arte:<\/strong> Espa\u00e7os internos s\u00e3o utilizados para exposi\u00e7\u00f5es de arte, onde artistas locais podem mostrar seu trabalho, promovendo a valoriza\u00e7\u00e3o da produ\u00e7\u00e3o art\u00edstica da regi\u00e3o.<\/li>\n<\/ul>\n<p>A participa\u00e7\u00e3o nesses eventos gera um sentimento de pertencimento e comunidade, proporcionando aos moradores do Cap\u00e3o Redondo a chance de se conectar mais profundamente com sua cultura e com as experi\u00eancias uns dos outros.<\/p>\n<h2>Biblioteca e Recursos para a Comunidade<\/h2>\n<p>A F\u00e1brica de Cultura do Cap\u00e3o Redondo conta com uma biblioteca que \u00e9 um verdadeiro centro de conhecimento e pesquisa. Este espa\u00e7o \u00e9 essencial para o apoio \u00e0 educa\u00e7\u00e3o e ao aprendizado cont\u00ednuo da comunidade. Entre os recursos dispon\u00edveis, destacam-se:<\/p>\n<ul>\n<li><strong>Ambiente Confort\u00e1vel:<\/strong> A biblioteca oferece um espa\u00e7o calmo e agrad\u00e1vel para leitura e estudo, ideal para crian\u00e7as e adultos que buscam uma atmosfera tranquila para se dedicar a atividades acad\u00eamicas ou liter\u00e1rias.<\/li>\n<li><strong>Acervo Diversificado:<\/strong> Com um acervo que inclui livros de diversos g\u00eaneros, revistas e materiais did\u00e1ticos, a biblioteca \u00e9 um recurso valioso para a comunidade. A variedade de materiais garante que todos encontrem algo que atenda aos seus interesses.<\/li>\n<li><strong>Laborat\u00f3rio de Inform\u00e1tica:<\/strong> A biblioteca tamb\u00e9m re\u00fane um laborat\u00f3rio de inform\u00e1tica equipado, onde os usu\u00e1rios podem acessar a internet e utilizar programas de inform\u00e1tica, fundamental para quem deseja aprimorar suas habilidades no mundo digital.<\/li>\n<li><strong>Programas de Incentivo \u00e0 Leitura:<\/strong> A F\u00e1brica realiza atividades que estimulam a leitura entre crian\u00e7as e jovens, como conta\u00e7\u00e3o de hist\u00f3rias e clubes de leitura, favorecendo uma cultura liter\u00e1ria ativa.<\/li>\n<\/ul>\n<p>A biblioteca se torna um espa\u00e7o inclusivo, onde todos t\u00eam a possibilidade de crescer e aprender, n\u00e3o apenas artisticamente, mas tamb\u00e9m academicamente.<\/p>\n<h2>Hor\u00e1rios de Funcionamento e Acesso<\/h2>\n<p>Entender os hor\u00e1rios de funcionamento e as maneiras de acessar as diferentes atividades da F\u00e1brica de Cultura do Cap\u00e3o Redondo \u00e9 fundamental para aproveitar ao m\u00e1ximo as oportunidades oferecidas. O local geralmente funciona conforme os seguintes hor\u00e1rios:<\/p>\n<ul>\n<li><strong>Ter\u00e7a a Sexta-feira:<\/strong> Das 9h \u00e0s 19h<\/li>\n<li><strong>S\u00e1bado:<\/strong> Das 9h \u00e0s 17h<\/li>\n<li><strong>Domingo:<\/strong> Conforme programa\u00e7\u00f5es espec\u00edficas, com algumas atividades acontecendo nesse dia.<\/li>\n<li><strong>Segunda-feira:<\/strong> Sem atendimento ao p\u00fablico.<\/li>\n<\/ul>\n<p>Al\u00e9m disso, a biblioteca da F\u00e1brica tamb\u00e9m segue esses hor\u00e1rios, oferecendo acesso a todos os recursos dispon\u00edveis durante os dias de funcionamento.<\/p>\n<h2>Endere\u00e7o da F\u00e1brica de Cultura<\/h2>\n<p>A localiza\u00e7\u00e3o da F\u00e1brica de Cultura do Cap\u00e3o Redondo \u00e9 um aspecto importante, pois permite que a comunidade tenha f\u00e1cil acesso ao espa\u00e7o. O endere\u00e7o \u00e9:<\/p>\n<p><strong>F\u00e1brica de Cultura do Cap\u00e3o Redondo<\/strong><br \/>Rua Bacia de S\u00e3o Francisco, s\/n<br \/>Conjunto Habitacional Jardim S\u00e3o Bento, S\u00e3o Paulo &#8211; SP<br \/>Entrada 1: Rua Bacia de S\u00e3o Francisco, s\/n<br \/>Entrada 2: Rua Algard, 82<\/p>\n<h2>Import\u00e2ncia da F\u00e1brica para a Comunidade<\/h2>\n<p>A F\u00e1brica de Cultura do Cap\u00e3o Redondo desempenha um papel crucial na vida da comunidade, funcionando como um centro de valoriza\u00e7\u00e3o da cultura e da educa\u00e7\u00e3o. O impacto positivo que o espa\u00e7o tem sobre os moradores \u00e9 ineg\u00e1vel e se manifesta de diversas formas:<\/p>\n<ul>\n<li><strong>Empoderamento Comunit\u00e1rio:<\/strong> Ao capacitar os jovens e adultos com habilidades art\u00edsticas e culturais, a F\u00e1brica promove o empoderamento, criando oportunidades para que membros da comunidade se tornem agentes de mudan\u00e7a.<\/li>\n<li><strong>Redu\u00e7\u00e3o da Viol\u00eancia:<\/strong> Atrav\u00e9s da oferta de atividades culturais e educativas, a F\u00e1brica atua como uma alternativa \u00e0 viol\u00eancia e \u00e0 criminalidade, proporcionando aos jovens caminhos mais seguros e significativos.<\/li>\n<li><strong>Conex\u00e3o Cultural:<\/strong> Ao incentivar o reconhecimento e a valoriza\u00e7\u00e3o da cultura local, a F\u00e1brica fomenta o sentimento de pertencimento e identidade entre os moradores, fortalecendo la\u00e7os comunit\u00e1rios.<\/li>\n<li><strong>Acesso \u00e0 Educa\u00e7\u00e3o:<\/strong> O espa\u00e7o torna a educa\u00e7\u00e3o mais acess\u00edvel para todos, especialmente para aqueles que podem n\u00e3o ter condi\u00e7\u00f5es de frequentar institui\u00e7\u00f5es formais de ensino. Isso \u00e9 vital para o desenvolvimento da comunidade como um todo.<\/li>\n<\/ul>\n<h2>Depoimentos de Participantes<\/h2>\n<p>Os depoimentos de quem frequenta a F\u00e1brica de Cultura do Cap\u00e3o Redondo s\u00e3o testemunhos emocionais e inspiradores da transforma\u00e7\u00e3o que o espa\u00e7o tem proporcionado na vida das pessoas. Muitos participantes relatam como as atividades os impactaram e ajudaram a moldar novas perspectivas. Algumas hist\u00f3rias comuns incluem:<\/p>\n<ul>\n<li><strong>Desenvolvimento Pessoal:<\/strong> Jovens t\u00eam compartilhado que as oficinas de teatro e dan\u00e7a aumentaram sua confian\u00e7a e autoestima, permitindo que se expressassem de uma maneira que antes parecia imposs\u00edvel.<\/li>\n<li><strong>Aprendizado e Crescimento:<\/strong> Muitos adultos destacam como frequentar as oficinas de artesanato e jardinagem os ajudou a adquirir novas habilidades e conhecimentos que podem ser utilizados em suas vidas cotidianas.<\/li>\n<li><strong>Liga\u00e7\u00f5es Comunit\u00e1rias:<\/strong> Os participantes frequentemente mencionam que se sentir parte de uma comunidade ativa e solid\u00e1ria \u00e9 uma das coisas mais valiosas que levar\u00e3o consigo. A F\u00e1brica criou um espa\u00e7o onde se sentem ouvidos e valorizados.<\/li>\n<li><strong>Acesso \u00e0 Cultura:<\/strong> Pais t\u00eam comentado sobre a oportunidade que a F\u00e1brica proporciona para que seus filhos tenham acesso \u00e0 cultura, refor\u00e7ando a import\u00e2ncia de estar em contato com a arte e a literatura desde cedo.<\/li>\n<\/ul>\n<p>Esses relatos refletem a miss\u00e3o da F\u00e1brica de Cultura do Cap\u00e3o Redondo, que \u00e9 n\u00e3o apenas a promo\u00e7\u00e3o da educa\u00e7\u00e3o e da cultura, mas, acima de tudo, a transforma\u00e7\u00e3o social e comunit\u00e1ria atrav\u00e9s da arte. Ao contar suas hist\u00f3rias e experi\u00eancias, os participantes enriquecem ainda mais o espa\u00e7o e fortalecem a ideia de que um ambiente cultural pode modificar vidas.<\/p>\n\n<div style=\"font-size: 0px; height: 0px; line-height: 0px; margin: 0; padding: 0; clear: both;\"><\/div>","protected":false},"excerpt":{"rendered":"<p>Explore as atividades gratuitas na F\u00e1brica de Cultura do Cap\u00e3o Redondo agora!<\/p>\n","protected":false},"author":1,"featured_media":2511,"comment_status":"open","ping_status":"closed","sticky":false,"template":"","format":"standard","meta":{"footnotes":""},"categories":[6],"tags":[],"class_list":["post-2512","post","type-post","status-publish","format-standard","has-post-thumbnail","hentry","category-noticias-no-capao-redondo","has_thumb"],"aioseo_notices":[],"_links":{"self":[{"href":"https:\/\/www.encontracapaoredondo.com.br\/sobre\/wp-json\/wp\/v2\/posts\/2512","targetHints":{"allow":["GET"]}}],"collection":[{"href":"https:\/\/www.encontracapaoredondo.com.br\/sobre\/wp-json\/wp\/v2\/posts"}],"about":[{"href":"https:\/\/www.encontracapaoredondo.com.br\/sobre\/wp-json\/wp\/v2\/types\/post"}],"author":[{"embeddable":true,"href":"https:\/\/www.encontracapaoredondo.com.br\/sobre\/wp-json\/wp\/v2\/users\/1"}],"replies":[{"embeddable":true,"href":"https:\/\/www.encontracapaoredondo.com.br\/sobre\/wp-json\/wp\/v2\/comments?post=2512"}],"version-history":[{"count":0,"href":"https:\/\/www.encontracapaoredondo.com.br\/sobre\/wp-json\/wp\/v2\/posts\/2512\/revisions"}],"wp:featuredmedia":[{"embeddable":true,"href":"https:\/\/www.encontracapaoredondo.com.br\/sobre\/wp-json\/wp\/v2\/media\/2511"}],"wp:attachment":[{"href":"https:\/\/www.encontracapaoredondo.com.br\/sobre\/wp-json\/wp\/v2\/media?parent=2512"}],"wp:term":[{"taxonomy":"category","embeddable":true,"href":"https:\/\/www.encontracapaoredondo.com.br\/sobre\/wp-json\/wp\/v2\/categories?post=2512"},{"taxonomy":"post_tag","embeddable":true,"href":"https:\/\/www.encontracapaoredondo.com.br\/sobre\/wp-json\/wp\/v2\/tags?post=2512"}],"curies":[{"name":"wp","href":"https:\/\/api.w.org\/{rel}","templated":true}]}}