{"id":2506,"date":"2025-11-23T10:32:00","date_gmt":"2025-11-23T13:32:00","guid":{"rendered":"https:\/\/www.encontracapaoredondo.com.br\/sobre\/boulos-lanca-programa-para-aproximar-governo-lula-de-periferias\/"},"modified":"2025-11-23T10:32:00","modified_gmt":"2025-11-23T13:32:00","slug":"boulos-lanca-programa-para-aproximar-governo-lula-de-periferias","status":"publish","type":"post","link":"https:\/\/www.encontracapaoredondo.com.br\/sobre\/boulos-lanca-programa-para-aproximar-governo-lula-de-periferias\/","title":{"rendered":"Boulos lan\u00e7a programa para aproximar governo Lula de periferias"},"content":{"rendered":"<div class=\"8fb9da09c1a584b185d8cf81e63b5046\" data-index=\"1\" style=\"float: none; margin:0px;\">\n<!-- Anuncio display - global -->\r\n<ins class=\"adsbygoogle\"\r\n     style=\"display:block\"\r\n     data-ad-client=\"ca-pub-8585364105181520\"\r\n     data-ad-slot=\"8789329856\"\r\n     data-ad-format=\"auto\"\r\n     data-full-width-responsive=\"true\"><\/ins>\r\n<script>\r\n     (adsbygoogle = window.adsbygoogle || []).push({});\r\n<\/script>\n<\/div>\n<h2>O que \u00e9 o Programa Governo na Rua?<\/h2>\n<p>O <strong>Programa Governo na Rua<\/strong> \u00e9 uma iniciativa do governo brasileiro, especificamente criada sob a lideran\u00e7a de Guilherme Boulos, ministro da Secretaria-Geral da Presid\u00eancia da Rep\u00fablica. Seu lan\u00e7amento ocorreu em um ato simb\u00f3lico no Cap\u00e3o Redondo, um bairro da periferia de S\u00e3o Paulo. A proposta desse programa \u00e9 estabelecer um canal de comunica\u00e7\u00e3o direto entre o governo e as comunidades perif\u00e9ricas, promovendo reuni\u00f5es que visam ouvir as demandas e realidades dessas popula\u00e7\u00f5es, al\u00e9m de discutir as pol\u00edticas p\u00fablicas do governo federal.<\/p>\n<p>Por meio desse programa, o governo busca n\u00e3o apenas informar, mas tamb\u00e9m coletar feedback das comunidades sobre as pol\u00edticas implementadas e as necessidades urgentes que demandam aten\u00e7\u00e3o. A ideia \u00e9 que essas reuni\u00f5es sejam um espa\u00e7o de troca, onde as vozes da periferia possam ser ouvidas de forma genu\u00edna, contribuindo assim para um planejamento mais alinhado \u00e0s realidades locais.<\/p>\n<h2>Quem Est\u00e1 por Tr\u00e1s da Iniciativa?<\/h2>\n<p>A figura central por tr\u00e1s do Programa Governo na Rua \u00e9 <strong>Guilherme Boulos<\/strong>, um conhecido ativista social e pol\u00edtico brasileiro. Com uma forte trajet\u00f3ria em movimentos sociais e no PSOL (Partido Socialismo e Liberdade), Boulos traz consigo uma experi\u00eancia s\u00f3lida em discutir e problematizar as quest\u00f5es urbanas e sociais das periferias. Ele tem sido uma voz ativa na luta por direitos e melhorias nas condi\u00e7\u00f5es de vida nas \u00e1reas mais vulner\u00e1veis do Brasil.<\/p>\n<p><img decoding=\"async\" src=\"https:\/\/www.encontracapaoredondo.com.br\/sobre\/wp-content\/uploads\/boulos-lanca-programa-para-aproximar-governo-lula-de-periferias.webp\" alt=\"Governo na Rua\" loading=\"lazy\" \/><\/p>\n<p>Al\u00e9m de Boulos, a equipe por tr\u00e1s do programa inclui representantes de diversos movimentos sociais, lideran\u00e7as comunit\u00e1rias e especialistas em pol\u00edticas p\u00fablicas. Essa diversidade de vozes \u00e9 essencial para garantir que o programa tenha um entendimento abrangente das m\u00faltiplas realidades que existem nas periferias e que a implementa\u00e7\u00e3o das pol\u00edticas seja feita de maneira efectiva e inclusiva.<\/p>\n<h2>Expectativas Para a Apresenta\u00e7\u00e3o do Programa<\/h2>\n<p>Na apresenta\u00e7\u00e3o do <strong>Governo na Rua<\/strong>, espera-se uma grande mobiliza\u00e7\u00e3o da sociedade civil, com a participa\u00e7\u00e3o de l\u00edderes comunit\u00e1rios, coletivos e representantes de grupos vulner\u00e1veis. A expectativa \u00e9 que essa apresenta\u00e7\u00e3o n\u00e3o seja apenas um evento de lan\u00e7amento, mas um marco que estabelece um compromisso do governo em procurar se aproximar das periferias. O ato de assinatura da portaria \u00e9 um sinal de que o governo entende a import\u00e2ncia de dialogar e ouvir as demandas dos cidad\u00e3os que muitas vezes s\u00e3o deixados de lado nas decis\u00f5es pol\u00edticas.<\/p>\n<p>Os eventos subsequentes tamb\u00e9m devem trazer uma diversidade de temas, desde habita\u00e7\u00e3o e seguran\u00e7a at\u00e9 sa\u00fade e educa\u00e7\u00e3o, refletindo as preocupa\u00e7\u00f5es da popula\u00e7\u00e3o local. Essa ampla gama de discuss\u00f5es \u00e9 fundamental para criar um espa\u00e7o onde todos sintam que suas demandas t\u00eam valor e podem ser atendidas. Boulos, liderando esses eventos, se compromete a estar pessoalmente presente em muitos deles, o que refor\u00e7a a ideia de que o governo deseja criar um v\u00ednculo mais pr\u00f3ximo e humano com as comunidades.<\/p>\n<h2>Objetivos de Melhorar a Comunica\u00e7\u00e3o<\/h2>\n<p>Um dos principais objetivos do <strong>Governo na Rua<\/strong> \u00e9 melhorar a comunica\u00e7\u00e3o entre o governo federal e as comunidades perif\u00e9ricas. Muitas vezes, as informa\u00e7\u00f5es sobre pol\u00edticas p\u00fablicas, programas sociais e benef\u00edcios dispon\u00edveis n\u00e3o chegam adequadamente a essas localidades, ou s\u00e3o divulgadas de forma que n\u00e3o alcan\u00e7am as pessoas que realmente precisam. Por meio deste programa, o governo pretende implementar um modelo de comunica\u00e7\u00e3o que n\u00e3o seja apenas informativo, mas que promova a intera\u00e7\u00e3o e o envolvimento da popula\u00e7\u00e3o.<\/p>\n<p>Essa comunica\u00e7\u00e3o deve ser bidirecional, onde n\u00e3o s\u00f3 o governo fala, mas tamb\u00e9m ouve atentamente as cr\u00edticas e sugest\u00f5es da popula\u00e7\u00e3o. \u00c9 fundamental que haja um espa\u00e7o onde as comunidades possam expressar suas necessidades e participar do processo de formula\u00e7\u00e3o de pol\u00edticas que os afetam diretamente. Esse objetivo vai al\u00e9m de uma simples melhoria nos canais de comunica\u00e7\u00e3o; \u00e9 uma tentativa de construir uma cultura de transpar\u00eancia e acessibilidade nas a\u00e7\u00f5es do governo.<\/p>\n<h2>Import\u00e2ncia da Participa\u00e7\u00e3o Comunit\u00e1ria<\/h2>\n<p>A participa\u00e7\u00e3o comunit\u00e1ria \u00e9 vital para o sucesso do <strong>Governo na Rua<\/strong>. A responsabilidade governamental n\u00e3o deve ser apenas de fornecer servi\u00e7os, mas tamb\u00e9m de garantir que esses servi\u00e7os est\u00e3o alinhados com as reais necessidades da popula\u00e7\u00e3o. A aproxima\u00e7\u00e3o entre governo e cidad\u00e3os \u00e9 o que torna as pol\u00edticas mais eficazes e relevantes.<\/p>\n<p>Quando as comunidades s\u00e3o incentivadas a participar ativamente, isso leva a um maior senso de pertencimento e responsabilidade. As pessoas se sentem mais conectadas ao que est\u00e1 sendo discutido e implementado, o que pode resultar em um engajamento c\u00edvico mais profundo. Essa din\u00e2mica \u00e9 essencial para a cria\u00e7\u00e3o de uma sociedade mais justa e igualit\u00e1ria, onde todos t\u00eam voz e vez.<\/p>\n<h2>Desafios Enfrentados nas Periferias<\/h2>\n<p>As periferias enfrentam uma s\u00e9rie de desafios que s\u00e3o cruciais para serem abordados no \u00e2mbito do <strong>Governo na Rua<\/strong>. Entre eles est\u00e3o a falta de infraestrutura adequada, a viol\u00eancia urbana, a precariedade no acesso a servi\u00e7os de sa\u00fade e educa\u00e7\u00e3o, e a segrega\u00e7\u00e3o social. Cada um desses desafios apresenta complexidades que exigem solu\u00e7\u00f5es espec\u00edficas e integradas.<\/p>\n<p>A presen\u00e7a de Boulos e sua equipe nas \u00e1reas afetadas \u00e9 um passo importante para que o governo entenda na pr\u00e1tica os desafios enfrentados pela popula\u00e7\u00e3o. No entanto, llevar essa compreens\u00e3o para a\u00e7\u00f5es pr\u00e1ticas e efetivas \u00e9 um grande desafio. O governo precisa estar disposto a agir e n\u00e3o ficar apenas em palavras, pois a frustra\u00e7\u00e3o nos setores populares pode se intensificar caso as solu\u00e7\u00f5es n\u00e3o sejam implementadas rapidamente.<\/p>\n<h2>Impacto nas Elei\u00e7\u00f5es de 2026<\/h2>\n<p>O <strong>Programa Governo na Rua<\/strong> tamb\u00e9m est\u00e1 inserido numa estrat\u00e9gia pol\u00edtica mais ampla, especialmente considerando as pr\u00f3ximas elei\u00e7\u00f5es de 2026. Essa iniciativa pode se tornar um trunfo para o governo, demonstrando um compromisso em atender as necessidades das periferias e, assim, consolidar uma base social s\u00f3lida para futuras campanhas.<\/p>\n<p>\u00c9 uma tentativa de recuperar a f\u00e9 e a confian\u00e7a da popula\u00e7\u00e3o marginalizada na pol\u00edtica. Ao apresentar pol\u00edticas que respondam \u00e0s demandas diretas dos eleitores, o governo pode angariar apoio e refor\u00e7ar seu posicionamento nas elei\u00e7\u00f5es. Contudo, para que isso seja efetivo, \u00e9 fundamental que as a\u00e7\u00f5es n\u00e3o sejam vistas apenas como campanhas eleitorais, mas como compromissos reais com a melhoria das condi\u00e7\u00f5es de vida.<\/p>\n<h2>Como a Iniciativa Pode Influenciar Pol\u00edticas P\u00fablicas<\/h2>\n<p>Atrav\u00e9s do <strong>Governo na Rua<\/strong>, o governo federal tem a oportunidade de influenciar positivamente as pol\u00edticas p\u00fablicas. Ao escutar as comunidades, \u00e9 poss\u00edvel moldar pol\u00edticas que realmente atendam \u00e0s necessidades locais, superando a tradicional abordagem de pol\u00edticas de cima para baixo. Isso significa que as prioridades do governo podem ser revistas com base no que \u00e9 realmente mais importante para as periferias.<\/p>\n<p>Se essa pr\u00e1tica se consolidar, o Programa pode se tornar um modelo para outras iniciativas de pol\u00edtica p\u00fablica. Outros programas poder\u00e3o observar como a proximidade e a escuta podem resultar em uma maior efic\u00e1cia das pol\u00edticas implementadas. O papel de Boulos como coordenador do programa \u00e9 crucial nesse aspecto, pois ele poder\u00e1 trazer sua experi\u00eancia de mobiliza\u00e7\u00e3o e conex\u00e3o com o povo, influenciando assim n\u00e3o s\u00f3 a percep\u00e7\u00e3o p\u00fablica, mas tamb\u00e9m a elabora\u00e7\u00e3o de pol\u00edticas decisivas.<\/p>\n<h2>Reuni\u00f5es Regionais em Foco<\/h2>\n<p>Um dos componentes centrais do <strong>Governo na Rua<\/strong> s\u00e3o as reuni\u00f5es regionais, que visam tanto ouvir quanto discutir com as comunidades sobre os desafios locais. Essas reuni\u00f5es ser\u00e3o o palco para debates abertos, onde cidad\u00e3os poder\u00e3o expressar suas preocupa\u00e7\u00f5es, reivindica\u00e7\u00f5es e sugest\u00f5es.<\/p>\n<p>Essas intera\u00e7\u00f5es diretas s\u00e3o fundamentais para fortalecer a confian\u00e7a entre o governo e os cidad\u00e3os. \u00c9 um momento em que as comunidades podem sentir que suas vozes est\u00e3o sendo ouvidas e que suas necessidades s\u00e3o levadas em considera\u00e7\u00e3o. A frequ\u00eancia e a organiza\u00e7\u00e3o dessas reuni\u00f5es ser\u00e3o importantes para garantir que sejam acess\u00edveis a todos os interessados. \u00c9 crucial que as reuni\u00f5es n\u00e3o sejam apenas um evento isolado, mas parte de um processo cont\u00ednuo de di\u00e1logo e desenvolvimento comunit\u00e1rio.<\/p>\n<h2>O Papel de Boulos como Ministro<\/h2>\n<p>Como ministro, <strong>Guilherme Boulos<\/strong> assume uma posi\u00e7\u00e3o de destaque e responsabilidade. Seu trabalho \u00e0 frente do <strong>Governo na Rua<\/strong> ser\u00e1 um reflexo de sua capacidade de implementar mudan\u00e7as significativas para as periferias. Ele deve utilizar sua experi\u00eancia e conex\u00e3o com os movimentos sociais para mobilizar a equipe do governo e criar uma vis\u00e3o comum que transpare\u00e7a as necessidades das comunidades.<\/p>\n<p>A atua\u00e7\u00e3o de Boulos ser\u00e1 crucial n\u00e3o apenas para o sucesso do programa, mas tamb\u00e9m como legado para sua carreira pol\u00edtica. O desafio ser\u00e1 manter o foco e a integridade ao se lidar com quest\u00f5es complexas e interligadas que afetam a vida de milh\u00f5es de brasileiros. Isso inclui garantir que as promessas feitas sejam cumpridas e que as pol\u00edticas n\u00e3o sejam apenas ben\u00e9ficas em teoria, mas eficazes na pr\u00e1tica.<\/p>\n\n<div style=\"font-size: 0px; height: 0px; line-height: 0px; margin: 0; padding: 0; clear: both;\"><\/div>","protected":false},"excerpt":{"rendered":"<p>Governo na Rua: Uma iniciativa para reestabelecer a liga\u00e7\u00e3o com as periferias.<\/p>\n","protected":false},"author":1,"featured_media":2505,"comment_status":"open","ping_status":"closed","sticky":false,"template":"","format":"standard","meta":{"footnotes":""},"categories":[6],"tags":[],"class_list":["post-2506","post","type-post","status-publish","format-standard","has-post-thumbnail","hentry","category-noticias-no-capao-redondo","has_thumb"],"aioseo_notices":[],"_links":{"self":[{"href":"https:\/\/www.encontracapaoredondo.com.br\/sobre\/wp-json\/wp\/v2\/posts\/2506","targetHints":{"allow":["GET"]}}],"collection":[{"href":"https:\/\/www.encontracapaoredondo.com.br\/sobre\/wp-json\/wp\/v2\/posts"}],"about":[{"href":"https:\/\/www.encontracapaoredondo.com.br\/sobre\/wp-json\/wp\/v2\/types\/post"}],"author":[{"embeddable":true,"href":"https:\/\/www.encontracapaoredondo.com.br\/sobre\/wp-json\/wp\/v2\/users\/1"}],"replies":[{"embeddable":true,"href":"https:\/\/www.encontracapaoredondo.com.br\/sobre\/wp-json\/wp\/v2\/comments?post=2506"}],"version-history":[{"count":0,"href":"https:\/\/www.encontracapaoredondo.com.br\/sobre\/wp-json\/wp\/v2\/posts\/2506\/revisions"}],"wp:featuredmedia":[{"embeddable":true,"href":"https:\/\/www.encontracapaoredondo.com.br\/sobre\/wp-json\/wp\/v2\/media\/2505"}],"wp:attachment":[{"href":"https:\/\/www.encontracapaoredondo.com.br\/sobre\/wp-json\/wp\/v2\/media?parent=2506"}],"wp:term":[{"taxonomy":"category","embeddable":true,"href":"https:\/\/www.encontracapaoredondo.com.br\/sobre\/wp-json\/wp\/v2\/categories?post=2506"},{"taxonomy":"post_tag","embeddable":true,"href":"https:\/\/www.encontracapaoredondo.com.br\/sobre\/wp-json\/wp\/v2\/tags?post=2506"}],"curies":[{"name":"wp","href":"https:\/\/api.w.org\/{rel}","templated":true}]}}