{"id":2473,"date":"2025-11-13T07:47:00","date_gmt":"2025-11-13T10:47:00","guid":{"rendered":"https:\/\/www.encontracapaoredondo.com.br\/sobre\/capao-redondo-registra-piora-na-qualidade-do-ar\/"},"modified":"2025-11-13T07:47:00","modified_gmt":"2025-11-13T10:47:00","slug":"capao-redondo-registra-piora-na-qualidade-do-ar","status":"publish","type":"post","link":"https:\/\/www.encontracapaoredondo.com.br\/sobre\/capao-redondo-registra-piora-na-qualidade-do-ar\/","title":{"rendered":"Cap\u00e3o Redondo registra piora na qualidade do ar"},"content":{"rendered":"<div class=\"8fb9da09c1a584b185d8cf81e63b5046\" data-index=\"1\" style=\"float: none; margin:0px;\">\n<!-- Anuncio display - global -->\r\n<ins class=\"adsbygoogle\"\r\n     style=\"display:block\"\r\n     data-ad-client=\"ca-pub-8585364105181520\"\r\n     data-ad-slot=\"8789329856\"\r\n     data-ad-format=\"auto\"\r\n     data-full-width-responsive=\"true\"><\/ins>\r\n<script>\r\n     (adsbygoogle = window.adsbygoogle || []).push({});\r\n<\/script>\n<\/div>\n<h2>Condicionantes da Qualidade do Ar em Cap\u00e3o Redondo<\/h2>\n<p>O distrito do <strong>Cap\u00e3o Redondo<\/strong>, localizado na zona sul de S\u00e3o Paulo, \u00e9 um exemplo do que muitos bairros perif\u00e9ricos enfrentam em grandes cidades: a complexidade e os desafios relacionados \u00e0 <strong>qualidade do ar<\/strong>. V\u00e1rios fatores influenciam a situa\u00e7\u00e3o do ar nesse local, sendo que a polui\u00e7\u00e3o n\u00e3o \u00e9 um problema isolado, mas sim um reflexo das pr\u00e1ticas urbanas e industriais ao redor.<\/p>\n<p>A polui\u00e7\u00e3o do ar no Cap\u00e3o Redondo est\u00e1 conectada a atividades industriais, ao tr\u00e1fego intenso de ve\u00edculos e a condi\u00e7\u00f5es clim\u00e1ticas espec\u00edficas. O tr\u00e1fego de autom\u00f3veis, principalmente durante as horas de pico, contribui de forma significativa para a emiss\u00e3o de poluentes. Os ve\u00edculos que utilizam combust\u00edveis f\u00f3sseis liberam uma variedade de poluentes, como \u00f3xidos de nitrog\u00eanio, mon\u00f3xido de carbono e materiais particulados, que s\u00e3o nocivos \u00e0 sa\u00fade.<\/p>\n<p>Al\u00e9m disso, a localiza\u00e7\u00e3o do Cap\u00e3o Redondo pode continuar a agravar esta situa\u00e7\u00e3o. A presen\u00e7a de \u00e1reas industriais nas proximidades e o crescimento de empreendimentos residenciais aumentam a demanda por transporte e, consequentemente, a emiss\u00e3o de poluentes. A urbaniza\u00e7\u00e3o desenfreada e a falta de planejamento adequado resultam em uma infraestrutura que n\u00e3o consegue lidar com o aumento populacional e a mobilidade urbana, resultando assim em uma maior concentra\u00e7\u00e3o de poluentes no ar.<\/p>\n<p><img decoding=\"async\" src=\"https:\/\/www.encontracapaoredondo.com.br\/sobre\/wp-content\/uploads\/capao-redondo-registra-piora-na-qualidade-do-ar.webp\" alt=\"qualidade do ar em Cap\u00e3o Redondo\" loading=\"lazy\" \/><\/p>\n<h2>Sintomas de Polui\u00e7\u00e3o do Ar<\/h2>\n<p>Os efeitos da polui\u00e7\u00e3o do ar s\u00e3o amplamente sentidos pela popula\u00e7\u00e3o, com sintomas que variam em intensidade e frequ\u00eancia. Pessoas expostas a ar polu\u00eddo podem desenvolver uma s\u00e9rie de problemas de sa\u00fade, que v\u00e3o desde leves desconfortos at\u00e9 condi\u00e7\u00f5es mais graves.<\/p>\n<p>Entre os <strong>sintomas comuns<\/strong> relacionados \u00e0 polui\u00e7\u00e3o do ar est\u00e3o a <strong>irrita\u00e7\u00e3o nos olhos<\/strong>, <strong>nariz<\/strong> e <strong>garganta<\/strong>, e tamb\u00e9m <strong>tosse seca<\/strong> e <strong>falta de ar<\/strong>. Indiv\u00edduos que fazem parte de grupos vulner\u00e1veis, como crian\u00e7as e idosos, podem apresentar rea\u00e7\u00f5es mais severas. A exposi\u00e7\u00e3o constante a altos n\u00edveis de poluentes pode aumentar a incid\u00eancia de doen\u00e7as respirat\u00f3rias cr\u00f4nicas, como a <strong>asmas<\/strong> e a <strong>bronquite<\/strong>.<\/p>\n<p>Al\u00e9m disso, a polui\u00e7\u00e3o do ar tamb\u00e9m pode exacerbar condi\u00e7\u00f5es card\u00edacas preexistentes, levando a um aumento dos casos de <strong>infarto<\/strong> e <strong>acidente vascular cerebral (AVC)<\/strong>. Quando o ar est\u00e1 em n\u00edveis de qualidade prejudicial, se faz necess\u00e1rio o cuidado redobrado, especialmente para aqueles que j\u00e1 t\u00eam quest\u00f5es de sa\u00fade. A vigil\u00e2ncia constante acerca da qualidade do ar pode auxiliar na preven\u00e7\u00e3o de sintomas e na promo\u00e7\u00e3o de um ambiente saud\u00e1vel.<\/p>\n<h2>Grupos de Risco e Cuidados Necess\u00e1rios<\/h2>\n<p>\u00c9 essencial identificar os grupos mais sens\u00edveis aos efeitos da polui\u00e7\u00e3o do ar e oferecer diretrizes adequadas para a prote\u00e7\u00e3o desses indiv\u00edduos. O <strong>Grupo de Risco<\/strong> inclui crian\u00e7as, idosos, pessoas com doen\u00e7as respirat\u00f3rias preexistentes e aqueles com condi\u00e7\u00f5es card\u00edacas.<\/p>\n<p><strong>Crian\u00e7as<\/strong> est\u00e3o em um per\u00edodo de desenvolvimento cr\u00edtico e s\u00e3o mais vulner\u00e1veis a problemas respirat\u00f3rios. A exposi\u00e7\u00e3o a poluentes pode afetar seu desenvolvimento pulmonar e resultar em doen\u00e7as cr\u00f4nicas ao longo da vida. Portanto, os pais s\u00e3o aconselhados a monitorar a qualidade do ar e a limitar atividades ao ar livre durante per\u00edodos de alta polui\u00e7\u00e3o.<\/p>\n<p>Os <strong>idosos<\/strong> possuem uma capacidade respirat\u00f3ria reduzida e muitas vezes sofrem de doen\u00e7as cr\u00f4nicas, tornando-os muito sens\u00edveis \u00e0s mudan\u00e7as na qualidade do ar. Por isso, medidas preventivas, como o uso de purificadores de ar em ambientes fechados e evitar sair durante os hor\u00e1rios de pico, podem ser cruciais para sua sa\u00fade.<\/p>\n<p>Pessoas que j\u00e1 t\u00eam condi\u00e7\u00f5es especiais, como <strong>asma<\/strong> ou <strong>doen\u00e7a pulmonar obstrutiva cr\u00f4nica (DPOC)<\/strong>, devem manter uma rotina de acompanhamento m\u00e9dico e ter sempre medicamentos \u00e0 m\u00e3o para casos de emerg\u00eancia. A educa\u00e7\u00e3o sobre a polui\u00e7\u00e3o do ar e o uso adequado de medicamentos preventivos s\u00e3o essenciais para estas popula\u00e7\u00f5es.<\/p>\n<h2>A Import\u00e2ncia da Cetesb na Monitoriza\u00e7\u00e3o<\/h2>\n<p>A <strong>Companhia Ambiental do Estado de S\u00e3o Paulo (CETESB)<\/strong> desempenha um papel vital na monitoriza\u00e7\u00e3o da qualidade do ar na regi\u00e3o. Seu monitoramento cont\u00ednuo fornece dados cruciais que informam a popula\u00e7\u00e3o sobre a qualidade do ar e permite a implementa\u00e7\u00e3o de pol\u00edticas p\u00fablicas mais eficazes.<\/p>\n<p>Com uma vasta rede de esta\u00e7\u00f5es de monitoramento espalhadas pela cidade, a Cetesb coleta dados em tempo real, os quais s\u00e3o disponibilizados para o p\u00fablico. Esses dados incluem informa\u00e7\u00f5es sobre a concentra\u00e7\u00e3o de diversos poluentes, possibilitando uma compreens\u00e3o mais profunda sobre as condi\u00e7\u00f5es do ar na regi\u00e3o. Isso \u00e9 especialmente importante em \u00e1reas como o Cap\u00e3o Redondo, que t\u00eam n\u00edveis de polui\u00e7\u00e3o frequentemente elevados.<\/p>\n<p>Al\u00e9m de informar, a Cetesb tamb\u00e9m tem o poder de influenciar pol\u00edticas p\u00fablicas. A partir dos dados coletados, \u00f3rg\u00e3os governamentais podem tomar decis\u00f5es informadas sobre a implementa\u00e7\u00e3o de medidas de controle e mitiga\u00e7\u00e3o que visem a redu\u00e7\u00e3o da polui\u00e7\u00e3o do ar. Isso pode incluir a restri\u00e7\u00e3o de tr\u00e1fego em \u00e1reas mais afetadas e a promo\u00e7\u00e3o de alternativas de transporte sustent\u00e1vel.<\/p>\n<h2>Medidas para Melhorar a Qualidade do Ar<\/h2>\n<p>Embora a polui\u00e7\u00e3o do ar seja uma quest\u00e3o complexa, existem v\u00e1rias medidas que podem ser implementadas para melhorar a situa\u00e7\u00e3o. Primeiramente, promover o uso de transportes p\u00fablicos mais eficientes e menos poluentes \u00e9 fundamental. Incentivar a popula\u00e7\u00e3o a optar por bicicletas, transporte coletivo e caronas \u00e9 uma forma efetiva de reduzir a quantidade de ve\u00edculos nas ruas e, consequentemente, a emiss\u00e3o de poluentes.<\/p>\n<p>Outra estrat\u00e9gia \u00e9 o aumento da <strong>cobertura vegetal<\/strong> em \u00e1reas urbanas. Plantar \u00e1rvores e criar \u00e1reas verdes n\u00e3o apenas melhora o cen\u00e1rio est\u00e9tico da cidade, mas tamb\u00e9m ajuda a filtrar poluentes e aumentar a qualidade do ar. As \u00e1rvores funcionam como pulm\u00f5es naturais, absorvendo di\u00f3xido de carbono e liberando oxig\u00eanio.<\/p>\n<p>Al\u00e9m disso, a conscientiza\u00e7\u00e3o da popula\u00e7\u00e3o sobre a import\u00e2ncia da preserva\u00e7\u00e3o do meio ambiente \u00e9 essencial. Estimular a\u00e7\u00f5es individuais, como reduzir o uso de pl\u00e1sticos e optar por produtos com menor impacto ambiental, contribui diretamente para a prote\u00e7\u00e3o do ar que respiramos.<\/p>\n<h2>Impactos da Polui\u00e7\u00e3o na Sa\u00fade P\u00fablica<\/h2>\n<p>A polui\u00e7\u00e3o do ar traz impactos diretos e severos \u00e0 sa\u00fade p\u00fablica. Cada vez mais estudos apontam que a exposi\u00e7\u00e3o prolongada \u00e0 polui\u00e7\u00e3o pode aumentar a morte prematura e a incid\u00eancia de v\u00e1rias doen\u00e7as. Os dados da Organiza\u00e7\u00e3o Mundial da Sa\u00fade (OMS) sustentam que a polui\u00e7\u00e3o do ar \u00e9 um dos fatores de risco mais significativos para a sa\u00fade, associada a mais de 7 milh\u00f5es de mortes por ano em todo o mundo.<\/p>\n<p>No Brasil, a realidade n\u00e3o \u00e9 diferente. A polui\u00e7\u00e3o do ar contribui para o agravamento de doen\u00e7as respirat\u00f3rias e cardiovasculares, aumentando a carga sobre o sistema de sa\u00fade. Isso representa um grande desafio, especialmente para comunidades que j\u00e1 enfrentam dificuldades sociais e econ\u00f4micas, como as que residem no Cap\u00e3o Redondo.<\/p>\n<p>Al\u00e9m das consequ\u00eancias diretas para a sa\u00fade, a polui\u00e7\u00e3o do ar tamb\u00e9m gera um impacto econ\u00f4mico significativo. O aumento de interna\u00e7\u00f5es hospitalares e o tratamento de doen\u00e7as resultantes da polui\u00e7\u00e3o s\u00e3o custos que podem ser evitados por meio de a\u00e7\u00f5es eficazes de controle da qualidade do ar. Portanto, a\u00e7\u00f5es que visam \u00e0 redu\u00e7\u00e3o da polui\u00e7\u00e3o n\u00e3o s\u00e3o apenas ben\u00e9ficas para a sa\u00fade p\u00fablica, mas tamb\u00e9m para a economia.<\/p>\n<h2>A\u00e7\u00e3o Comunit\u00e1ria e Conscientiza\u00e7\u00e3o<\/h2>\n<p>A mobiliza\u00e7\u00e3o e a a\u00e7\u00e3o comunit\u00e1ria s\u00e3o essenciais para lutar contra a polui\u00e7\u00e3o do ar e suas consequ\u00eancias. Muitas iniciativas t\u00eam sido realizadas em comunidades como o Cap\u00e3o Redondo, onde organiza\u00e7\u00f5es locais e grupos de moradores buscam conscientizar e engajar a popula\u00e7\u00e3o na prote\u00e7\u00e3o ambiental.<\/p>\n<p>A realiza\u00e7\u00e3o de palestras e eventos educativos, por exemplo, \u00e9 uma forma eficaz de informar a comunidade sobre a import\u00e2ncia de manter a qualidade do ar e os riscos associados \u00e0 polui\u00e7\u00e3o. Al\u00e9m disso, a cria\u00e7\u00e3o de grupos de trabalho que discutem e implementam solu\u00e7\u00f5es locais tem se mostrado promissora na constru\u00e7\u00e3o de um ambiente mais saud\u00e1vel.<\/p>\n<p>As a\u00e7\u00f5es de conscientiza\u00e7\u00e3o s\u00e3o fundamentais n\u00e3o s\u00f3 para informar, mas tamb\u00e9m para empoderar a popula\u00e7\u00e3o a exigir melhorias nas pol\u00edticas p\u00fablicas. Quando a comunidade se une para reivindicar a\u00e7\u00f5es efetivas da administra\u00e7\u00e3o p\u00fablica, a chance de mudan\u00e7a aumenta significativamente.<\/p>\n<h2>O Papel da Sociedade na Preserva\u00e7\u00e3o do Ar<\/h2>\n<p>Preservar a qualidade do ar \u00e9 um desafio que envolve toda a sociedade. Cada indiv\u00edduo pode contribuir de forma significativa para a luta contra a polui\u00e7\u00e3o do ar aproveitando as a\u00e7\u00f5es di\u00e1rias e adotando comportamentos sustent\u00e1veis. Isso inclui pequenas mudan\u00e7as de h\u00e1bitos, como optar por caminhar ou andar de bicicleta em vez de utilizar o carro para deslocamentos curtos, e promover a reciclagem e o uso consciente de recursos.<\/p>\n<p>Iniciativas de voluntariado que visam promover o plantio de \u00e1rvores e a conserva\u00e7\u00e3o de \u00e1reas verdes tamb\u00e9m s\u00e3o uma forma eficaz de contribuir. Al\u00e9m disso, o envolvimento em campanhas de conscientiza\u00e7\u00e3o e a participa\u00e7\u00e3o em f\u00f3runs e debates sobre quest\u00f5es ambientais s\u00e3o maneiras pelas quais os cidad\u00e3os podem se tornar agentes de mudan\u00e7a em suas comunidades.<\/p>\n<h2>Tecnologia e Monitoramento Ambiental<\/h2>\n<p>A tecnologia desempenha um papel vital na monitoriza\u00e7\u00e3o da qualidade do ar, permitindo que dados precisos sejam coletados e analisados. Com o avan\u00e7o da tecnologia, agora \u00e9 poss\u00edvel utilizar dispositivos de qualidade do ar que podem ser instalados em diferentes \u00e1reas, tornando a coleta de dados mais acess\u00edvel e eficiente.<\/p>\n<p>Estes dispositivos modernos fornecem informa\u00e7\u00f5es em tempo real sobre a polui\u00e7\u00e3o do ar, permitindo que as comunidades e as autoridades tomem decis\u00f5es mais informadas. Isso representa uma oportunidade para novas solu\u00e7\u00f5es, uma vez que a informa\u00e7\u00e3o pode ser utilizada para promover mudan\u00e7as imediatas no comportamento da popula\u00e7\u00e3o, bem como estrat\u00e9gias de mitiga\u00e7\u00e3o de polui\u00e7\u00e3o ambiental.<\/p>\n<p>A educa\u00e7\u00e3o sobre o uso dessas tecnologias e a promo\u00e7\u00e3o de aplicativos que alertam os usu\u00e1rios sobre a qualidade do ar nas proximidades s\u00e3o ferramentas que j\u00e1 est\u00e3o se tornando comuns e devem ser amplamente divulgadas na comunidade.<\/p>\n<h2>Dicas para Proteger sua Sa\u00fade em Per\u00edodos de Polui\u00e7\u00e3o<\/h2>\n<p>Durante per\u00edodos em que a qualidade do ar est\u00e1 comprometida, \u00e9 essencial tomar medidas preventivas para proteger a sa\u00fade. Aqui est\u00e3o algumas dicas pr\u00e1ticas:<\/p>\n<ul>\n<li><strong>Evite atividades f\u00edsicas ao ar livre:<\/strong> Se a qualidade do ar est\u00e1 baixa, evite exerc\u00edcios f\u00edsicos em \u00e1reas expostas \u00e0 polui\u00e7\u00e3o, especialmente durante hor\u00e1rios de pico de tr\u00e1fego.<\/li>\n<li><strong>Mantenha os ambientes internos ventilados:<\/strong> Para garantir a qualidade do ar em casa, mantenha as janelas abertas durante os hor\u00e1rios em que a qualidade do ar \u00e9 melhor.<\/li>\n<li><strong>Use purificadores de ar:<\/strong> Se poss\u00edvel, utilize purificadores de ar em casa, especialmente em quartos, para reduzir a quantidade de poluentes internos.<\/li>\n<li><strong>Mantenha-se hidratado:<\/strong> Beber bastante \u00e1gua ajuda a manter as vias respirat\u00f3rias hidratadas e pode aliviar os sintomas de irrita\u00e7\u00e3o.<\/li>\n<li><strong>Monitore a qualidade do ar:<\/strong> Esteja atento \u00e0s notifica\u00e7\u00f5es de qualidade do ar fornecidas por aplica\u00e7\u00f5es apropriadas ou pelo sistema Cetesb, para se programar e evitar exposi\u00e7\u00f5es desnecess\u00e1rias.<\/li>\n<\/ul>\n<p>Com estas orienta\u00e7\u00f5es, a popula\u00e7\u00e3o do Cap\u00e3o Redondo e de outras regi\u00f5es afetadas pela polui\u00e7\u00e3o pode tomar medidas ativas para proteger sua sa\u00fade e promover um ambiente mais limpo e saud\u00e1vel.<\/p>\n\n<div style=\"font-size: 0px; height: 0px; line-height: 0px; margin: 0; padding: 0; clear: both;\"><\/div>","protected":false},"excerpt":{"rendered":"<p>Qualidade do ar em Cap\u00e3o Redondo apresenta piora; entenda as causas.<\/p>\n","protected":false},"author":1,"featured_media":2472,"comment_status":"open","ping_status":"closed","sticky":false,"template":"","format":"standard","meta":{"footnotes":""},"categories":[6],"tags":[],"class_list":["post-2473","post","type-post","status-publish","format-standard","has-post-thumbnail","hentry","category-noticias-no-capao-redondo","has_thumb"],"aioseo_notices":[],"_links":{"self":[{"href":"https:\/\/www.encontracapaoredondo.com.br\/sobre\/wp-json\/wp\/v2\/posts\/2473","targetHints":{"allow":["GET"]}}],"collection":[{"href":"https:\/\/www.encontracapaoredondo.com.br\/sobre\/wp-json\/wp\/v2\/posts"}],"about":[{"href":"https:\/\/www.encontracapaoredondo.com.br\/sobre\/wp-json\/wp\/v2\/types\/post"}],"author":[{"embeddable":true,"href":"https:\/\/www.encontracapaoredondo.com.br\/sobre\/wp-json\/wp\/v2\/users\/1"}],"replies":[{"embeddable":true,"href":"https:\/\/www.encontracapaoredondo.com.br\/sobre\/wp-json\/wp\/v2\/comments?post=2473"}],"version-history":[{"count":0,"href":"https:\/\/www.encontracapaoredondo.com.br\/sobre\/wp-json\/wp\/v2\/posts\/2473\/revisions"}],"wp:featuredmedia":[{"embeddable":true,"href":"https:\/\/www.encontracapaoredondo.com.br\/sobre\/wp-json\/wp\/v2\/media\/2472"}],"wp:attachment":[{"href":"https:\/\/www.encontracapaoredondo.com.br\/sobre\/wp-json\/wp\/v2\/media?parent=2473"}],"wp:term":[{"taxonomy":"category","embeddable":true,"href":"https:\/\/www.encontracapaoredondo.com.br\/sobre\/wp-json\/wp\/v2\/categories?post=2473"},{"taxonomy":"post_tag","embeddable":true,"href":"https:\/\/www.encontracapaoredondo.com.br\/sobre\/wp-json\/wp\/v2\/tags?post=2473"}],"curies":[{"name":"wp","href":"https:\/\/api.w.org\/{rel}","templated":true}]}}