{"id":2467,"date":"2025-11-11T09:26:00","date_gmt":"2025-11-11T12:26:00","guid":{"rendered":"https:\/\/www.encontracapaoredondo.com.br\/sobre\/capao-redondo-registra-qualidade-do-ar-moderada\/"},"modified":"2025-11-11T09:26:00","modified_gmt":"2025-11-11T12:26:00","slug":"capao-redondo-registra-qualidade-do-ar-moderada","status":"publish","type":"post","link":"https:\/\/www.encontracapaoredondo.com.br\/sobre\/capao-redondo-registra-qualidade-do-ar-moderada\/","title":{"rendered":"Cap\u00e3o Redondo registra qualidade do ar moderada"},"content":{"rendered":"<div class=\"8fb9da09c1a584b185d8cf81e63b5046\" data-index=\"1\" style=\"float: none; margin:0px;\">\n<!-- Anuncio display - global -->\r\n<ins class=\"adsbygoogle\"\r\n     style=\"display:block\"\r\n     data-ad-client=\"ca-pub-8585364105181520\"\r\n     data-ad-slot=\"8789329856\"\r\n     data-ad-format=\"auto\"\r\n     data-full-width-responsive=\"true\"><\/ins>\r\n<script>\r\n     (adsbygoogle = window.adsbygoogle || []).push({});\r\n<\/script>\n<\/div>\n<h2>Como a Qualidade do Ar Afeta Nossa Sa\u00fade<\/h2>\n<p>A qualidade do ar \u00e9 um fator crucial na manuten\u00e7\u00e3o da sa\u00fade p\u00fablica. O ar contaminado pode prejudicar nossa sa\u00fade de diversas maneiras, afetando n\u00e3o apenas o sistema respirat\u00f3rio, mas tamb\u00e9m o cardiovascular e outras fun\u00e7\u00f5es corporais. Os poluentes atmosf\u00e9ricos, como material particulado (PM2,5 e PM10), di\u00f3xido de nitrog\u00eanio (NO2) e oz\u00f4nio (O3), s\u00e3o algumas das subst\u00e2ncias mais perigosas que podem afetar nossa sa\u00fade a curto e longo prazo.<\/p>\n<p>Dentre as consequ\u00eancias imediatas, podemos citar irrita\u00e7\u00f5es nos olhos, nariz e garganta, tosse seca e dificuldade para respirar. Esses sintomas s\u00e3o particularmente comuns em pessoas com doen\u00e7as pr\u00e9-existentes, como asma e bronquite. Al\u00e9m disso, a exposi\u00e7\u00e3o prolongada a esses poluentes pode levar a problemas mais graves, incluindo doen\u00e7as card\u00edacas, AVC (acidente vascular cerebral) e at\u00e9 mesmo c\u00e2ncer.<br \/>Estudos mostram que comunidades expostas a altos n\u00edveis de polui\u00e7\u00e3o do ar t\u00eam taxas mais elevadas de hospitaliza\u00e7\u00f5es e morte precoce. O Instituto Nacional de C\u00e2ncer aponta que a exposi\u00e7\u00e3o ao ar polu\u00eddo \u00e9 um fator de risco consider\u00e1vel para o desenvolvimento de neoplasias, tornando a quest\u00e3o da qualidade do ar uma preocupa\u00e7\u00e3o de sa\u00fade p\u00fablica que deve ser priorizada.<\/p>\n<p><strong>Os efeitos psicol\u00f3gicos da polui\u00e7\u00e3o do ar tamb\u00e9m s\u00e3o motivo de aten\u00e7\u00e3o:<\/strong> pesquisas indicam que a m\u00e1 qualidade do ar pode estar ligada a problemas de sa\u00fade mental, como ansiedade e depress\u00e3o. A rela\u00e7\u00e3o entre o ambiente em que vivemos e nosso bem-estar emocional \u00e9 um campo em crescimento que merece foco.<\/p>\n<p><img decoding=\"async\" src=\"https:\/\/www.encontracapaoredondo.com.br\/sobre\/wp-content\/uploads\/capao-redondo-registra-qualidade-do-ar-moderada.webp\" alt=\"qualidade do ar\" loading=\"lazy\" \/><\/p>\n<h2>Identificando Sintomas de Polui\u00e7\u00e3o<\/h2>\n<p>Identificar os sintomas relacionados \u00e0 polui\u00e7\u00e3o do ar \u00e9 essencial para proteger a sa\u00fade individual e coletiva. Muitas vezes, os sintomas iniciais podem ser leves e facilmente ignorados, mas eles s\u00e3o sinais de que nosso corpo est\u00e1 reagindo \u00e0 qualidade do ar. Os <strong>principais sintomas incluem:<\/strong><\/p>\n<ul>\n<li><strong>Tosse seca:<\/strong> Um dos primeiros sinais de que a polui\u00e7\u00e3o est\u00e1 afetando as vias respirat\u00f3rias.<\/li>\n<li><strong>Irrita\u00e7\u00e3o nos olhos:<\/strong> Conjuntivite e vermelhid\u00e3o s\u00e3o comuns quando expostos a ar polu\u00eddo.<\/li>\n<li><strong>Dificuldade para respirar:<\/strong> Especialmente em atividades f\u00edsicas, pode ser um sinal de que o ar est\u00e1 carregado de poluentes.<\/li>\n<li><strong>Fadiga:<\/strong> A sensa\u00e7\u00e3o de cansa\u00e7o sem motivo aparente pode ser uma rea\u00e7\u00e3o \u00e0 polui\u00e7\u00e3o.<\/li>\n<li><strong>Dores de cabe\u00e7a:<\/strong> O aumento dos poluentes pode levar a dores de cabe\u00e7a frequentes e enxaquecas.<\/li>\n<\/ul>\n<p>Reconhecer esses sintomas \u00e9 o primeiro passo para tomar medidas que protejam a sa\u00fade. Se voc\u00ea ou algu\u00e9m que voc\u00ea conhece estiver sentindo esses sintomas, \u00e9 fundamental considerar a situa\u00e7\u00e3o da qualidade do ar na sua regi\u00e3o e, se necess\u00e1rio, procurar um profissional de sa\u00fade.<\/p>\n<h2>Cuidados para Grupos Vulner\u00e1veis<\/h2>\n<p>Alguns grupos da popula\u00e7\u00e3o s\u00e3o mais vulner\u00e1veis aos efeitos da polui\u00e7\u00e3o do ar. <strong>Crian\u00e7as, idosos e pessoas com doen\u00e7as pr\u00e9-existentes<\/strong> devem redobrar os cuidados quando a qualidade do ar n\u00e3o est\u00e1 ideal. Para essas pessoas, especialmente, as diretrizes incluem:<\/p>\n<ul>\n<li><strong>Evitar atividades f\u00edsicas intensas ao ar livre:<\/strong> Especialmente durante os dias de alta polui\u00e7\u00e3o, como s\u00e3o os casos em que a qualidade do ar \u00e9 classificada como moderada ou pior.<\/li>\n<li><strong>Manter uma boa hidrata\u00e7\u00e3o:<\/strong> A \u00e1gua ajuda a manter as vias respirat\u00f3rias umidificadas, o que pode diminuir os efeitos dos poluentes.<\/li>\n<li><strong>Realizar exames regularmente:<\/strong> Essas popula\u00e7\u00f5es devem se consultar com m\u00e9dicos periodicamente, principalmente se apresentarem doen\u00e7as respirat\u00f3rias ou card\u00edacas.<\/li>\n<li><strong>Criar um ambiente interno saud\u00e1vel:<\/strong> Utilizar purificadores de ar e manter a casa sempre ventilada quando poss\u00edvel \u00e9 fundamental.<\/li>\n<li><strong>Aten\u00e7\u00e3o ao clima:<\/strong> Dias em que o calor e a umidade est\u00e3o elevados podem aumentar a concentra\u00e7\u00e3o de poluentes no ar.<\/li>\n<\/ul>\n<h2>Import\u00e2ncia da Ventila\u00e7\u00e3o Interna<\/h2>\n<p>A ventila\u00e7\u00e3o interna adequada tem um papel crucial na qualidade do ar que respiramos dentro de casa. Durante dias em que a polui\u00e7\u00e3o \u00e9 elevada, pode parecer contraindicado abrir janelas e portas; no entanto, a ventila\u00e7\u00e3o correta \u00e9 necess\u00e1ria para evitar o ac\u00famulo de poluentes internos, como fuma\u00e7a de cigarro, produtos qu\u00edmicos e outros compostos org\u00e2nicos vol\u00e1teis.<\/p>\n<p>Para garantir a qualidade do ar interno, algumas pr\u00e1ticas podem ser adotadas:<\/p>\n<ul>\n<li><strong>Utiliza\u00e7\u00e3o de ventiladores:<\/strong> Eles ajudam na circula\u00e7\u00e3o do ar, especialmente em espa\u00e7os fechados.<\/li>\n<li><strong>Uso de purificadores de ar:<\/strong> Esses aparelhos s\u00e3o eficazes para filtrar poluentes e alerg\u00eanicos do ar.<\/li>\n<li><strong>Plantas internas:<\/strong> Algumas plantas s\u00e3o conhecidas por melhorar a qualidade do ar, como a espada-de-s\u00e3o-jorge e a babosa (aloe vera).<\/li>\n<li><strong>Limpeza regular:<\/strong> Aspirar e limpar superf\u00edcies com frequ\u00eancia reduz a presen\u00e7a de poeira e al\u00e9rgenos.<\/li>\n<li><strong>Evitar produtos qu\u00edmicos agressivos:<\/strong> Sempre que poss\u00edvel, optar por produtos de limpeza naturais ou menos agressivos.<\/li>\n<\/ul>\n<h2>Quando Evitar Atividades ao Ar Livre<\/h2>\n<p>Ao se deparar com alertas sobre a qualidade do ar, \u00e9 importante saber quando \u00e9 prudente evitar atividades ao ar livre. Estas s\u00e3o algumas orienta\u00e7\u00f5es gerais:<\/p>\n<ul>\n<li><strong>Monitorar a qualidade do ar:<\/strong> Utilize aplicativos e sites que informam os n\u00edveis de polui\u00e7\u00e3o na sua regi\u00e3o. Iniciativas locais, como as da CETESB, s\u00e3o \u00f3timas fontes de informa\u00e7\u00e3o.<\/li>\n<li><strong>Aten\u00e7\u00e3o aos dias quentes e secos:<\/strong> A polui\u00e7\u00e3o costuma ser mais intensa nestas condi\u00e7\u00f5es, tornando recomend\u00e1vel reduzir a exposi\u00e7\u00e3o.<\/li>\n<li><strong>Evite atividade f\u00edsica intensa:<\/strong> Atividades como corrida e ciclismo devem ser evitadas em situa\u00e7\u00f5es de ar polu\u00eddo, especialmente para grupos mais vulner\u00e1veis.<\/li>\n<li><strong>Fique em ambientes fechados:<\/strong> Quando a qualidade do ar n\u00e3o \u00e9 boa, priorize os espa\u00e7os internos bem ventilados e evitando exposi\u00e7\u00f5es desnecess\u00e1rias.<\/li>\n<\/ul>\n<h2>O que Significa a Cor Amarela no Sem\u00e1foro Ambiental<\/h2>\n<p>O sem\u00e1foro ambiental \u00e9 uma ferramenta importante para a comunica\u00e7\u00e3o p\u00fablica sobre a qualidade do ar. Cada cor representa diferentes n\u00edveis de polui\u00e7\u00e3o e suas poss\u00edveis implica\u00e7\u00f5es para a sa\u00fade.<\/p>\n<p>A cor amarela, que representa a qualidade do ar &#8220;moderada&#8221;, indica que, embora a qualidade do ar ainda seja aceit\u00e1vel para a popula\u00e7\u00e3o em geral, materiais poluentes como a fuma\u00e7a e as part\u00edculas finas est\u00e3o presentes em n\u00edveis que podem causar desconforto a alguns grupos sens\u00edveis. Neste caso, \u00e9 importante que <strong>crian\u00e7as, idosos e pessoas com doen\u00e7as respirat\u00f3rias<\/strong> estejam cientes e tomem precau\u00e7\u00f5es para evitar problemas de sa\u00fade.<\/p>\n<p>Al\u00e9m da cor amarela, o sem\u00e1foro ambiental geralmente tem outras cores que indicam n\u00edveis mais cr\u00edticos de polui\u00e7\u00e3o:<\/p>\n<ul>\n<li><strong>Verde:<\/strong> Boa qualidade do ar, sem risco para a sa\u00fade.<\/li>\n<li><strong>Amarelo:<\/strong> Qualidade do ar moderada, com poss\u00edveis efeitos para grupos vulner\u00e1veis.<\/li>\n<li><strong>Laranja:<\/strong> Qualidade do ar ruim, recomenda-se evitar atividades ao ar livre para todos.<\/li>\n<li><strong>Vermelho:<\/strong> Qualidade do ar muito ruim, recomenda-se que todos permane\u00e7am dentro de casa.<\/li>\n<li><strong>Roxo:<\/strong> Qualidade do ar p\u00e9ssima, risco \u00e0 sa\u00fade \u00e9 alto.<\/li>\n<\/ul>\n<h2>Entendendo os Poluentes do Ar<\/h2>\n<p>Compreender os diferentes poluentes do ar \u00e9 vital para conhecer suas implica\u00e7\u00f5es e formas de mitiga\u00e7\u00e3o. Entre os poluentes mais comuns est\u00e3o:<\/p>\n<ul>\n<li><strong>Material particulado (PM10 e PM2,5):<\/strong> Part\u00edculas microsc\u00f3picas que podem penetrar profundamente nos pulm\u00f5es e at\u00e9 na corrente sangu\u00ednea. Elas s\u00e3o provenientes principalmente da queima de combust\u00edveis e tr\u00e1fego intenso.<\/li>\n<li><strong>Di\u00f3xido de nitrog\u00eanio (NO2):<\/strong> \u00c9 gerado pela combust\u00e3o em ve\u00edculos e ind\u00fastrias, e pode irritar as vias respirat\u00f3rias e aumentar a suscetibilidade a infec\u00e7\u00f5es respirat\u00f3rias.<\/li>\n<li><strong>Oz\u00f4nio (O3):<\/strong> Um poluente secund\u00e1rio que se forma quando a luz do sol reage com poluentes do ar. Em grandes concentra\u00e7\u00f5es, pode causar problemas respirat\u00f3rios.<\/li>\n<li><strong>Compostos Org\u00e2nicos Vol\u00e1teis (COVs):<\/strong> S\u00e3o gases emitidos por produtos qu\u00edmicos, como tintas e solventes, que podem causar uma s\u00e9rie de efeitos adversos \u00e0 sa\u00fade.<\/li>\n<\/ul>\n<p>Entender a origem desses poluentes, bem como os riscos associados, pode ajudar n\u00e3o s\u00f3 indiv\u00edduos, mas comunidades inteiras a se mobilizarem em prol de uma melhor qualidade do ar.<\/p>\n<h2>Como Hidrata\u00e7\u00e3o Ajuda na Polui\u00e7\u00e3o<\/h2>\n<p>A hidrata\u00e7\u00e3o desempenha um papel cr\u00edtico em mitigar os efeitos da polui\u00e7\u00e3o do ar no organismo. Quando estamos bem hidratados, nosso corpo consegue lidar melhor com as toxinas e poluentes que respiramos. Isso ocorre por diversas raz\u00f5es:<\/p>\n<ul>\n<li><strong>Manuten\u00e7\u00e3o das vias a\u00e9reas:<\/strong> Manter as mucosas das vias respirat\u00f3rias hidratadas ajuda a capturar e eliminar part\u00edculas e poluentes.<\/li>\n<li><strong>Funcionalidade do sistema imunol\u00f3gico:<\/strong> Uma boa hidrata\u00e7\u00e3o fortalece o sistema imunol\u00f3gico, tornando o corpo mais resistente a infec\u00e7\u00f5es e doen\u00e7as.<\/li>\n<li><strong>Reduzindo a inflama\u00e7\u00e3o:<\/strong> A \u00e1gua atua como um anti-inflamat\u00f3rio natural, ajudando a minimizar os efeitos colaterais da exposi\u00e7\u00e3o \u00e0 polui\u00e7\u00e3o.<\/li>\n<li><strong>Aumenta a sa\u00fade da pele:<\/strong> Uma pele saud\u00e1vel depende da hidrata\u00e7\u00e3o, o que pode ajudar a reduzir a irrita\u00e7\u00e3o causada pelo ar polu\u00eddo.<\/li>\n<\/ul>\n<p>Portanto, \u00e9 imperativo que todos, especialmente aqueles em grupos vulner\u00e1veis, adotem o h\u00e1bito de ingerir bastante \u00e1gua, especialmente em dias em que a qualidade do ar estiver comprometida.<\/p>\n<h2>Impactos de Longo Prazo da Polui\u00e7\u00e3o<\/h2>\n<p>A polui\u00e7\u00e3o do ar causa uma s\u00e9rie de consequ\u00eancias que se estendem muito al\u00e9m dos sintomas imediatos. O impacto de longo prazo pode afetar de maneira dr\u00e1stica a sa\u00fade p\u00fablica e a qualidade de vida das popula\u00e7\u00f5es. Entre os efeitos cr\u00f4nicos mais significativos est\u00e3o:<\/p>\n<ul>\n<li><strong>Doen\u00e7as respirat\u00f3rias:<\/strong> A exposi\u00e7\u00e3o prolongada a poluentes pode levar a doen\u00e7as cr\u00f4nicas como asma, bronquite e at\u00e9 DPOC (Doen\u00e7a Pulmonar Obstrutiva Cr\u00f4nica).<\/li>\n<li><strong>Doen\u00e7as cardiovasculares:<\/strong> Estudos mostram que a polui\u00e7\u00e3o do ar est\u00e1 associada a um aumento de infartos e outros problemas card\u00edacos.<\/li>\n<li><strong>Comprometimento do desenvolvimento infantil:<\/strong> Crian\u00e7as expostas a altos n\u00edveis de polui\u00e7\u00e3o podem ter um desenvolvimento cognitivo prejudicado e crescimento pulmonar insuficiente.<\/li>\n<li><strong>Envelhecimento precoce:<\/strong> Os efeitos da polui\u00e7\u00e3o na sa\u00fade celular podem significar um envelhecimento mais r\u00e1pido, aumentando o risco de doen\u00e7as relacionadas \u00e0 idade.<\/li>\n<li><strong>Redu\u00e7\u00e3o na expectativa de vida:<\/strong> A polui\u00e7\u00e3o do ar est\u00e1 associada a uma diminui\u00e7\u00e3o na expectativa de vida global, com alguns estudos apontando que a vida das pessoas pode ser encurtada em anos devido \u00e0 exposi\u00e7\u00e3o cr\u00f4nica.<\/li>\n<\/ul>\n<p><strong>Para que possamos desfrutar de uma qualidade de vida saud\u00e1vel, \u00e9 crucial erradicar e minimizar as fontes de polui\u00e7\u00e3o, trabalhando na conscientiza\u00e7\u00e3o p\u00fablica, pol\u00edticas p\u00fablicas eficientes e inova\u00e7\u00f5es tecnol\u00f3gicas.<\/strong><\/p>\n<h2>Dicas para Melhorar a Qualidade do Ar em Casa<\/h2>\n<p>Melhorar a qualidade do ar em ambientes internos \u00e9 um passo essencial para garantir sa\u00fade e bem-estar. Existem v\u00e1rias pr\u00e1ticas que podem ser implementadas para conseguir isso:<\/p>\n<ul>\n<li><strong>Ventila\u00e7\u00e3o adequada:<\/strong> Garanta que sua casa esteja bem ventilada, permitindo a circula\u00e7\u00e3o de ar fresco.<\/li>\n<li><strong>Plantas purificadoras:<\/strong> Introduza vegeta\u00e7\u00e3o em casa, pois muitas plantas ajudam a filtrar os poluentes do ar.<\/li>\n<li><strong>Evitar fumar em ambientes fechados:<\/strong> A fuma\u00e7a do cigarro \u00e9 uma das principais fontes de polui\u00e7\u00e3o interna.<\/li>\n<li><strong>Limpeza regular:<\/strong> Aspire a casa frequentemente e use produtos menos agressivos para evitar a emiss\u00e3o de poluentes.<\/li>\n<li><strong>Utilizar produtos de limpeza n\u00e3o t\u00f3xicos:<\/strong> Sempre que poss\u00edvel, opte por produtos ecol\u00f3gicos que n\u00e3o emitem subst\u00e2ncias nocivas.<\/li>\n<li><strong>Manter a umidade adequada:<\/strong> Umidificadores podem ajudar a melhorar a qualidade do ar, especialmente em climas secos.<\/li>\n<\/ul>\n<p>Por fim, se todos fizerem sua parte e se comprometerem a melhorar a qualidade do ar, o impacto positivo ser\u00e1 sentido n\u00e3o apenas em nossa sa\u00fade, mas tamb\u00e9m nas comunidades onde vivemos.<\/p>\n\n<div style=\"font-size: 0px; height: 0px; line-height: 0px; margin: 0; padding: 0; clear: both;\"><\/div>","protected":false},"excerpt":{"rendered":"<p>Cap\u00e3o Redondo apresenta qualidade do ar moderada. Entenda seus impactos e cuidados.<\/p>\n","protected":false},"author":1,"featured_media":2466,"comment_status":"open","ping_status":"closed","sticky":false,"template":"","format":"standard","meta":{"footnotes":""},"categories":[6],"tags":[],"class_list":["post-2467","post","type-post","status-publish","format-standard","has-post-thumbnail","hentry","category-noticias-no-capao-redondo","has_thumb"],"aioseo_notices":[],"_links":{"self":[{"href":"https:\/\/www.encontracapaoredondo.com.br\/sobre\/wp-json\/wp\/v2\/posts\/2467","targetHints":{"allow":["GET"]}}],"collection":[{"href":"https:\/\/www.encontracapaoredondo.com.br\/sobre\/wp-json\/wp\/v2\/posts"}],"about":[{"href":"https:\/\/www.encontracapaoredondo.com.br\/sobre\/wp-json\/wp\/v2\/types\/post"}],"author":[{"embeddable":true,"href":"https:\/\/www.encontracapaoredondo.com.br\/sobre\/wp-json\/wp\/v2\/users\/1"}],"replies":[{"embeddable":true,"href":"https:\/\/www.encontracapaoredondo.com.br\/sobre\/wp-json\/wp\/v2\/comments?post=2467"}],"version-history":[{"count":0,"href":"https:\/\/www.encontracapaoredondo.com.br\/sobre\/wp-json\/wp\/v2\/posts\/2467\/revisions"}],"wp:featuredmedia":[{"embeddable":true,"href":"https:\/\/www.encontracapaoredondo.com.br\/sobre\/wp-json\/wp\/v2\/media\/2466"}],"wp:attachment":[{"href":"https:\/\/www.encontracapaoredondo.com.br\/sobre\/wp-json\/wp\/v2\/media?parent=2467"}],"wp:term":[{"taxonomy":"category","embeddable":true,"href":"https:\/\/www.encontracapaoredondo.com.br\/sobre\/wp-json\/wp\/v2\/categories?post=2467"},{"taxonomy":"post_tag","embeddable":true,"href":"https:\/\/www.encontracapaoredondo.com.br\/sobre\/wp-json\/wp\/v2\/tags?post=2467"}],"curies":[{"name":"wp","href":"https:\/\/api.w.org\/{rel}","templated":true}]}}