{"id":2465,"date":"2025-11-11T12:29:00","date_gmt":"2025-11-11T15:29:00","guid":{"rendered":"https:\/\/www.encontracapaoredondo.com.br\/sobre\/qualidade-do-ar-piora-no-capao-redondo\/"},"modified":"2025-11-11T12:29:00","modified_gmt":"2025-11-11T15:29:00","slug":"qualidade-do-ar-piora-no-capao-redondo","status":"publish","type":"post","link":"https:\/\/www.encontracapaoredondo.com.br\/sobre\/qualidade-do-ar-piora-no-capao-redondo\/","title":{"rendered":"Qualidade do ar piora no Cap\u00e3o Redondo"},"content":{"rendered":"<div class=\"8fb9da09c1a584b185d8cf81e63b5046\" data-index=\"1\" style=\"float: none; margin:0px;\">\n<!-- Anuncio display - global -->\r\n<ins class=\"adsbygoogle\"\r\n     style=\"display:block\"\r\n     data-ad-client=\"ca-pub-8585364105181520\"\r\n     data-ad-slot=\"8789329856\"\r\n     data-ad-format=\"auto\"\r\n     data-full-width-responsive=\"true\"><\/ins>\r\n<script>\r\n     (adsbygoogle = window.adsbygoogle || []).push({});\r\n<\/script>\n<\/div>\n<h2>Qualidade do Ar: Entendendo o Conceito<\/h2>\n<p>A qualidade do ar \u00e9 um aspecto crucial do meio ambiente que afeta diretamente a sa\u00fade e o bem-estar da popula\u00e7\u00e3o. O ar que respiramos pode conter uma variedade de poluentes, incluindo materiais particulados, oz\u00f4nio, di\u00f3xido de enxofre, \u00f3xidos de nitrog\u00eanio e compostos org\u00e2nicos vol\u00e1teis, que podem provenir de v\u00e1rias fontes como ve\u00edculos, ind\u00fastrias e atividades dom\u00e9sticas. A avalia\u00e7\u00e3o da qualidade do ar \u00e9 realizada por \u00f3rg\u00e3os ambientais, como a CETESB (Companhia de Tecnologia e Saneamento Ambiental), que monitora e classifica a qualidade do ar em diferentes regi\u00f5es.<\/p>\n<p>Um \u00edndice de qualidade do ar (IQA) classifica a qualidade do ar em v\u00e1rios n\u00edveis, variando de bom a p\u00e9ssimo. Uma classifica\u00e7\u00e3o de &#8220;ruim&#8221;, como a que foi recentemente reportada na regi\u00e3o do Cap\u00e3o Redondo, indica que as concentra\u00e7\u00f5es de poluentes est\u00e3o em n\u00edveis que podem causar danos \u00e0 sa\u00fade, especialmente para grupos vulner\u00e1veis. Compreender esses conceitos \u00e9 fundamental para que a popula\u00e7\u00e3o saiba como se proteger e qual atitude tomar em dias de maior polui\u00e7\u00e3o.<\/p>\n<h2>Impactos da Polui\u00e7\u00e3o na Sa\u00fade<\/h2>\n<p>A polui\u00e7\u00e3o do ar tem um impacto significativo na sa\u00fade p\u00fablica. Diversos estudos mostram que a exposi\u00e7\u00e3o a altos n\u00edveis de poluentes atmosf\u00e9ricos est\u00e1 ligada a uma s\u00e9rie de problemas de sa\u00fade, que v\u00e3o desde irrita\u00e7\u00f5es leves at\u00e9 condi\u00e7\u00f5es cr\u00f4nicas graves. Os efeitos mais comuns incluem problemas respirat\u00f3rios, como asma e bronquite, e doen\u00e7as cardiovasculares, que podem agravar quadros existentes e levar a interna\u00e7\u00f5es.<\/p>\n<p><img decoding=\"async\" src=\"https:\/\/www.encontracapaoredondo.com.br\/sobre\/wp-content\/uploads\/qualidade-do-ar-piora-no-capao-redondo.webp\" alt=\"Qualidade do ar Cap\u00e3o Redondo\" loading=\"lazy\" \/><\/p>\n<p>Crian\u00e7as, idosos e pessoas com doen\u00e7as preexistentes s\u00e3o as mais afetadas pela polui\u00e7\u00e3o do ar. A exposi\u00e7\u00e3o a poluentes pode causar desenvolvimento pulmonar comprometido em crian\u00e7as e exacerba\u00e7\u00f5es em doen\u00e7as j\u00e1 existentes em adultos. Al\u00e9m disso, a polui\u00e7\u00e3o do ar tem sido associada a um aumento nos casos de diabetes e at\u00e9 mesmo certos tipos de c\u00e2ncer, revelando a complexidade das intera\u00e7\u00f5es entre a qualidade do ar e a sa\u00fade.<\/p>\n<h2>Grupos Vulner\u00e1veis e Suas Necessidades<\/h2>\n<p>Na avalia\u00e7\u00e3o dos efeitos da polui\u00e7\u00e3o do ar, \u00e9 essencial considerar os grupos mais vulner\u00e1veis. Crian\u00e7as, idosos e pessoas com doen\u00e7as cr\u00f4nicas, como doen\u00e7as card\u00edacas ou respirat\u00f3rias, enfrentam riscos maiores devido \u00e0 polui\u00e7\u00e3o. Para essas popula\u00e7\u00f5es, at\u00e9 mesmo curtas exposi\u00e7\u00f5es a altos n\u00edveis de poluentes podem resultar em s\u00e9rios problemas de sa\u00fade.<\/p>\n<p>Por exemplo, as crian\u00e7as t\u00eam um sistema respirat\u00f3rio em desenvolvimento, o que as torna mais suscet\u00edveis a condi\u00e7\u00f5es ambientais adversas. O mesmo ocorre com os idosos, cujo sistema imunol\u00f3gico pode j\u00e1 estar comprometido. Al\u00e9m disso, pessoas com condi\u00e7\u00f5es pr\u00e9-existentes, como asma ou insufici\u00eancia card\u00edaca, devem ser especialmente cuidadosas. Reconhecer essas vulnerabilidades permite que os servi\u00e7os de sa\u00fade e as autoridades p\u00fablicas implementem medidas apropriadas para proteger esses grupos.<\/p>\n<h2>Sintomas Comuns de Exposi\u00e7\u00e3o ao Ar Polu\u00eddo<\/h2>\n<p>Expor-se ao ar polu\u00eddo pode levar a uma s\u00e9rie de sintomas, que variam em intensidade e gravidade. Algumas das queixas mais comuns incluem:<\/p>\n<ul>\n<li><strong>Ard\u00eancia nos olhos:<\/strong> Um sinal claro de que o ar cont\u00e9m poluentes irritantes.<\/li>\n<li><strong>Dificuldade para respirar:<\/strong> Especialmente em pessoas com doen\u00e7as respirat\u00f3rias j\u00e1 existentes.<\/li>\n<li><strong>Tosse seca:<\/strong> Escapando ao esfor\u00e7o de respirar em um ambiente polu\u00eddo.<\/li>\n<li><strong>Fadiga:<\/strong> A polui\u00e7\u00e3o do ar pode deixar a popula\u00e7\u00e3o mais cansada, devido \u00e0 dificuldade em absorver oxig\u00eanio adequadamente.<\/li>\n<\/ul>\n<p>Esses sintomas indicam que a qualidade do ar \u00e9 insuficiente e que medidas devem ser tomadas para evitar uma maior exposi\u00e7\u00e3o. Quando os sintomas persistem, \u00e9 fundamental buscar orienta\u00e7\u00e3o m\u00e9dica.<\/p>\n<h2>Dicas para Proteger Sua Sa\u00fade<\/h2>\n<p>Para que todos possam se proteger em dias de baixa qualidade do ar, algumas dicas pr\u00e1ticas devem ser seguidas. Essas orienta\u00e7\u00f5es s\u00e3o importantes n\u00e3o s\u00f3 para grupos vulner\u00e1veis, mas para toda a popula\u00e7\u00e3o:<\/p>\n<ul>\n<li><strong>Evitar atividades f\u00edsicas ao ar livre:<\/strong> Especialmente durante os hor\u00e1rios de pico de polui\u00e7\u00e3o, que geralmente ocorrem pela manh\u00e3 e no final da tarde.<\/li>\n<li><strong>Ficar em ambientes fechados:<\/strong> Mantenha as janelas fechadas e utilize purificadores de ar, quando poss\u00edvel.<\/li>\n<li><strong>Hidrata\u00e7\u00e3o:<\/strong> Beber bastante \u00e1gua ajuda a manter as vias respirat\u00f3rias limpas e pode ajudar a mitigar alguns efeitos da polui\u00e7\u00e3o.<\/li>\n<li><strong>Uso de m\u00e1scara:<\/strong> Em \u00e1reas de alta polui\u00e7\u00e3o, m\u00e1scaras adequadas podem ajudar a filtrar part\u00edculas nocivas.<\/li>\n<\/ul>\n<p>Essas pequenas a\u00e7\u00f5es podem fazer uma grande diferen\u00e7a na prote\u00e7\u00e3o da sa\u00fade individual e coletiva, especialmente durante per\u00edodos cr\u00edticos de polui\u00e7\u00e3o.<\/p>\n<h2>Atividades a Evitar em Dias de Alta Polui\u00e7\u00e3o<\/h2>\n<p>\u00c9 importante que, em dias em que a qualidade do ar \u00e9 classificada como &#8220;ruim&#8221;, a popula\u00e7\u00e3o tome algumas precau\u00e7\u00f5es em suas atividades di\u00e1rias. Algumas das atividades a serem evitadas incluem:<\/p>\n<ul>\n<li><strong>Praticar esportes ao ar livre:<\/strong> Isso aumenta a exposi\u00e7\u00e3o a poluentes, especialmente em regi\u00f5es urbanas com tr\u00e1fego intenso.<\/li>\n<li><strong>Realizar atividades f\u00edsicas intensas:<\/strong> Correr ou fazer exerc\u00edcios extenuantes pode levar a uma absor\u00e7\u00e3o maior de poluentes.<\/li>\n<li><strong>Ficar exposto em ruas movimentadas:<\/strong> Evite passar longos per\u00edodos em avenidas e \u00e1reas com grande circula\u00e7\u00e3o de ve\u00edculos.<\/li>\n<\/ul>\n<p>Essas a\u00e7\u00f5es visam a redu\u00e7\u00e3o da exposi\u00e7\u00e3o \u00e0s condi\u00e7\u00f5es atmosf\u00e9ricas prejudiciais, contribuindo para a sa\u00fade individual, especialmente em dias cr\u00edticos.<\/p>\n<h2>Import\u00e2ncia da Hidrata\u00e7\u00e3o em Climas Secos<\/h2>\n<p>A hidrata\u00e7\u00e3o \u00e9 um aspecto vital da sa\u00fade, e sua import\u00e2ncia se intensifica em per\u00edodos de clima seco e alta polui\u00e7\u00e3o. O ambiente seco pode ressecar as mucosas nas vias respirat\u00f3rias, tornando-as mais suscet\u00edveis a irrita\u00e7\u00f5es e infec\u00e7\u00f5es.<\/p>\n<p>Nos dias de baixa umidade, o consumo de l\u00edquidos, especialmente \u00e1gua e sucos naturais, torna-se ainda mais crucial. A hidrata\u00e7\u00e3o n\u00e3o apenas ajuda a manter a sa\u00fade dessas mucosas, mas tamb\u00e9m melhora a capacidade do organismo de expelir toxinas e poluentes. Al\u00e9m disso, manter-se bem hidratado pode contribuir para um melhor funcionamento do sistema imunol\u00f3gico.<\/p>\n<h2>Ambientes Ideais para a Qualidade do Ar<\/h2>\n<p>A cria\u00e7\u00e3o de ambientes favor\u00e1veis \u00e0 qualidade do ar \u00e9 essencial n\u00e3o s\u00f3 em casa, mas tamb\u00e9m em \u00e1reas comuns e estabelecimentos. \u00c9 importante priorizar:<\/p>\n<ul>\n<li><strong>Ambientes fechados e bem ventilados:<\/strong> Isso ajuda a evitar a concentra\u00e7\u00e3o de poluentes no ar interno.<\/li>\n<li><strong>Utiliza\u00e7\u00e3o de plantas:<\/strong> Algumas plantas podem auxiliar na purifica\u00e7\u00e3o do ar, como a Clorofito e a Espada-de-S\u00e3o-Jorge.<\/li>\n<li><strong>Evitar produtos qu\u00edmicos:<\/strong> O uso de produtos de limpeza e outros qu\u00edmicos pode liberar compostos nocivos ao ar.<\/li>\n<\/ul>\n<p>Essas pr\u00e1ticas contribuem para melhorar a qualidade do ar em ambientes verific\u00e1veis e podem ter um impacto positivo na sa\u00fade dos residentes e frequentadores.<\/p>\n<h2>Uso de Umidificadores: Pr\u00f3s e Contras<\/h2>\n<p>Os umidificadores podem ser uma solu\u00e7\u00e3o \u00fatil em regi\u00f5es com ar seco ou durante per\u00edodos de baixa umidade, mas seu uso deve ser ponderado. Dentre os benef\u00edcios, destacam-se:<\/p>\n<ul>\n<li><strong>Redu\u00e7\u00e3o da secura no ar:<\/strong> Isso ajuda a manter as vias respirat\u00f3rias hidratadas.<\/li>\n<li><strong>Al\u00edvio para al\u00e9rgicos:<\/strong> Um ambiente mais \u00famido pode ajudar a aliviar sintomas de alergia.<\/li>\n<\/ul>\n<p>No entanto, o uso inadequado de umidificadores tamb\u00e9m pode resultar em problemas:<\/p>\n<ul>\n<li><strong>Excesso de umidade:<\/strong> Pode criar condi\u00e7\u00f5es favor\u00e1veis ao mofo e \u00e1caros, que s\u00e3o prejudiciais \u00e0 sa\u00fade.<\/li>\n<li><strong>Necessidade de manuten\u00e7\u00e3o:<\/strong> Se n\u00e3o forem limpos regularmente, podem se tornar fontes de polui\u00e7\u00e3o interna.<\/li>\n<\/ul>\n<p>Portanto, \u00e9 importante usar umidificadores de forma consciente, respeitando as orienta\u00e7\u00f5es de uso e realizando a manuten\u00e7\u00e3o adequada para garantir ambientes saud\u00e1veis.<\/p>\n<h2>Como Acompanhar a Qualidade do Ar na Sua Regi\u00e3o<\/h2>\n<p>Para garantir a prote\u00e7\u00e3o da sa\u00fade, \u00e9 fundamental que a popula\u00e7\u00e3o tenha acesso a informa\u00e7\u00f5es sobre a qualidade do ar local. Algumas maneiras de acompanhar a qualidade do ar s\u00e3o:<\/p>\n<ul>\n<li><strong>Aplicativos de monitoramento:<\/strong> Existem diversos aplicativos que fornecem dados em tempo real sobre a qualidade do ar, baseados em informa\u00e7\u00f5es de \u00f3rg\u00e3os locais.<\/li>\n<li><strong>Sites governamentais:<\/strong> A CETESB e outros \u00f3rg\u00e3os de meio ambiente frequentemente atualizam informa\u00e7\u00f5es sobre a qualidade do ar em suas regi\u00f5es.<\/li>\n<li><strong>Notifica\u00e7\u00f5es peri\u00f3dicas:<\/strong> Inscri\u00e7\u00f5es para receber alertas via SMS ou e-mails sobre a qualidade do ar podem ajudar a manter a popula\u00e7\u00e3o informada.<\/li>\n<\/ul>\n<p>Essas ferramentas e informa\u00e7\u00f5es s\u00e3o fundamentais para ajudar a popula\u00e7\u00e3o a tomar decis\u00f5es informadas sobre a exposi\u00e7\u00e3o ao ar polu\u00eddo e a melhor forma de proteger sua sa\u00fade.<\/p>\n\n<div style=\"font-size: 0px; height: 0px; line-height: 0px; margin: 0; padding: 0; clear: both;\"><\/div>","protected":false},"excerpt":{"rendered":"<p>Qualidade do ar no Cap\u00e3o Redondo atinge n\u00edvel preocupante; entenda as consequ\u00eancias.<\/p>\n","protected":false},"author":1,"featured_media":2464,"comment_status":"open","ping_status":"closed","sticky":false,"template":"","format":"standard","meta":{"footnotes":""},"categories":[6],"tags":[],"class_list":["post-2465","post","type-post","status-publish","format-standard","has-post-thumbnail","hentry","category-noticias-no-capao-redondo","has_thumb"],"aioseo_notices":[],"_links":{"self":[{"href":"https:\/\/www.encontracapaoredondo.com.br\/sobre\/wp-json\/wp\/v2\/posts\/2465","targetHints":{"allow":["GET"]}}],"collection":[{"href":"https:\/\/www.encontracapaoredondo.com.br\/sobre\/wp-json\/wp\/v2\/posts"}],"about":[{"href":"https:\/\/www.encontracapaoredondo.com.br\/sobre\/wp-json\/wp\/v2\/types\/post"}],"author":[{"embeddable":true,"href":"https:\/\/www.encontracapaoredondo.com.br\/sobre\/wp-json\/wp\/v2\/users\/1"}],"replies":[{"embeddable":true,"href":"https:\/\/www.encontracapaoredondo.com.br\/sobre\/wp-json\/wp\/v2\/comments?post=2465"}],"version-history":[{"count":0,"href":"https:\/\/www.encontracapaoredondo.com.br\/sobre\/wp-json\/wp\/v2\/posts\/2465\/revisions"}],"wp:featuredmedia":[{"embeddable":true,"href":"https:\/\/www.encontracapaoredondo.com.br\/sobre\/wp-json\/wp\/v2\/media\/2464"}],"wp:attachment":[{"href":"https:\/\/www.encontracapaoredondo.com.br\/sobre\/wp-json\/wp\/v2\/media?parent=2465"}],"wp:term":[{"taxonomy":"category","embeddable":true,"href":"https:\/\/www.encontracapaoredondo.com.br\/sobre\/wp-json\/wp\/v2\/categories?post=2465"},{"taxonomy":"post_tag","embeddable":true,"href":"https:\/\/www.encontracapaoredondo.com.br\/sobre\/wp-json\/wp\/v2\/tags?post=2465"}],"curies":[{"name":"wp","href":"https:\/\/api.w.org\/{rel}","templated":true}]}}