{"id":2451,"date":"2025-11-08T10:47:00","date_gmt":"2025-11-08T13:47:00","guid":{"rendered":"https:\/\/www.encontracapaoredondo.com.br\/sobre\/boulos-lanca-programa-governo-na-rua-em-sp-neste-sabado\/"},"modified":"2025-11-08T10:47:00","modified_gmt":"2025-11-08T13:47:00","slug":"boulos-lanca-programa-governo-na-rua-em-sp-neste-sabado","status":"publish","type":"post","link":"https:\/\/www.encontracapaoredondo.com.br\/sobre\/boulos-lanca-programa-governo-na-rua-em-sp-neste-sabado\/","title":{"rendered":"Boulos lan\u00e7a programa Governo na Rua em SP neste s\u00e1bado"},"content":{"rendered":"<div class=\"8fb9da09c1a584b185d8cf81e63b5046\" data-index=\"1\" style=\"float: none; margin:0px;\">\n<!-- Anuncio display - global -->\r\n<ins class=\"adsbygoogle\"\r\n     style=\"display:block\"\r\n     data-ad-client=\"ca-pub-8585364105181520\"\r\n     data-ad-slot=\"8789329856\"\r\n     data-ad-format=\"auto\"\r\n     data-full-width-responsive=\"true\"><\/ins>\r\n<script>\r\n     (adsbygoogle = window.adsbygoogle || []).push({});\r\n<\/script>\n<\/div>\n<h2>O Que \u00c9 o Programa Governo na Rua?<\/h2>\n<p>O Programa <strong>Governo na Rua<\/strong> \u00e9 uma iniciativa desenvolvida pela nova gest\u00e3o do governo federal, sob a lideran\u00e7a do ministro da Secretaria-Geral da Presid\u00eancia, <strong>Guilherme Boulos<\/strong>. O projeto foi lan\u00e7ado em um evento simb\u00f3lico que ocorreu na periferia de S\u00e3o Paulo, mais especificamente no Cap\u00e3o Redondo. A proposta principal desse programa \u00e9 aproximar a administra\u00e7\u00e3o p\u00fablica dos cidad\u00e3os, principalmente aqueles que residem em \u00e1reas consideradas perif\u00e9ricas ou vulner\u00e1veis.<\/p>\n<p>A ess\u00eancia do Governo na Rua reside no compromisso de ouvir diretamente as comunidades sobre suas demandas e necessidades. Em vez de a\u00e7\u00f5es voltadas apenas para o escrit\u00f3rio ou pal\u00e1cio, a miss\u00e3o \u00e9 levar o governo a onde os problemas acontecem, promovendo um di\u00e1logo din\u00e2mico e transparente entre as autoridades e a popula\u00e7\u00e3o. Isso reflete uma mudan\u00e7a significativa na abordagem pol\u00edtica, priorizando a intera\u00e7\u00e3o direta e a participa\u00e7\u00e3o popular na formula\u00e7\u00e3o de pol\u00edticas p\u00fablicas.<\/p>\n<h2>Objetivos do Programa<\/h2>\n<p>Os objetivos do Programa Governo na Rua s\u00e3o m\u00faltiplos e visam fomentar uma maior integra\u00e7\u00e3o entre o governo e a popula\u00e7\u00e3o. Os principais objetivos incluem:<\/p>\n<p><img decoding=\"async\" src=\"https:\/\/www.encontracapaoredondo.com.br\/sobre\/wp-content\/uploads\/boulos-lanca-programa-governo-na-rua-em-sp-neste-sabado.webp\" alt=\"programa Governo na Rua\" loading=\"lazy\" \/><\/p>\n<ul>\n<li><strong>Ouvir as Comunidades:<\/strong> O programa busca aliamentar as necessidades diretas das pessoas que vivem em comunidades de baixa renda. Essa escuta ativa permite \u00e0s autoridades entender de maneira mais precisa o que os cidad\u00e3os realmente precisam.<\/li>\n<li><strong>Incluir a Popula\u00e7\u00e3o na Tomada de Decis\u00f5es:<\/strong> Ao facilitar o acesso dos cidad\u00e3os a agentes governamentais, a iniciativa promove uma maior participa\u00e7\u00e3o da sociedade na defini\u00e7\u00e3o de pol\u00edticas p\u00fablicas.<\/li>\n<li><strong>Promover a Mobiliza\u00e7\u00e3o Social:<\/strong> O Governo na Rua tamb\u00e9m visa fortalecer a organiza\u00e7\u00e3o social para a mobiliza\u00e7\u00e3o em torno de causas comuns, o que \u00e9 essencial, especialmente com as elei\u00e7\u00f5es de 2026 se aproximando.<\/li>\n<li><strong>Estabelecer um Canal de Comunica\u00e7\u00e3o Eficiente:<\/strong> A ideia \u00e9 criar uma via de m\u00e3o dupla onde as necessidades populares sejam rapidamente comunicadas e tratadas.<\/li>\n<\/ul>\n<h2>O Papel de Boulos Como Ministro<\/h2>\n<p>Guilherme Boulos, um l\u00edder conhecido no movimento social e pol\u00edtico, tem um papel crucial \u00e0 frente do Minist\u00e9rio da Secretaria-Geral da Presid\u00eancia. Como defensor dos direitos humanos e de pol\u00edticas p\u00fablicas inclusivas, seu compromisso pessoal com as quest\u00f5es sociais \u00e9 uma extens\u00e3o das diretrizes do Governo na Rua.<\/p>\n<p>Boulos traz uma abordagem inovadora e baseada na experi\u00eancia de sua atua\u00e7\u00e3o anterior em movimentos sociais. Seu foco est\u00e1 em construir conex\u00f5es reais com a popula\u00e7\u00e3o, enfatizando o di\u00e1logo aberto. Ele acredita que a aus\u00eancia de di\u00e1logo foi uma das falhas dos governos anteriores e est\u00e1 determinado a mudar essa realidade.<\/p>\n<p>A confian\u00e7a que Boulos gerou entre os movimentos sociais e a popula\u00e7\u00e3o carente \u00e9 um ativo valioso para a iniciativa. Ele \u00e9 visto como algu\u00e9m que n\u00e3o s\u00f3 ouve os problemas, mas que tamb\u00e9m busca solu\u00e7\u00f5es pr\u00e1tica e rapidamente, uma atitude que pode inspirar outras autoridades a seguir seu exemplo.<\/p>\n<h2>Como o Programa Ir\u00e1 Funcionar?<\/h2>\n<p>O funcionamento do Programa Governo na Rua \u00e9 estruturado em v\u00e1rias etapas e atividades que buscam facilitar a intera\u00e7\u00e3o entre o governo e a comunidade. As principais a\u00e7\u00f5es incluem:<\/p>\n<ul>\n<li><strong>Reuni\u00f5es Comunit\u00e1rias:<\/strong> O programa prev\u00ea a realiza\u00e7\u00e3o de reuni\u00f5es em diferentes localidades, onde membros do governo se encontram com a popula\u00e7\u00e3o para ouvir suas demandas.<\/li>\n<li><strong>Escuta Ativa:<\/strong> Durante essas reuni\u00f5es, as autoridades se empenham em ouvir atentamente os relatos dos cidad\u00e3os, promovendo um ambiente onde todos possam expressar suas preocupa\u00e7\u00f5es.<\/li>\n<li><strong>Elabora\u00e7\u00e3o de Planos de A\u00e7\u00e3o:<\/strong> Com base nas informa\u00e7\u00f5es coletadas, o governo se compromete a elaborar planos de a\u00e7\u00e3o que atendam as necessidades relatas pela popula\u00e7\u00e3o.<\/li>\n<li><strong>Monitoramento e Avalia\u00e7\u00e3o:<\/strong> O programa tamb\u00e9m incluir\u00e1 etapas para monitorar a evolu\u00e7\u00e3o das a\u00e7\u00f5es e avaliar a efetividade das pol\u00edticas implementadas.<\/li>\n<\/ul>\n<h2>Benef\u00edcios para as Comunidades Perif\u00e9ricas<\/h2>\n<p>O Programa Governo na Rua tr\u00e1s benef\u00edcios significativos para as comunidades perif\u00e9ricas, transformando a forma como o governo interage com esses grupos. Entre os principais benef\u00edcios est\u00e3o:<\/p>\n<ul>\n<li><strong>Maior Representa\u00e7\u00e3o:<\/strong> Com o di\u00e1logo direto, a popula\u00e7\u00e3o tem uma voz mais ativa na constru\u00e7\u00e3o das pol\u00edticas que impactam suas vidas, al\u00e9m de um aumento na representa\u00e7\u00e3o pol\u00edtica.<\/li>\n<li><strong>Respostas R\u00e1pidas:<\/strong> A proximidade com as autoridades pode levar a respostas mais r\u00e1pidas para problemas locais, melhorando a efici\u00eancia das pol\u00edticas p\u00fablicas.<\/li>\n<li><strong>Empoderamento Comunit\u00e1rio:<\/strong> O programa estimula o empoderamento das comunidades, fazendo com que se sintam mais capacitadas a lutar por seus direitos e necessidades.<\/li>\n<li><strong>Fomento \u00e0 Solidariedade:<\/strong> Ouvindo e atendendo as demandas da popula\u00e7\u00e3o, o governo pode promover um senso de solidariedade e entendimento m\u00fatuo entre diferentes grupos sociais.<\/li>\n<\/ul>\n<h2>Rea\u00e7\u00f5es da Popula\u00e7\u00e3o ao Programa<\/h2>\n<p>A recep\u00e7\u00e3o do Programa Governo na Rua pela popula\u00e7\u00e3o tem sido, em geral, positiva. A expectativa \u00e9 de que essa iniciativa ir\u00e1 proporcionar uma plataforma para discuss\u00f5es leg\u00edtimas sobre as dificuldades enfrentadas pelas comunidades.<\/p>\n<p>Os moradores t\u00eam expressado otimismo em rela\u00e7\u00e3o \u00e0 possiblidade de serem ouvidos. Muitos acreditam que, por meio dessa intera\u00e7\u00e3o, poder\u00e3o conquistar melhorias na infraestrutura, servi\u00e7os de sa\u00fade, educa\u00e7\u00e3o e seguran\u00e7a em suas comunidades.<\/p>\n<p>Entretanto, tamb\u00e9m existem ressalvas. Algumas pessoas questionam a efetividade das a\u00e7\u00f5es, temendo que sejam apenas promessas sem continuidade. Para tais d\u00favidas, Boulos reafirma seu compromisso em acompanhar de perto a execu\u00e7\u00e3o das pol\u00edticas resultantes das reuni\u00f5es, garantindo que n\u00e3o fiquem apenas em palavras.<\/p>\n<h2>Expectativas para o Futuro<\/h2>\n<p>As expectativas para o futuro do Programa Governo na Rua s\u00e3o altas. Os defensores da iniciativa acreditam que ela pode se tornar um modelo de governan\u00e7a participativa, inspirando outras esferas de governo a adotar uma abordagem semelhante.<\/p>\n<p>O sucesso do programa depender\u00e1 em grande parte da const\u00e2ncia das a\u00e7\u00f5es e do engajamento cont\u00ednuo da popula\u00e7\u00e3o. Se o governo se comprometer verdadeiramente a ouvir e agir com base no que \u00e9 discutido nas reuni\u00f5es, isso poder\u00e1 significar uma revolu\u00e7\u00e3o na rela\u00e7\u00e3o entre os cidad\u00e3os e a administra\u00e7\u00e3o p\u00fablica.<\/p>\n<h2>A Import\u00e2ncia da Comunica\u00e7\u00e3o Direta<\/h2>\n<p>A comunica\u00e7\u00e3o direta \u00e9 um dos pilares fundamentais do Programa Governo na Rua. Criar um espa\u00e7o onde os cidad\u00e3os possam expressar suas necessidades e preocupa\u00e7\u00f5es \u00e9 vital para a constru\u00e7\u00e3o de um relacionamento saud\u00e1vel entre governo e popula\u00e7\u00e3o.<\/p>\n<p>Essa intera\u00e7\u00e3o n\u00e3o apenas ajuda a identificar problemas, mas tamb\u00e9m \u00e9 uma forma de promover a transpar\u00eancia na forma como as decis\u00f5es s\u00e3o tomadas. Quando os cidad\u00e3os entendem como suas vozes est\u00e3o sendo ouvidas e priorizadas, torna-se mais f\u00e1cil para eles confiarem no sistema pol\u00edtico.<\/p>\n<h2>Impactos nas Elei\u00e7\u00f5es de 2026<\/h2>\n<p>Com as elei\u00e7\u00f5es de 2026 se aproximando, o Programa Governo na Rua tem um papel potencialmente significativo nesse contexto pol\u00edtico. O sucesso ou falha da iniciativa poder\u00e1 influenciar a percep\u00e7\u00e3o p\u00fablica sobre o governo e a administra\u00e7\u00e3o.<\/p>\n<p>Muitos especialistas argumentam que a efic\u00e1cia do programa poder\u00e1 afetar a popularidade de candidatos e partidos pol\u00edticos durante as elei\u00e7\u00f5es. Se os moradores se sentirem atendidos e ouvir sua voz ser considerada, isso poder\u00e1 criar um respaldo enorme para a continuidade das pol\u00edticas do governo atual.<\/p>\n<h2>Como Participar das Reuni\u00f5es<\/h2>\n<p>A participa\u00e7\u00e3o nas reuni\u00f5es do Programa Governo na Rua \u00e9 aberta a todos os cidad\u00e3os, especialmente aqueles que residem nas \u00e1reas perif\u00e9ricas. O governo incentiva a todos a comparecerem e expressarem suas opini\u00f5es e sugest\u00f5es.<\/p>\n<p>As datas e locais das reuni\u00f5es ser\u00e3o amplamente divulgados atrav\u00e9s das redes sociais, r\u00e1dios locais e cartazes nas comunidades. Para garantir que todos tenham voz, \u00e9 importante que a popula\u00e7\u00e3o fique atenta \u00e0s comunica\u00e7\u00f5es oficiais, reconhecendo a import\u00e2ncia de sua contribui\u00e7\u00e3o para o fortalecimento da democracia e a constru\u00e7\u00e3o de pol\u00edticas p\u00fablicas mais justas.<\/p>\n<p>Participar das reuni\u00f5es \u00e9 um convite para os cidad\u00e3os exercerem sua cidadania e influenciar diretamente os rumos de suas comunidades.<\/p>\n\n<div style=\"font-size: 0px; height: 0px; line-height: 0px; margin: 0; padding: 0; clear: both;\"><\/div>","protected":false},"excerpt":{"rendered":"<p>Boulos apresenta o Programa Governo na Rua, buscando ouvir as demandas das periferias de SP.<\/p>\n","protected":false},"author":1,"featured_media":2450,"comment_status":"open","ping_status":"closed","sticky":false,"template":"","format":"standard","meta":{"footnotes":""},"categories":[6],"tags":[],"class_list":["post-2451","post","type-post","status-publish","format-standard","has-post-thumbnail","hentry","category-noticias-no-capao-redondo","has_thumb"],"aioseo_notices":[],"_links":{"self":[{"href":"https:\/\/www.encontracapaoredondo.com.br\/sobre\/wp-json\/wp\/v2\/posts\/2451","targetHints":{"allow":["GET"]}}],"collection":[{"href":"https:\/\/www.encontracapaoredondo.com.br\/sobre\/wp-json\/wp\/v2\/posts"}],"about":[{"href":"https:\/\/www.encontracapaoredondo.com.br\/sobre\/wp-json\/wp\/v2\/types\/post"}],"author":[{"embeddable":true,"href":"https:\/\/www.encontracapaoredondo.com.br\/sobre\/wp-json\/wp\/v2\/users\/1"}],"replies":[{"embeddable":true,"href":"https:\/\/www.encontracapaoredondo.com.br\/sobre\/wp-json\/wp\/v2\/comments?post=2451"}],"version-history":[{"count":0,"href":"https:\/\/www.encontracapaoredondo.com.br\/sobre\/wp-json\/wp\/v2\/posts\/2451\/revisions"}],"wp:featuredmedia":[{"embeddable":true,"href":"https:\/\/www.encontracapaoredondo.com.br\/sobre\/wp-json\/wp\/v2\/media\/2450"}],"wp:attachment":[{"href":"https:\/\/www.encontracapaoredondo.com.br\/sobre\/wp-json\/wp\/v2\/media?parent=2451"}],"wp:term":[{"taxonomy":"category","embeddable":true,"href":"https:\/\/www.encontracapaoredondo.com.br\/sobre\/wp-json\/wp\/v2\/categories?post=2451"},{"taxonomy":"post_tag","embeddable":true,"href":"https:\/\/www.encontracapaoredondo.com.br\/sobre\/wp-json\/wp\/v2\/tags?post=2451"}],"curies":[{"name":"wp","href":"https:\/\/api.w.org\/{rel}","templated":true}]}}