{"id":245,"date":"2011-07-18T03:29:05","date_gmt":"2011-07-18T03:29:05","guid":{"rendered":"http:\/\/www.encontracapaoredondo.com.br\/noticias\/?p=245"},"modified":"2019-04-29T16:29:40","modified_gmt":"2019-04-29T19:29:40","slug":"bandido-fica-ferido-apos-capotar-carro-roubado-no-capao-redondo","status":"publish","type":"post","link":"https:\/\/www.encontracapaoredondo.com.br\/sobre\/bandido-fica-ferido-apos-capotar-carro-roubado-no-capao-redondo\/","title":{"rendered":"Bandido fica ferido ap\u00f3s capotar carro roubado no Cap\u00e3o Redondo"},"content":{"rendered":"<div class=\"8fb9da09c1a584b185d8cf81e63b5046\" data-index=\"1\" style=\"float: none; margin:0px;\">\n<!-- Anuncio display - global -->\r\n<ins class=\"adsbygoogle\"\r\n     style=\"display:block\"\r\n     data-ad-client=\"ca-pub-8585364105181520\"\r\n     data-ad-slot=\"8789329856\"\r\n     data-ad-format=\"auto\"\r\n     data-full-width-responsive=\"true\"><\/ins>\r\n<script>\r\n     (adsbygoogle = window.adsbygoogle || []).push({});\r\n<\/script>\n<\/div>\n<p>Um assaltante ficou ferido ap\u00f3s capotar o carro que havia roubado, na  rua Agostinho Rubin, pr\u00f3ximo ao n\u00famero 100, bairro do Cap\u00e3o Redondo,  zona sul da capital. Ele havia roubado o carro nas proximidades.<\/p>\n<p>Policial militares foram acionados e houve um come\u00e7o de persegui\u00e7\u00e3o,  por\u00e9m o ladr\u00e3o perdeu o controle e acabou capotando o carro.<\/p>\n<p>A ocorr\u00eancia vai ser registrada no 47\u00ba Distrito Policial.<\/p>\n<p><em>Fonte: R7<\/em><\/p>\n\n<div style=\"font-size: 0px; height: 0px; line-height: 0px; margin: 0; padding: 0; clear: both;\"><\/div>","protected":false},"excerpt":{"rendered":"<p>Um assaltante ficou ferido ap\u00f3s capotar o carro que havia roubado, na rua Agostinho Rubin, pr\u00f3ximo ao n\u00famero 100, bairro do Cap\u00e3o Redondo, zona sul da capital. Ele havia roubado o carro nas proximidades. Policial militares foram acionados e houve um come\u00e7o de persegui\u00e7\u00e3o, por\u00e9m o ladr\u00e3o perdeu o controle e acabou capotando o carro. A ocorr\u00eancia vai ser registrada no 47\u00ba Distrito Policial. Fonte: R7<\/p>\n","protected":false},"author":1,"featured_media":0,"comment_status":"open","ping_status":"closed","sticky":false,"template":"","format":"standard","meta":{"footnotes":""},"categories":[6],"tags":[],"class_list":["post-245","post","type-post","status-publish","format-standard","hentry","category-noticias-no-capao-redondo"],"aioseo_notices":[],"_links":{"self":[{"href":"https:\/\/www.encontracapaoredondo.com.br\/sobre\/wp-json\/wp\/v2\/posts\/245","targetHints":{"allow":["GET"]}}],"collection":[{"href":"https:\/\/www.encontracapaoredondo.com.br\/sobre\/wp-json\/wp\/v2\/posts"}],"about":[{"href":"https:\/\/www.encontracapaoredondo.com.br\/sobre\/wp-json\/wp\/v2\/types\/post"}],"author":[{"embeddable":true,"href":"https:\/\/www.encontracapaoredondo.com.br\/sobre\/wp-json\/wp\/v2\/users\/1"}],"replies":[{"embeddable":true,"href":"https:\/\/www.encontracapaoredondo.com.br\/sobre\/wp-json\/wp\/v2\/comments?post=245"}],"version-history":[{"count":0,"href":"https:\/\/www.encontracapaoredondo.com.br\/sobre\/wp-json\/wp\/v2\/posts\/245\/revisions"}],"wp:attachment":[{"href":"https:\/\/www.encontracapaoredondo.com.br\/sobre\/wp-json\/wp\/v2\/media?parent=245"}],"wp:term":[{"taxonomy":"category","embeddable":true,"href":"https:\/\/www.encontracapaoredondo.com.br\/sobre\/wp-json\/wp\/v2\/categories?post=245"},{"taxonomy":"post_tag","embeddable":true,"href":"https:\/\/www.encontracapaoredondo.com.br\/sobre\/wp-json\/wp\/v2\/tags?post=245"}],"curies":[{"name":"wp","href":"https:\/\/api.w.org\/{rel}","templated":true}]}}