{"id":2440,"date":"2025-11-06T09:13:00","date_gmt":"2025-11-06T12:13:00","guid":{"rendered":"https:\/\/www.encontracapaoredondo.com.br\/sobre\/estudante-que-ameacou-atacar-escola-e-apreendido-na-zona-sul-de-sao-paulo\/"},"modified":"2025-11-06T09:13:00","modified_gmt":"2025-11-06T12:13:00","slug":"estudante-que-ameacou-atacar-escola-e-apreendido-na-zona-sul-de-sao-paulo","status":"publish","type":"post","link":"https:\/\/www.encontracapaoredondo.com.br\/sobre\/estudante-que-ameacou-atacar-escola-e-apreendido-na-zona-sul-de-sao-paulo\/","title":{"rendered":"Estudante que amea\u00e7ou atacar escola \u00e9 apreendido na zona sul de S\u00e3o Paulo"},"content":{"rendered":"<div class=\"8fb9da09c1a584b185d8cf81e63b5046\" data-index=\"1\" style=\"float: none; margin:0px;\">\n<!-- Anuncio display - global -->\r\n<ins class=\"adsbygoogle\"\r\n     style=\"display:block\"\r\n     data-ad-client=\"ca-pub-8585364105181520\"\r\n     data-ad-slot=\"8789329856\"\r\n     data-ad-format=\"auto\"\r\n     data-full-width-responsive=\"true\"><\/ins>\r\n<script>\r\n     (adsbygoogle = window.adsbygoogle || []).push({});\r\n<\/script>\n<\/div>\n<h2>Amea\u00e7as em redes sociais: um sinal de alerta<\/h2>\n<p>As redes sociais t\u00eam se tornado um espa\u00e7o de express\u00e3o e comunica\u00e7\u00e3o. Por\u00e9m, tamb\u00e9m s\u00e3o utilizadas para disseminar amea\u00e7as e realizar comportamentos inadequados. No caso do estudante apreendido na zona sul de S\u00e3o Paulo, foi pelo <strong>uso de redes sociais<\/strong> que as amea\u00e7as \u00e0 escola come\u00e7aram a circular.<\/p>\n<p>\u00c9 alarmante perceber que jovens t\u00eam usado essas plataformas para converter seus sentimentos negativos em express\u00f5es amea\u00e7adoras. Muitas vezes, esse comportamento \u00e9 um grito de socorro, evidenciando que h\u00e1 algo errado. As mensagens postadas por esse estudante levantaram preocupa\u00e7\u00f5es entre os colegas, pais e funcion\u00e1rios da escola.<\/p>\n<p>As institui\u00e7\u00f5es precisam estar atentas ao que ocorre nas redes sociais. Embora as postagens possam parecer inofensivas ou um desabafo, \u00e9 fundamental investigar e compreender o contexto. Ignorar esse tipo de sinal pode causar consequ\u00eancias graves, aumentando o risco de situa\u00e7\u00f5es de viol\u00eancia nas escolas.<\/p>\n<h2>Opera\u00e7\u00e3o da pol\u00edcia no Cap\u00e3o Redondo<\/h2>\n<p>A pol\u00edcia atuou rapidamente ap\u00f3s a descoberta das amea\u00e7as feitas pelo estudante. A opera\u00e7\u00e3o foi realizada no <strong>Cap\u00e3o Redondo<\/strong>, um dos bairros da zona sul de S\u00e3o Paulo, onde o adolescente reside. A efic\u00e1cia das a\u00e7\u00f5es da pol\u00edcia \u00e9 crucial, pois a\u00e7\u00f5es r\u00e1pidas podem evitar trag\u00e9dias.<\/p>\n<p>Os policiais se mobilizaram para investigar a situa\u00e7\u00e3o e foram at\u00e9 o local onde o estudante morava. Essa opera\u00e7\u00e3o foi um exemplo de como as autoridades est\u00e3o se esfor\u00e7ando para garantir a seguran\u00e7a das escolas e comunidades. O envolvimento r\u00e1pido da pol\u00edcia \u00e9 um aspecto essencial para manter a ordem e a seguran\u00e7a p\u00fablica.<\/p>\n<h2>Identifica\u00e7\u00e3o e apreens\u00e3o do adolescente<\/h2>\n<p>A identifica\u00e7\u00e3o do estudante envolveu um trabalho conjunto entre a pol\u00edcia e a escola. Atrav\u00e9s de investiga\u00e7\u00f5es, foi poss\u00edvel rastrear o autor das amea\u00e7as. Ap\u00f3s a localiza\u00e7\u00e3o, o adolescente foi apreendido. Essa apreens\u00e3o coloca em evid\u00eancia um fen\u00f4meno social preocupante que vem se agravando nos \u00faltimos anos.<\/p>\n<p>\u00c9 importante entender que o adolescente n\u00e3o \u00e9 apenas um criminoso; ele tamb\u00e9m precisa de apoio e cuidados. Muitas vezes, jovens que fazem tais amea\u00e7as est\u00e3o passando por problemas que precisam ser abordados. Nesta situa\u00e7\u00e3o, a apreens\u00e3o n\u00e3o \u00e9 simplesmente uma puni\u00e7\u00e3o, mas um sinal de que a sociedade deve buscar compreender e ajudar esses jovens antes que se tornem amea\u00e7as reais.<\/p>\n<h2>Impacto das redes sociais na seguran\u00e7a escolar<\/h2>\n<p>As redes sociais t\u00eam um impacto profundo na forma como a seguran\u00e7a escolar \u00e9 percebida e gerenciada. Com a rapidez da comunica\u00e7\u00e3o, uma simples mensagem pode gerar p\u00e2nico. No caso do estudante que amea\u00e7ou a escola, n\u00e3o apenas os alunos se preocupavam, mas tamb\u00e9m as fam\u00edlias e a comunidade na sua totalidade.<\/p>\n<p>O impacto psicol\u00f3gico pode ser significativo. As amea\u00e7as nas redes sociais podem criar um clima de medo que afeta o ambiente escolar e as rela\u00e7\u00f5es entre os estudantes. A seguran\u00e7a escolar n\u00e3o se refere apenas \u00e0 prote\u00e7\u00e3o f\u00edsica, mas tamb\u00e9m ao bem-estar emocional de todos os envolvidos.<\/p>\n<h2>Dificuldades enfrentadas pelo jovem na escola<\/h2>\n<p>\u00c9 crucial abordar as dificuldades que levaram o estudante a fazer tais amea\u00e7as. Problemas de bullying, dificuldades acad\u00eamicas e desafios familiares podem influenciar seu comportamento. Muitas vezes, esses jovens j\u00e1 est\u00e3o lidando com quest\u00f5es emocionais e sociais que afetam sua sa\u00fade mental.<\/p>\n<p>Entender a hist\u00f3ria de vida do estudante \u00e9 vital para prevenir futuros incidentes. Em vez de tratar apenas as consequ\u00eancias, as escolas devem trabalhar para oferecer suporte. A inclus\u00e3o de programas de apoio psicol\u00f3gico para alunos pode ajudar a identificar esses problemas antes que se tornem s\u00e9rios.<\/p>\n<h2>A import\u00e2ncia da preven\u00e7\u00e3o em situa\u00e7\u00f5es de risco<\/h2>\n<p>A preven\u00e7\u00e3o deve ser uma prioridade para todas as institui\u00e7\u00f5es educacionais. Isso inclui a implementa\u00e7\u00e3o de medidas que abordem tanto a seguran\u00e7a f\u00edsica quanto a emocional dos alunos. Saber lidar com poss\u00edveis amea\u00e7as \u00e9 essencial, e isso come\u00e7a com um ambiente escolar acolhedor.<\/p>\n<p>\u00c9 fundamental que as escolas desenvolvam programas de conscientiza\u00e7\u00e3o e educa\u00e7\u00e3o, fornecendo orienta\u00e7\u00f5es sobre o uso seguro das redes sociais. Os jovens devem ser educados sobre as consequ\u00eancias de suas a\u00e7\u00f5es online, e essa responsabilidade n\u00e3o deve recair somente sobre as escolas.<\/p>\n<h2>Como a pol\u00edcia monitora as amea\u00e7as online<\/h2>\n<p>A pol\u00edcia tem adotado tecnologias avan\u00e7adas para monitorar as redes sociais em busca de poss\u00edveis amea\u00e7as. Essa vigil\u00e2ncia \u00e9 necess\u00e1ria, mas gera debates sobre privacidade e liberdade de express\u00e3o. A linha entre monitoramento e invas\u00e3o de privacidade \u00e9 t\u00eanue.<\/p>\n<p>As autoridades, junto com as escolas, devem se questionar regularmente sobre como conduzem essas investiga\u00e7\u00f5es. \u00c9 crucial atuar no cumprimento da lei enquanto se respeitam os direitos dos indiv\u00edduos, especialmente dos jovens. Al\u00e9m disso, parcerias com as plataformas online para denunciar comportamentos inadequados podem ser muito \u00fateis.<\/p>\n<h2>Refor\u00e7o da seguran\u00e7a nas escolas ap\u00f3s incidentes<\/h2>\n<p>Ap\u00f3s incidentes de amea\u00e7as ou viol\u00eancia, as escolas frequentemente aumentam suas medidas de seguran\u00e7a. Isso pode incluir a presen\u00e7a de guardas, monitoramento por c\u00e2meras e treinamentos para o corpo docente em como lidar com crises. No entanto, a seguran\u00e7a n\u00e3o \u00e9 apenas f\u00edsica; \u00e9 igualmente emocional.<\/p>\n<p>O di\u00e1logo aberto entre alunos, professores e pais \u00e9 fundamental. Medidas de seguran\u00e7a f\u00edsica n\u00e3o podem substituir a necessidade de um ambiente acolhedor que promova confian\u00e7a. Assim, o investimento em programas de preven\u00e7\u00e3o e apoio psicol\u00f3gico \u00e9 igualmente imprescind\u00edvel.<\/p>\n<h2>O papel da comunidade na seguran\u00e7a escolar<\/h2>\n<p>A seguran\u00e7a escolar \u00e9 uma responsabilidade coletiva. A comunidade deve se envolver ativamente para auxiliar na cria\u00e7\u00e3o de um ambiente seguro para todos. Isso pode incluir a organiza\u00e7\u00e3o de reuni\u00f5es entre pais, professores e autoridades locais, bem como o fortalecimento dos la\u00e7os comunit\u00e1rios.<\/p>\n<p>As fam\u00edlias devem ser educadas sobre a import\u00e2ncia de se comunicarem com as escolas quando notam comportamentos preocupantes. Criar uma rede de apoio na comunidade \u00e9 uma estrat\u00e9gia eficaz para garantir que todas as vozes sejam ouvidas e que as preocupa\u00e7\u00f5es sejam levadas a s\u00e9rio.<\/p>\n<h2>Consequ\u00eancias legais para amea\u00e7as escolares<\/h2>\n<p>A consequ\u00eancia legal para amea\u00e7as escolares varia, mas pode incluir desde a aplica\u00e7\u00e3o de medidas socioeducativas at\u00e9 processos judiciais, dependendo da gravidade da amea\u00e7a. \u00c9 importante ressaltar que as consequ\u00eancias n\u00e3o devem ser apenas punitivas, mas tamb\u00e9m educativas.<\/p>\n<p>A legisla\u00e7\u00e3o deve ser clara sobre como tratar esses casos e as consequ\u00eancias que podem surgir. A educa\u00e7\u00e3o sobre as implica\u00e7\u00f5es legais dos atos cometidos \u00e9 fundamental para que os estudantes compreendam a seriedade de suas a\u00e7\u00f5es.<\/p>\n<p>Por fim, lidar com amea\u00e7as nas escolas \u00e9 um desafio cont\u00ednuo. Cada incidente deve ser um momento de reflex\u00e3o e aprendizado, tanto para as institui\u00e7\u00f5es de ensino quanto para a sociedade como um todo. A promo\u00e7\u00e3o de um ambiente seguro e acolhedor depende de esfor\u00e7os conjuntos entre escolas, pol\u00edcia, fam\u00edlias e comunidades, visando sempre \u00e0 preven\u00e7\u00e3o e assist\u00eancia.<\/p>\n\n<div style=\"font-size: 0px; height: 0px; line-height: 0px; margin: 0; padding: 0; clear: both;\"><\/div>","protected":false},"excerpt":{"rendered":"<p>Estudante que amea\u00e7ou escola na zona sul de SP \u00e9 apreendido ap\u00f3s postagens alarmantes.<\/p>\n","protected":false},"author":1,"featured_media":2439,"comment_status":"open","ping_status":"closed","sticky":false,"template":"","format":"standard","meta":{"footnotes":""},"categories":[6],"tags":[],"class_list":["post-2440","post","type-post","status-publish","format-standard","has-post-thumbnail","hentry","category-noticias-no-capao-redondo","has_thumb"],"aioseo_notices":[],"_links":{"self":[{"href":"https:\/\/www.encontracapaoredondo.com.br\/sobre\/wp-json\/wp\/v2\/posts\/2440","targetHints":{"allow":["GET"]}}],"collection":[{"href":"https:\/\/www.encontracapaoredondo.com.br\/sobre\/wp-json\/wp\/v2\/posts"}],"about":[{"href":"https:\/\/www.encontracapaoredondo.com.br\/sobre\/wp-json\/wp\/v2\/types\/post"}],"author":[{"embeddable":true,"href":"https:\/\/www.encontracapaoredondo.com.br\/sobre\/wp-json\/wp\/v2\/users\/1"}],"replies":[{"embeddable":true,"href":"https:\/\/www.encontracapaoredondo.com.br\/sobre\/wp-json\/wp\/v2\/comments?post=2440"}],"version-history":[{"count":0,"href":"https:\/\/www.encontracapaoredondo.com.br\/sobre\/wp-json\/wp\/v2\/posts\/2440\/revisions"}],"wp:featuredmedia":[{"embeddable":true,"href":"https:\/\/www.encontracapaoredondo.com.br\/sobre\/wp-json\/wp\/v2\/media\/2439"}],"wp:attachment":[{"href":"https:\/\/www.encontracapaoredondo.com.br\/sobre\/wp-json\/wp\/v2\/media?parent=2440"}],"wp:term":[{"taxonomy":"category","embeddable":true,"href":"https:\/\/www.encontracapaoredondo.com.br\/sobre\/wp-json\/wp\/v2\/categories?post=2440"},{"taxonomy":"post_tag","embeddable":true,"href":"https:\/\/www.encontracapaoredondo.com.br\/sobre\/wp-json\/wp\/v2\/tags?post=2440"}],"curies":[{"name":"wp","href":"https:\/\/api.w.org\/{rel}","templated":true}]}}