{"id":2436,"date":"2025-11-05T07:48:00","date_gmt":"2025-11-05T10:48:00","guid":{"rendered":"https:\/\/www.encontracapaoredondo.com.br\/sobre\/fabricas-de-cultura-recebem-programacao-sobre-consciencia-negra-cop30-e-halloween\/"},"modified":"2025-11-05T07:48:00","modified_gmt":"2025-11-05T10:48:00","slug":"fabricas-de-cultura-recebem-programacao-sobre-consciencia-negra-cop30-e-halloween","status":"publish","type":"post","link":"https:\/\/www.encontracapaoredondo.com.br\/sobre\/fabricas-de-cultura-recebem-programacao-sobre-consciencia-negra-cop30-e-halloween\/","title":{"rendered":"F\u00e1bricas de Cultura recebem programa\u00e7\u00e3o sobre Consci\u00eancia Negra, COP30 e Halloween"},"content":{"rendered":"<div class=\"8fb9da09c1a584b185d8cf81e63b5046\" data-index=\"1\" style=\"float: none; margin:0px;\">\n<!-- Anuncio display - global -->\r\n<ins class=\"adsbygoogle\"\r\n     style=\"display:block\"\r\n     data-ad-client=\"ca-pub-8585364105181520\"\r\n     data-ad-slot=\"8789329856\"\r\n     data-ad-format=\"auto\"\r\n     data-full-width-responsive=\"true\"><\/ins>\r\n<script>\r\n     (adsbygoogle = window.adsbygoogle || []).push({});\r\n<\/script>\n<\/div>\n<h2>Literatura de Autores Negros nas F\u00e1bricas<\/h2>\n<p>As F\u00e1bricas de Cultura em S\u00e3o Paulo t\u00eam se destacado na promo\u00e7\u00e3o da <strong>literatura de autores negros<\/strong>. Eventos como <em>conta\u00e7\u00e3o de hist\u00f3rias<\/em>, <em>oficinas de escrita criativa<\/em> e <em>cursos de literatura<\/em> s\u00e3o oferecidos para o p\u00fablico, destacando obras de autores como <strong>Jorge Amado<\/strong>, <strong>Concei\u00e7\u00e3o Evaristo<\/strong> e <strong>Machado de Assis<\/strong>.<\/p>\n<p>Essas iniciativas visam n\u00e3o apenas promover a leitura, mas tamb\u00e9m <strong>fomentar a identidade cultural<\/strong> e a reflex\u00e3o sobre a representa\u00e7\u00e3o negra na literatura. Durante os encontros, os participantes podem discutir temas relevantes e compartilhar suas experi\u00eancias.<\/p>\n<ul>\n<li><strong>Oficinas Liter\u00e1rias:<\/strong> Incentivam a cria\u00e7\u00e3o de textos e poesias com foco na cultura afro-brasileira.<\/li>\n<li><strong>Clube do Livro:<\/strong> Leitura coletiva de obras de autores negros, seguido de debates.<\/li>\n<li><strong>Exposi\u00e7\u00f5es:<\/strong> Apresenta\u00e7\u00e3o de obras liter\u00e1rias e audiovisuais que abordam a cultura negra.<\/li>\n<\/ul>\n<h2>Baile Tem\u00e1tico de Halloween<\/h2>\n<p>O <strong>Baile Tem\u00e1tico de Halloween<\/strong> nas F\u00e1bricas de Cultura proporciona uma experi\u00eancia \u00fanica. Decoradas de forma assombrosa, as unidades se tornam palcos para fantasias, dan\u00e7as e, claro, muita divers\u00e3o. As atividades incluem:<\/p>\n<ul>\n<li><strong>Concursos de Fantasias:<\/strong> Os participantes competem por pr\u00eamios que reconhecem as melhores vestimentas.<\/li>\n<li><strong>Apresenta\u00e7\u00f5es Art\u00edsticas:<\/strong> Os artistas da comunidade mostram suas habilidades em dan\u00e7as e pe\u00e7as teatrais.<\/li>\n<li><strong>Atividades Interativas:<\/strong> Jogos e oficinas tem\u00e1ticas relacionadas ao Halloween.<\/li>\n<\/ul>\n<p>Atrav\u00e9s da festividade, as F\u00e1bricas buscam integrar a <strong>comunidade<\/strong>, criando um espa\u00e7o de <em>celebra\u00e7\u00e3o e inclus\u00e3o<\/em>.<\/p>\n<h2>Mostra de Cinema Ind\u00edgena em Foco<\/h2>\n<p>As F\u00e1bricas de Cultura t\u00eam promovido a <strong>Mostra de Cinema Ind\u00edgena<\/strong>, um evento que exibe filmes e document\u00e1rios focados na <em>cultura ind\u00edgena<\/em>. Essas exibi\u00e7\u00f5es ajudam a promover a valoriza\u00e7\u00e3o das hist\u00f3rias e tradi\u00e7\u00f5es dos povos origin\u00e1rios. A programa\u00e7\u00e3o inclui:<\/p>\n<ul>\n<li><strong>Filmes Recentes:<\/strong> Exibi\u00e7\u00e3o de produ\u00e7\u00f5es que retratam a vida e a resist\u00eancia ind\u00edgena.<\/li>\n<li><strong>Debates com Diretores:<\/strong> Discuss\u00f5es profundas sobre a produ\u00e7\u00e3o e os significados dos filmes.<\/li>\n<li><strong>Oficinas de Cinema:<\/strong> Para jovens interessados em contar suas pr\u00f3prias hist\u00f3rias atrav\u00e9s do audiovisual.<\/li>\n<\/ul>\n<p>Esse espa\u00e7o \u00e9 importante para a <strong>diversidade cultural<\/strong> e a educa\u00e7\u00e3o sobre as quest\u00f5es ind\u00edgenas contempor\u00e2neas.<\/p>\n<h2>Cinema Marginal: Vis\u00f5es da Periferia<\/h2>\n<p>O <strong>Cinema Marginal<\/strong> \u00e9 outro destaque nas F\u00e1bricas de Cultura, trazendo \u00e0 tona as <em>narrativas da periferia<\/em>. Filmes produzidos por cineastas independentes s\u00e3o apresentados, abordando quest\u00f5es sociais, pol\u00edticas e culturais. Os participantes t\u00eam a oportunidade de:<\/p>\n<ul>\n<li><strong>Assistir a Curtas e Longas:<\/strong> Sele\u00e7\u00f5es que refletem a realidade das comunidades.<\/li>\n<li><strong>Debater Temas Sociais:<\/strong> Espacos para discutir os impactos das hist\u00f3rias contadas.<\/li>\n<li><strong>Participar de Produ\u00e7\u00f5es:<\/strong> Oficinas de cria\u00e7\u00e3o audiovisual para quem quer narrar sua pr\u00f3pria hist\u00f3ria.<\/li>\n<\/ul>\n<p>O Cinema Marginal \u00e9 uma forma de <strong>dar voz a quem muitas vezes n\u00e3o \u00e9 ouvido<\/strong>.<\/p>\n<h2>Palestras sobre Consci\u00eancia Negra<\/h2>\n<p>As F\u00e1bricas de Cultura realizam palestras educativas sobre a <strong>Consci\u00eancia Negra<\/strong>, refletindo sobre a hist\u00f3ria e as conquistas do movimento negro no Brasil. Essas palestras incluem:<\/p>\n<ul>\n<li><strong>Hist\u00f3ria do Movimento Negro:<\/strong> Com palestrantes que compartilham conhecimentos sobre a luta por direitos.<\/li>\n<li><strong>Import\u00e2ncia da Identidade Afro:<\/strong> Debate sobre a autoafirma\u00e7\u00e3o e a valoriza\u00e7\u00e3o da cultura afro-brasileira.<\/li>\n<li><strong>A\u00e7\u00f5es Culturais:<\/strong> Discuss\u00e3o sobre iniciativas que promovem a igualdade e a justi\u00e7a social.<\/li>\n<\/ul>\n<p>Essas atividades s\u00e3o essenciais para promover um espa\u00e7o de reflex\u00e3o e aprendizado sobre a <strong>diversidade cultural<\/strong>.<\/p>\n<h2>Atividades Interativas sobre COP30<\/h2>\n<p>Com a proximidade da <strong>COP30<\/strong>, as F\u00e1bricas de Cultura organizam atividades interativas para sensibilizar o p\u00fablico sobre quest\u00f5es ambientais. As atividades incluem:<\/p>\n<ul>\n<li><strong>Oficinas de Sustentabilidade:<\/strong> Ensinar pr\u00e1ticas para reduzir o impacto ambiental no dia a dia.<\/li>\n<li><strong>Palestras com Especialistas:<\/strong> Discuss\u00f5es sobre as mudan\u00e7as clim\u00e1ticas e solu\u00e7\u00f5es poss\u00edveis.<\/li>\n<li><strong>Semin\u00e1rios de Educa\u00e7\u00e3o Ambiental:<\/strong> Promover a conscientiza\u00e7\u00e3o sobre a import\u00e2ncia de cuidar do meio ambiente.<\/li>\n<\/ul>\n<p>Essas a\u00e7\u00f5es incentivam um <strong>compromisso coletivo<\/strong> com o planeta e a responsabilidade socioambiental.<\/p>\n<h2>Pintura Coletiva: Terra \u00e9 Vida<\/h2>\n<p>A atividade de <strong>Pintura Coletiva: Terra \u00e9 Vida<\/strong> nas F\u00e1bricas de Cultura envolve a comunidade em uma a\u00e7\u00e3o art\u00edstica que representa a conex\u00e3o entre cultura e meio ambiente. Os participantes podem:<\/p>\n<ul>\n<li><strong>Expressar suas Ideias:<\/strong> Criar obras que simbolizam a luta pela preserva\u00e7\u00e3o ambiental.<\/li>\n<li><strong>Fomentar a Criatividade:<\/strong> Uma forma de envolvimento que une arte e conscientiza\u00e7\u00e3o.<\/li>\n<li><strong>Celebrar a Diversidade:<\/strong> As pinturas refletem a diversidade cultural e a luta por um planeta mais sustent\u00e1vel.<\/li>\n<\/ul>\n<p>Essas iniciativas criam um <strong>espa\u00e7o de di\u00e1logo<\/strong> atrav\u00e9s da arte.<\/p>\n<h2>Cultura e Meio Ambiente em Foco<\/h2>\n<p>As F\u00e1bricas de Cultura oferecem um espa\u00e7o para debater a rela\u00e7\u00e3o entre <strong>cultura e meio ambiente<\/strong>. As atividades incluem:<\/p>\n<ul>\n<li><strong>Mesas Redondas:<\/strong> Discuss\u00f5es que exploram como a cultura influencia as pr\u00e1ticas de preserva\u00e7\u00e3o ambiental.<\/li>\n<li><strong>Exposi\u00e7\u00f5es de Arte Ecol\u00f3gica:<\/strong> Artistas locais apresentam suas obras com foco em temas ambientais.<\/li>\n<li><strong>Programas Educativos:<\/strong> Aulas e workshops sobre a import\u00e2ncia da biodiversidade e a cultura local.<\/li>\n<\/ul>\n<p>A educa\u00e7\u00e3o cultural \u00e9 uma ferramenta poderosa na luta por um futuro sustent\u00e1vel.<\/p>\n<h2>Reflex\u00f5es sobre o Papel da Literatura<\/h2>\n<p>Refletir sobre o <strong>papel da literatura<\/strong> \u00e9 fundamental nas F\u00e1bricas de Cultura. Durante as atividades, os participantes podem:<\/p>\n<ul>\n<li><strong>Debater a Relev\u00e2ncia da Literatura:<\/strong> Discuss\u00f5es sobre como a literatura pode provocar mudan\u00e7as sociais.<\/li>\n<li><strong>Escrever e Compartilhar:<\/strong> Incentivar a produ\u00e7\u00e3o de textos que abordem quest\u00f5es contempor\u00e2neas.<\/li>\n<li><strong>Conectar-se com Autores:<\/strong> Encontros com escritores que compartilham suas jornadas e inspira\u00e7\u00f5es.<\/li>\n<\/ul>\n<p>A literatura tem o poder de <strong>transformar e educar<\/strong>. \u00c9 uma forma de expressar a diversidade cultural.<\/p>\n<h2>Diversidade Cultural em S\u00e3o Paulo<\/h2>\n<p>As F\u00e1bricas de Cultura atuam como um hub para a <strong>diversidade cultural em S\u00e3o Paulo<\/strong>. A programa\u00e7\u00e3o inclui eventos que celebram:<\/p>\n<ul>\n<li><strong>Festas Culturais:<\/strong> Celebra\u00e7\u00f5es de diferentes culturas que comp\u00f5em a cidade.<\/li>\n<li><strong>Exposi\u00e7\u00f5es Art\u00edsticas:<\/strong> Espa\u00e7os para mostrar talentos locais e de minorias.<\/li>\n<li><strong>Atividades Sociais:<\/strong> Projetos que promovem a inclus\u00e3o e a igualdade.<\/li>\n<\/ul>\n<p>A diversidade cultural \u00e9 uma das maiores riquezas de S\u00e3o Paulo, e as F\u00e1bricas de Cultura se comprometem a <strong>celebr\u00e1-la e promov\u00ea-la<\/strong>.<\/p>\n\n<div style=\"font-size: 0px; height: 0px; line-height: 0px; margin: 0; padding: 0; clear: both;\"><\/div>","protected":false},"excerpt":{"rendered":"<p>Consci\u00eancia Negra ganha destaque em F\u00e1bricas de Cultura com atividades culturais<\/p>\n","protected":false},"author":1,"featured_media":2435,"comment_status":"open","ping_status":"closed","sticky":false,"template":"","format":"standard","meta":{"footnotes":""},"categories":[6],"tags":[],"class_list":["post-2436","post","type-post","status-publish","format-standard","has-post-thumbnail","hentry","category-noticias-no-capao-redondo","has_thumb"],"aioseo_notices":[],"_links":{"self":[{"href":"https:\/\/www.encontracapaoredondo.com.br\/sobre\/wp-json\/wp\/v2\/posts\/2436","targetHints":{"allow":["GET"]}}],"collection":[{"href":"https:\/\/www.encontracapaoredondo.com.br\/sobre\/wp-json\/wp\/v2\/posts"}],"about":[{"href":"https:\/\/www.encontracapaoredondo.com.br\/sobre\/wp-json\/wp\/v2\/types\/post"}],"author":[{"embeddable":true,"href":"https:\/\/www.encontracapaoredondo.com.br\/sobre\/wp-json\/wp\/v2\/users\/1"}],"replies":[{"embeddable":true,"href":"https:\/\/www.encontracapaoredondo.com.br\/sobre\/wp-json\/wp\/v2\/comments?post=2436"}],"version-history":[{"count":0,"href":"https:\/\/www.encontracapaoredondo.com.br\/sobre\/wp-json\/wp\/v2\/posts\/2436\/revisions"}],"wp:featuredmedia":[{"embeddable":true,"href":"https:\/\/www.encontracapaoredondo.com.br\/sobre\/wp-json\/wp\/v2\/media\/2435"}],"wp:attachment":[{"href":"https:\/\/www.encontracapaoredondo.com.br\/sobre\/wp-json\/wp\/v2\/media?parent=2436"}],"wp:term":[{"taxonomy":"category","embeddable":true,"href":"https:\/\/www.encontracapaoredondo.com.br\/sobre\/wp-json\/wp\/v2\/categories?post=2436"},{"taxonomy":"post_tag","embeddable":true,"href":"https:\/\/www.encontracapaoredondo.com.br\/sobre\/wp-json\/wp\/v2\/tags?post=2436"}],"curies":[{"name":"wp","href":"https:\/\/api.w.org\/{rel}","templated":true}]}}