{"id":2426,"date":"2025-11-04T10:03:00","date_gmt":"2025-11-04T13:03:00","guid":{"rendered":"https:\/\/www.encontracapaoredondo.com.br\/sobre\/concerto-na-quebrada-acontece-no-ceu-capao-redondo-no-dia-18\/"},"modified":"2025-11-04T10:03:00","modified_gmt":"2025-11-04T13:03:00","slug":"concerto-na-quebrada-acontece-no-ceu-capao-redondo-no-dia-18","status":"publish","type":"post","link":"https:\/\/www.encontracapaoredondo.com.br\/sobre\/concerto-na-quebrada-acontece-no-ceu-capao-redondo-no-dia-18\/","title":{"rendered":"Concerto na Quebrada acontece no CEU Cap\u00e3o Redondo no dia 18"},"content":{"rendered":"<div class=\"8fb9da09c1a584b185d8cf81e63b5046\" data-index=\"1\" style=\"float: none; margin:0px;\">\n<!-- Anuncio display - global -->\r\n<ins class=\"adsbygoogle\"\r\n     style=\"display:block\"\r\n     data-ad-client=\"ca-pub-8585364105181520\"\r\n     data-ad-slot=\"8789329856\"\r\n     data-ad-format=\"auto\"\r\n     data-full-width-responsive=\"true\"><\/ins>\r\n<script>\r\n     (adsbygoogle = window.adsbygoogle || []).push({});\r\n<\/script>\n<\/div>\n<h2>O Que \u00e9 o Concerto na Quebrada?<\/h2>\n<p>O <strong>Concerto na Quebrada<\/strong> \u00e9 um festival musical que celebra a cultura urbana e a diversidade na periferia. O evento acontece anualmente em comunidades como o <strong>CEU Cap\u00e3o Redondo<\/strong> e se destaca por ser <em>gratuito<\/em> e acess\u00edvel a todos. O festival une m\u00fasicos, artistas e p\u00fablico em um ambiente de festa e conviv\u00eancia, promovendo uma troca cultural vibrante.<\/p>\n<h2>Programa\u00e7\u00e3o do Evento<\/h2>\n<p>A programa\u00e7\u00e3o do Concerto na Quebrada \u00e9 variada e inclui uma diversidade de estilos musicais. Os participantes podem esperar performances ao vivo de artistas conhecidos e novos talentos. Abaixo est\u00e3o alguns dos destaques da programa\u00e7\u00e3o:<\/p>\n<ul>\n<li><strong>Shows de Rap e Hip-Hop:<\/strong> Com artistas renomados da cena nacional.<\/li>\n<li><strong>Apresenta\u00e7\u00f5es de Dan\u00e7a:<\/strong> Grupos locais mostrando a riqueza do nosso talento.<\/li>\n<li><strong>Atividades Para Crian\u00e7as:<\/strong> Espet\u00e1culos infantis e oficinas de arte.<\/li>\n<li><strong>Palestras e Debates:<\/strong> Conversas sobre cultura e inclus\u00e3o social.<\/li>\n<\/ul>\n<h2>Import\u00e2ncia do Acesso \u00e0 Cultura<\/h2>\n<p>O acesso \u00e0 cultura \u00e9 essencial para o desenvolvimento humano e social. O Concerto na Quebrada proporciona:<\/p>\n<ul>\n<li><strong>Oportunidades de Conhecimento:<\/strong> Os participantes t\u00eam acesso a diversas express\u00f5es art\u00edsticas.<\/li>\n<li><strong>Fortalecimento da Comunidade:<\/strong> O evento re\u00fane pessoas de diferentes origens em um espa\u00e7o de conviv\u00eancia.<\/li>\n<li><strong>Promo\u00e7\u00e3o da Identidade:<\/strong> Incentiva a valoriza\u00e7\u00e3o da cultura local.<\/li>\n<\/ul>\n<h2>Quem S\u00e3o os Anjos da Noite MC?<\/h2>\n<p>Os <strong>Anjos da Noite MC<\/strong> s\u00e3o um grupo de artistas e produtores culturais que atuam diretamente na organiza\u00e7\u00e3o do Concerto na Quebrada. Eles t\u00eam como miss\u00e3o promover a cultura e dar voz aos artistas da periferia. Seu trabalho tem contribu\u00eddo significativamente para a valoriza\u00e7\u00e3o da arte urbana e para a inclus\u00e3o cultural.<\/p>\n<h2>Como Chegar ao CEU Cap\u00e3o Redondo<\/h2>\n<p>O <strong>CEU Cap\u00e3o Redondo<\/strong> est\u00e1 localizado na zona sul de S\u00e3o Paulo e \u00e9 facilmente acess\u00edvel por transporte p\u00fablico. Aqui est\u00e3o algumas op\u00e7\u00f5es de como chegar:<\/p>\n<ul>\n<li><strong>\u00d4nibus:<\/strong> Existem v\u00e1rias linhas que passam pela regi\u00e3o, facilitando o acesso ao CEU.<\/li>\n<li><strong>Metropolitano:<\/strong> A esta\u00e7\u00e3o mais pr\u00f3xima \u00e9 a <strong>Terminal Cap\u00e3o Redondo<\/strong>, que conecta com v\u00e1rias linhas de \u00f4nibus.<\/li>\n<li><strong>Carro:<\/strong> \u00c9 poss\u00edvel chegar de carro, utilizando as principais vias da zona sul, com op\u00e7\u00f5es de estacionamento nas proximidades.<\/li>\n<\/ul>\n<h2>Hist\u00f3ria do Festival Concerto na Quebrada<\/h2>\n<p>O Festival Concerto na Quebrada come\u00e7ou com a inten\u00e7\u00e3o de ser uma plataforma para artistas locais e um espa\u00e7o de celebra\u00e7\u00e3o da cultura perif\u00e9rica. Com o passar dos anos, o evento cresceu e passou a atrair um p\u00fablico mais amplo, sempre sem custo. A hist\u00f3ria do festival reflete a luta e a resist\u00eancia cultural da comunidade.<\/p>\n<h2>Expectativas para esta Edi\u00e7\u00e3o<\/h2>\n<p>Para esta edi\u00e7\u00e3o do Concerto na Quebrada, as expectativas s\u00e3o altas. Os organizadores planejam trazer uma programa\u00e7\u00e3o ainda mais rica, com shows de artistas renomados e v\u00e1rzea de atividades. Os participantes aguardam uma experi\u00eancia inesquec\u00edvel, repleta de m\u00fasica, arte e troca de saberes.<\/p>\n<h2>Impacto Cultural na Comunidade<\/h2>\n<p>O Concerto na Quebrada tem gerado um impacto significativo na comunidade ao redor do CEU Cap\u00e3o Redondo. Alguns dos impactos observados s\u00e3o:<\/p>\n<ul>\n<li><strong>Aumento da Visibilidade:<\/strong> Artistas locais ganham reconhecimento e espa\u00e7o.<\/li>\n<li><strong>Promo\u00e7\u00e3o da Cidadania:<\/strong> O evento incentiva a participa\u00e7\u00e3o comunit\u00e1ria e a cidadania ativa.<\/li>\n<li><strong>Desenvolvimento de Novos Talentos:<\/strong> O festival serve como vitrine para novos artistas.<\/li>\n<\/ul>\n<h2>Entrevista com os Organizadores<\/h2>\n<p>Conversamos com os organizadores do evento para entender melhor a proposta e a import\u00e2ncia do Concerto na Quebrada. Eles destacaram que o festival \u00e9 um projeto de amor \u00e0 cultura e \u00e0 comunidade: &#8220;Nosso objetivo \u00e9 criar um espa\u00e7o onde todos se sintam bem-vindos e representados.&#8221; Eles tamb\u00e9m mencionaram a import\u00e2ncia de parcerias com artistas e organiza\u00e7\u00f5es locais.<\/p>\n<h2>Pr\u00f3ximos Eventos na Regi\u00e3o<\/h2>\n<p>A regi\u00e3o do Cap\u00e3o Redondo \u00e9 palco de diversos eventos culturais durante todo o ano. Alguns dos pr\u00f3ximos eventos incluem:<\/p>\n<ul>\n<li><strong>Feira de Artesanato:<\/strong> Uma vez por m\u00eas no CAP\u00c3O.<\/li>\n<li><strong>Cineclube:<\/strong> Exibi\u00e7\u00f5es de filmes e document\u00e1rios sobre a cultura local.<\/li>\n<li><strong>Atividades para Juventude:<\/strong> Oficinas de musicaliza\u00e7\u00e3o e dan\u00e7a regularmente oferecidas no CEU.<\/li>\n<\/ul>\n<p>O Concerto na Quebrada, ao lado desses eventos, contribui para um calend\u00e1rio cultural vibrante, promovendo a arte e a cultura no cora\u00e7\u00e3o da periferia. Estar aberto para a comunidade \u00e9 o que faz desse evento uma verdadeira celebra\u00e7\u00e3o da vida e da express\u00e3o art\u00edstica.<\/p>\n\n<div style=\"font-size: 0px; height: 0px; line-height: 0px; margin: 0; padding: 0; clear: both;\"><\/div>","protected":false},"excerpt":{"rendered":"<p>Concerto na Quebrada promete show do grupo Anjos da Noite MC neste s\u00e1bado.<\/p>\n","protected":false},"author":1,"featured_media":2425,"comment_status":"open","ping_status":"closed","sticky":false,"template":"","format":"standard","meta":{"footnotes":""},"categories":[6],"tags":[],"class_list":["post-2426","post","type-post","status-publish","format-standard","has-post-thumbnail","hentry","category-noticias-no-capao-redondo","has_thumb"],"aioseo_notices":[],"_links":{"self":[{"href":"https:\/\/www.encontracapaoredondo.com.br\/sobre\/wp-json\/wp\/v2\/posts\/2426","targetHints":{"allow":["GET"]}}],"collection":[{"href":"https:\/\/www.encontracapaoredondo.com.br\/sobre\/wp-json\/wp\/v2\/posts"}],"about":[{"href":"https:\/\/www.encontracapaoredondo.com.br\/sobre\/wp-json\/wp\/v2\/types\/post"}],"author":[{"embeddable":true,"href":"https:\/\/www.encontracapaoredondo.com.br\/sobre\/wp-json\/wp\/v2\/users\/1"}],"replies":[{"embeddable":true,"href":"https:\/\/www.encontracapaoredondo.com.br\/sobre\/wp-json\/wp\/v2\/comments?post=2426"}],"version-history":[{"count":0,"href":"https:\/\/www.encontracapaoredondo.com.br\/sobre\/wp-json\/wp\/v2\/posts\/2426\/revisions"}],"wp:featuredmedia":[{"embeddable":true,"href":"https:\/\/www.encontracapaoredondo.com.br\/sobre\/wp-json\/wp\/v2\/media\/2425"}],"wp:attachment":[{"href":"https:\/\/www.encontracapaoredondo.com.br\/sobre\/wp-json\/wp\/v2\/media?parent=2426"}],"wp:term":[{"taxonomy":"category","embeddable":true,"href":"https:\/\/www.encontracapaoredondo.com.br\/sobre\/wp-json\/wp\/v2\/categories?post=2426"},{"taxonomy":"post_tag","embeddable":true,"href":"https:\/\/www.encontracapaoredondo.com.br\/sobre\/wp-json\/wp\/v2\/tags?post=2426"}],"curies":[{"name":"wp","href":"https:\/\/api.w.org\/{rel}","templated":true}]}}