{"id":2422,"date":"2025-11-03T12:59:00","date_gmt":"2025-11-03T15:59:00","guid":{"rendered":"https:\/\/www.encontracapaoredondo.com.br\/sobre\/festival-concerto-na-quebrada-leva-musica-classica-e-rap-ao-ceu-capao-redondo-neste-sabado-18\/"},"modified":"2025-11-03T12:59:00","modified_gmt":"2025-11-03T15:59:00","slug":"festival-concerto-na-quebrada-leva-musica-classica-e-rap-ao-ceu-capao-redondo-neste-sabado-18","status":"publish","type":"post","link":"https:\/\/www.encontracapaoredondo.com.br\/sobre\/festival-concerto-na-quebrada-leva-musica-classica-e-rap-ao-ceu-capao-redondo-neste-sabado-18\/","title":{"rendered":"Festival Concerto na Quebrada leva m\u00fasica cl\u00e1ssica e rap ao CEU Cap\u00e3o Redondo neste s\u00e1bado (18)"},"content":{"rendered":"<div class=\"8fb9da09c1a584b185d8cf81e63b5046\" data-index=\"1\" style=\"float: none; margin:0px;\">\n<!-- Anuncio display - global -->\r\n<ins class=\"adsbygoogle\"\r\n     style=\"display:block\"\r\n     data-ad-client=\"ca-pub-8585364105181520\"\r\n     data-ad-slot=\"8789329856\"\r\n     data-ad-format=\"auto\"\r\n     data-full-width-responsive=\"true\"><\/ins>\r\n<script>\r\n     (adsbygoogle = window.adsbygoogle || []).push({});\r\n<\/script>\n<\/div>\n<h2>O que \u00e9 o Festival Concerto na Quebrada?<\/h2>\n<p>O <strong>Festival Concerto na Quebrada<\/strong> \u00e9 um evento cultural que promove a uni\u00e3o de diferentes estilos musicais, especialmente a <em>m\u00fasica cl\u00e1ssica<\/em> e o <em>rap<\/em>. Este festival busca democratizar o acesso \u00e0 m\u00fasica e proporcionar experi\u00eancias ricas e diversificadas para a comunidade. Atrav\u00e9s de apresenta\u00e7\u00f5es de artistas renomados e emergentes, o evento destaca a import\u00e2ncia da cultura nas periferias, proporcionando um espa\u00e7o de reflex\u00e3o e celebra\u00e7\u00e3o.<\/p>\n<h2>Quando e onde acontece o evento?<\/h2>\n<p>O festival ocorre anualmente no <strong>CEU Cap\u00e3o Redondo<\/strong>, um centro educacional localizado na zona sul de S\u00e3o Paulo. Neste ano, o evento est\u00e1 agendado para <strong>10 de dezembro<\/strong>, a partir das <strong>14h<\/strong>. O CEU Cap\u00e3o Redondo \u00e9 um espa\u00e7o acess\u00edvel e bem estruturado, ideal para receber a diversidade de p\u00fablico que o festival atrai.<\/p>\n<h2>Atra\u00e7\u00f5es do Festival: Uma Mistura Cultural<\/h2>\n<p>O <strong>Festival Concerto na Quebrada<\/strong> conta com uma programa\u00e7\u00e3o variada que inclui:<\/p>\n<ul>\n<li><strong>Apresenta\u00e7\u00f5es de Orquestras Sinf\u00f4nicas:<\/strong> Repert\u00f3rios cl\u00e1ssicos que encantam todas as idades.<\/li>\n<li><strong>Performances de Rap:<\/strong> MCs locais e convidados que trazem suas rimas e batidas ao p\u00fablico.<\/li>\n<li><strong>Workshops de M\u00fasica:<\/strong> Atividades interativas voltadas para o aprendizado e troca de experi\u00eancias.<\/li>\n<li><strong>Feira de Artesanato:<\/strong> Expositores locais que oferecem produtos artesanais e gastronomia t\u00edpica.<\/li>\n<\/ul>\n<p>Toda essa variedade busca promover a inclus\u00e3o e o interc\u00e2mbio cultural, tornando o festival uma experi\u00eancia enriquecedora.<\/p>\n<h2>Conhe\u00e7a o grupo Anjos da Noite MC<\/h2>\n<p>Um dos destaques do festival \u00e9 o grupo <strong>Anjos da Noite MC<\/strong>. Formado por jovens do Cap\u00e3o Redondo, o grupo mistura elementos do rap com influ\u00eancias da m\u00fasica cl\u00e1ssica, criando um estilo \u00fanico e inovador. Seu repert\u00f3rio aborda temas como:<\/p>\n<ul>\n<li><strong>Autenticidade:<\/strong> M\u00fasicas que exaltam as hist\u00f3rias de vida na quebrada.<\/li>\n<li><strong>Resist\u00eancia:<\/strong> Letras que falam sobre desafios e supera\u00e7\u00f5es enfrentados pela comunidade.<\/li>\n<li><strong>Cidadania:<\/strong> Reflex\u00f5es sobre direitos e deveres em um contexto social cr\u00edtico.<\/li>\n<\/ul>\n<p>A presen\u00e7a do grupo no festival reflete o objetivo de dar voz e visibilidade aos artistas da quebrada.<\/p>\n<h2>Import\u00e2ncia da m\u00fasica cl\u00e1ssica e rap juntos<\/h2>\n<p>A fus\u00e3o da <strong>m\u00fasica cl\u00e1ssica<\/strong> com o <strong>rap<\/strong> no Festival Concerto na Quebrada tem v\u00e1rias signific\u00e2ncias:<\/p>\n<ul>\n<li><strong>Quebra de Estigmas:<\/strong> O evento ajuda a desmistificar a ideia de que a m\u00fasica cl\u00e1ssica \u00e9 elitista e distante.<\/li>\n<li><strong>Educa\u00e7\u00e3o Musical:<\/strong> Promove a aprecia\u00e7\u00e3o da m\u00fasica cl\u00e1ssica entre jovens que talvez n\u00e3o tenham acesso a essa experi\u00eancia.<\/li>\n<li><strong>Di\u00e1logo Entre G\u00eaneros:<\/strong> A intera\u00e7\u00e3o entre g\u00eaneros musicais diferentes enriquece o cen\u00e1rio cultural.<\/li>\n<\/ul>\n<p>Essa uni\u00e3o promove novas formas de express\u00e3o e cria um ambiente prop\u00edcio para a troca cultural.<\/p>\n<h2>Acesso gratuito: Como participar<\/h2>\n<p>A participa\u00e7\u00e3o no Festival Concerto na Quebrada \u00e9 totalmente <strong>gratuita<\/strong>. Para aproveitar o evento, basta comparecer ao <strong>CEU Cap\u00e3o Redondo<\/strong> no dia do festival. N\u00e3o \u00e9 necess\u00e1rio realizar inscri\u00e7\u00e3o pr\u00e9via. Isso garante que todos, independentemente de condi\u00e7\u00e3o socioecon\u00f4mica, possam desfrutar da rica programa\u00e7\u00e3o oferecida.<\/p>\n<h2>Expectativas para o festival deste ano<\/h2>\n<p>As expectativas s\u00e3o altas para o <strong>Festival Concerto na Quebrada<\/strong> deste ano. Com uma programa\u00e7\u00e3o diversificada e a participa\u00e7\u00e3o de artistas renomados, espera-se um p\u00fablico ainda maior e mais engajado. Al\u00e9m disso, a intera\u00e7\u00e3o com o p\u00fablico ser\u00e1 incrementada, com mais oficinas e atividades interativas que promovem a inclus\u00e3o e o aprendizado.<\/p>\n<h2>Impacto na comunidade do Cap\u00e3o Redondo<\/h2>\n<p>O <strong>Festival Concerto na Quebrada<\/strong> n\u00e3o \u00e9 apenas um evento de entretenimento; ele atua como um catalisador de mudan\u00e7as sociais. Algumas das maneiras pelas quais o festival impacta a comunidade incluem:<\/p>\n<ul>\n<li><strong>Fomento \u00e0 Cultura Local:<\/strong> Valoriza e promove artistas da regi\u00e3o, incentivando a cria\u00e7\u00e3o cultural.<\/li>\n<li><strong>Gera\u00e7\u00e3o de Emprego:<\/strong> O evento oferece oportunidades de trabalho tempor\u00e1rio para moradores locais.<\/li>\n<li><strong>Fortalecimento de La\u00e7os Comunit\u00e1rios:<\/strong> Proporciona um espa\u00e7o de intera\u00e7\u00e3o e socializa\u00e7\u00e3o entre diferentes grupos do bairro.<\/li>\n<\/ul>\n<p>Essa a\u00e7\u00e3o contribui para a constru\u00e7\u00e3o de uma comunidade mais unida e coesa.<\/p>\n<h2>Programa\u00e7\u00e3o completa do festival<\/h2>\n<p>A programa\u00e7\u00e3o do Festival Concerto na Quebrada inclui:<\/p>\n<ul>\n<li><strong>14h &#8211; Abertura com Orquestra Sinf\u00f4nica:<\/strong> Apresenta\u00e7\u00e3o de cl\u00e1ssicos da m\u00fasica erudita.<\/li>\n<li><strong>16h &#8211; Apresenta\u00e7\u00e3o Anjos da Noite MC:<\/strong> Performance do grupo de rap local.<\/li>\n<li><strong>17h &#8211; Workshop de M\u00fasica:<\/strong> Aprendizado sobre rimas e batidas.<\/li>\n<li><strong>18h &#8211; Show com convidados especiais:<\/strong> Artistas de renome se juntam ao festival.<\/li>\n<li><strong>20h &#8211; Encerramento com DJ:<\/strong> Festa para celebrar a diversidade musical.<\/li>\n<\/ul>\n<p>Esta programa\u00e7\u00e3o \u00e9 projetada para garantir que todos tenham uma experi\u00eancia memor\u00e1vel.<\/p>\n<h2>Apoio e viabiliza\u00e7\u00e3o do evento<\/h2>\n<p>O <strong>Festival Concerto na Quebrada<\/strong> \u00e9 apoiado por v\u00e1rias institui\u00e7\u00f5es e organiza\u00e7\u00f5es que acreditam na import\u00e2ncia da cultura como ferramenta de transforma\u00e7\u00e3o social. Entre os apoiadores, est\u00e3o:<\/p>\n<ul>\n<li><strong>Institui\u00e7\u00f5es Educacionais:<\/strong> Que colaboram com divulga\u00e7\u00e3o e m\u00e3o de obra.<\/li>\n<li><strong>Empresas Locais:<\/strong> Que ajudam com patroc\u00ednios e infraestrutura.<\/li>\n<li><strong>Setor P\u00fablico:<\/strong> Com o apoio da prefeitura para a realiza\u00e7\u00e3o do evento.<\/li>\n<\/ul>\n<p>Esse conjunto de apoio \u00e9 essencial para a realiza\u00e7\u00e3o do festival e para seus objetivos de inclus\u00e3o e promo\u00e7\u00e3o cultural.<\/p>\n\n<div style=\"font-size: 0px; height: 0px; line-height: 0px; margin: 0; padding: 0; clear: both;\"><\/div>","protected":false},"excerpt":{"rendered":"<p>Descubra como o Festival Concerto na Quebrada une m\u00fasica cl\u00e1ssica e rap em um evento gratuito!<\/p>\n","protected":false},"author":1,"featured_media":2421,"comment_status":"open","ping_status":"closed","sticky":false,"template":"","format":"standard","meta":{"footnotes":""},"categories":[6],"tags":[],"class_list":["post-2422","post","type-post","status-publish","format-standard","has-post-thumbnail","hentry","category-noticias-no-capao-redondo","has_thumb"],"aioseo_notices":[],"_links":{"self":[{"href":"https:\/\/www.encontracapaoredondo.com.br\/sobre\/wp-json\/wp\/v2\/posts\/2422","targetHints":{"allow":["GET"]}}],"collection":[{"href":"https:\/\/www.encontracapaoredondo.com.br\/sobre\/wp-json\/wp\/v2\/posts"}],"about":[{"href":"https:\/\/www.encontracapaoredondo.com.br\/sobre\/wp-json\/wp\/v2\/types\/post"}],"author":[{"embeddable":true,"href":"https:\/\/www.encontracapaoredondo.com.br\/sobre\/wp-json\/wp\/v2\/users\/1"}],"replies":[{"embeddable":true,"href":"https:\/\/www.encontracapaoredondo.com.br\/sobre\/wp-json\/wp\/v2\/comments?post=2422"}],"version-history":[{"count":0,"href":"https:\/\/www.encontracapaoredondo.com.br\/sobre\/wp-json\/wp\/v2\/posts\/2422\/revisions"}],"wp:featuredmedia":[{"embeddable":true,"href":"https:\/\/www.encontracapaoredondo.com.br\/sobre\/wp-json\/wp\/v2\/media\/2421"}],"wp:attachment":[{"href":"https:\/\/www.encontracapaoredondo.com.br\/sobre\/wp-json\/wp\/v2\/media?parent=2422"}],"wp:term":[{"taxonomy":"category","embeddable":true,"href":"https:\/\/www.encontracapaoredondo.com.br\/sobre\/wp-json\/wp\/v2\/categories?post=2422"},{"taxonomy":"post_tag","embeddable":true,"href":"https:\/\/www.encontracapaoredondo.com.br\/sobre\/wp-json\/wp\/v2\/tags?post=2422"}],"curies":[{"name":"wp","href":"https:\/\/api.w.org\/{rel}","templated":true}]}}