{"id":2420,"date":"2025-11-03T06:06:00","date_gmt":"2025-11-03T09:06:00","guid":{"rendered":"https:\/\/www.encontracapaoredondo.com.br\/sobre\/capao-redondo-tem-menos-areas-verdes-que-a-media-dos-distritos-de-sp\/"},"modified":"2025-11-03T06:06:00","modified_gmt":"2025-11-03T09:06:00","slug":"capao-redondo-tem-menos-areas-verdes-que-a-media-dos-distritos-de-sp","status":"publish","type":"post","link":"https:\/\/www.encontracapaoredondo.com.br\/sobre\/capao-redondo-tem-menos-areas-verdes-que-a-media-dos-distritos-de-sp\/","title":{"rendered":"Cap\u00e3o Redondo tem menos \u00e1reas verdes que a m\u00e9dia dos distritos de SP"},"content":{"rendered":"<div class=\"8fb9da09c1a584b185d8cf81e63b5046\" data-index=\"1\" style=\"float: none; margin:0px;\">\n<!-- Anuncio display - global -->\r\n<ins class=\"adsbygoogle\"\r\n     style=\"display:block\"\r\n     data-ad-client=\"ca-pub-8585364105181520\"\r\n     data-ad-slot=\"8789329856\"\r\n     data-ad-format=\"auto\"\r\n     data-full-width-responsive=\"true\"><\/ins>\r\n<script>\r\n     (adsbygoogle = window.adsbygoogle || []).push({});\r\n<\/script>\n<\/div>\n<h2>Defini\u00e7\u00e3o do Cap\u00e3o Redondo e Sua Import\u00e2ncia<\/h2>\n<p>Cap\u00e3o Redondo \u00e9 um bairro localizado na <strong>zona sul de S\u00e3o Paulo<\/strong>, conhecido por sua grande densidade populacional e por ser considerado uma das \u00e1reas mais carentes da cidade. O bairro \u00e9 um <em>polo importante<\/em> em termos de com\u00e9rcio e servi\u00e7os, mas tamb\u00e9m enfrenta enormes desafios relacionados \u00e0 infraestrutura urbana.<\/p>\n<p>A import\u00e2ncia do Cap\u00e3o Redondo vai al\u00e9m de seu papel econ\u00f4mico. Ele \u00e9 um microcosmo da desigualdade que existe em S\u00e3o Paulo, refletindo quest\u00f5es sociais complexas e a necessidade urgente de <strong>investimentos em \u00e1reas verdes<\/strong>.<\/p>\n<h2>Impactos da Falta de \u00c1reas Verdes<\/h2>\n<p>A falta de \u00e1reas verdes no Cap\u00e3o Redondo traz diversos impactos negativos para a comunidade:<\/p>\n<ul>\n<li><strong>Piora da Qualidade do Ar:<\/strong> Sem vegeta\u00e7\u00e3o, a polui\u00e7\u00e3o do ar aumenta, prejudicando a sa\u00fade dos moradores.<\/li>\n<li><strong>Calor Excessivo:<\/strong> A aus\u00eancia de sombras e \u00e1reas frescas contribui para o aumento da sensa\u00e7\u00e3o t\u00e9rmica.<\/li>\n<li><strong>Altera\u00e7\u00f5es Psicol\u00f3gicas:<\/strong> A falta de contato com a natureza pode aumentar o estresse e a ansiedade entre os moradores.<\/li>\n<li><strong>Seguran\u00e7a:<\/strong> Espa\u00e7os verdes bem cuidados podem ajudar a reduzir a criminalidade ao aumentar a presen\u00e7a de pessoas nas ruas.<\/li>\n<\/ul>\n<h2>An\u00e1lise do Mapa da Desigualdade em SP<\/h2>\n<p>O <strong>Mapa da Desigualdade<\/strong> de S\u00e3o Paulo \u00e9 uma ferramenta poderosa que evidencia as disparidades urbanas. O Cap\u00e3o Redondo aparece como uma das \u00e1reas com menor cobertura de \u00e1reas verdes quando comparado ao eixo central da cidade. Essa an\u00e1lise mostra que a desigualdade n\u00e3o est\u00e1 apenas nas condi\u00e7\u00f5es econ\u00f4micas, mas tamb\u00e9m no acesso a espa\u00e7os que promovem qualidade de vida.<\/p>\n<p>Os dados mostram que bairros mais privilegiados t\u00eam at\u00e9 <strong>5 vezes mais \u00e1reas verdes<\/strong> dispon\u00edveis por habitante do que o Cap\u00e3o Redondo. Essa diferen\u00e7a \u00e9 crucial para entender as necessidades da popula\u00e7\u00e3o local.<\/p>\n<h2>Comparativo de \u00c1reas Verdes entre Distritos<\/h2>\n<p>Ao comparar o Cap\u00e3o Redondo com outros distritos de S\u00e3o Paulo, fica evidente a disparidade:<\/p>\n<ul>\n<li><strong>Jardins:<\/strong> Com aproximadamente 25 m\u00b2 de \u00e1reas verdes por habitante.<\/li>\n<li><strong>Pinheiros:<\/strong> Cerca de 20 m\u00b2 por habitante.<\/li>\n<li><strong>Cap\u00e3o Redondo:<\/strong> Apenas 2 m\u00b2 por habitante, uma das menores taxas da capital.<\/li>\n<\/ul>\n<p>Esse comparativo ressalta a urg\u00eancia de pol\u00edticas p\u00fablicas que priorizem a cria\u00e7\u00e3o e manuten\u00e7\u00e3o de \u00e1reas verdes no Cap\u00e3o Redondo.<\/p>\n<h2>Benef\u00edcios das \u00c1reas Verdes para Comunidades<\/h2>\n<p>A presen\u00e7a de \u00e1reas verdes traz benef\u00edcios significativos para as comunidades:<\/p>\n<ul>\n<li><strong>Melhoria da Sa\u00fade:<\/strong> As \u00e1reas verdes promovem atividade f\u00edsica e reduzem doen\u00e7as respirat\u00f3rias.<\/li>\n<li><strong>Aumento da Qualidade de Vida:<\/strong> Proporcionam espa\u00e7os para o lazer e o relaxamento.<\/li>\n<li><strong>Valoriza\u00e7\u00e3o dos Im\u00f3veis:<\/strong> Proximidade a parques e \u00e1reas verdes pode aumentar o valor dos im\u00f3veis.<\/li>\n<li><strong>Cohes\u00e3o Social:<\/strong> Criam espa\u00e7os de conviv\u00eancia que ajudam a fortalecer la\u00e7os comunit\u00e1rios.<\/li>\n<\/ul>\n<h2>O Papel do Parque Santo Dias<\/h2>\n<p>O <strong>Parque Santo Dias<\/strong> \u00e9 um dos poucos espa\u00e7os verdes existentes no Cap\u00e3o Redondo e desempenha um papel crucial para a comunidade:<\/p>\n<ul>\n<li><strong>Lazer e Recrea\u00e7\u00e3o:<\/strong> Oferece atividades ao ar livre e \u00e9 um ponto de encontro para as fam\u00edlias.<\/li>\n<li><strong>Educa\u00e7\u00e3o Ambiental:<\/strong> Promove programas educativos sobre a import\u00e2ncia da preserva\u00e7\u00e3o ambiental.<\/li>\n<li><strong>Proje\u00e7\u00e3o Comunit\u00e1ria:<\/strong> Serve como um s\u00edmbolo da luta por mais \u00e1reas verdes na regi\u00e3o.<\/li>\n<\/ul>\n<h2>Estrat\u00e9gias para Aumentar a Cobertura Vegetal<\/h2>\n<p>Para aumentar a cobertura vegetal no Cap\u00e3o Redondo, algumas estrat\u00e9gias podem ser implementadas:<\/p>\n<ul>\n<li><strong>Cria\u00e7\u00e3o de Pequenos Parques:<\/strong> Incentivar a transforma\u00e7\u00e3o de terrenos baldios em \u00e1reas verdes.<\/li>\n<li><strong>Jardinagem Comunit\u00e1ria:<\/strong> Envolver a comunidade na planta\u00e7\u00e3o e manuten\u00e7\u00e3o de jardins.<\/li>\n<li><strong>Parcerias P\u00fablicos-Privadas:<\/strong> Trabalhar junto com empresas locais para financiar \u00e1reas verdes.<\/li>\n<li><strong>Educa\u00e7\u00e3o e Conscientiza\u00e7\u00e3o:<\/strong> Informar a popula\u00e7\u00e3o sobre os benef\u00edcios das \u00e1reas verdes.<\/li>\n<\/ul>\n<h2>Movimentos Sociais em Defesa das \u00c1reas Verdes<\/h2>\n<p>V\u00e1rios movimentos sociais atuam no Cap\u00e3o Redondo visando a preserva\u00e7\u00e3o e cria\u00e7\u00e3o de \u00e1reas verdes:<\/p>\n<ul>\n<li><strong>Grupo de Defesa do Parque Santo Dias:<\/strong> Luta pela manuten\u00e7\u00e3o e expans\u00e3o do parque.<\/li>\n<li><strong>Ativistas Ambientais:<\/strong> Promovem campanhas para aumentar a conscientiza\u00e7\u00e3o sobre a import\u00e2ncia das \u00e1reas verdes.<\/li>\n<li><strong>Coletivos de Moradores:<\/strong> Mobilizam a comunidade para reivindicar melhores condi\u00e7\u00f5es de vida.<\/li>\n<\/ul>\n<h2>A\u00e7\u00e3o do Poder P\u00fablico e Cobran\u00e7as dos Moradores<\/h2>\n<p>O papel do <strong>poder p\u00fablico<\/strong> \u00e9 fundamental na cria\u00e7\u00e3o e conserva\u00e7\u00e3o de \u00e1reas verdes:<\/p>\n<ul>\n<li><strong>Fiscaliza\u00e7\u00e3o:<\/strong> Garantir que os espa\u00e7os verdes existentes sejam preservados.<\/li>\n<li><strong>Novos Projetos:<\/strong> Planejar a constru\u00e7\u00e3o de novas \u00e1reas verdes.<\/li>\n<li><strong>Incentivos:<\/strong> Oferecer incentivos para que a iniciativa privada contribua com \u00e1reas verdes.<\/li>\n<\/ul>\n<p>Al\u00e9m disso, os moradores do Cap\u00e3o Redondo t\u00eam se mobilizado para cobrar a\u00e7\u00f5es efetivas da prefeitura, utilizando redes sociais e protestos.<\/p>\n<h2>Futuro das \u00c1reas Verdes no Cap\u00e3o Redondo<\/h2>\n<p>O futuro das \u00e1reas verdes no Cap\u00e3o Redondo est\u00e1 intimamente ligado \u00e0s a\u00e7\u00f5es coletivas e pol\u00edticas p\u00fablicas:<\/p>\n<ul>\n<li><strong>Planos de Urbaniza\u00e7\u00e3o:<\/strong> Demandam aten\u00e7\u00e3o para incluir espa\u00e7os verdes.<\/li>\n<li><strong>Engajamento da Comunidade:<\/strong> O envolvimento dos moradores \u00e9 vital para a preserva\u00e7\u00e3o e cria\u00e7\u00e3o de novas \u00e1reas.<\/li>\n<li><strong>Sustentabilidade:<\/strong> Promover pr\u00e1ticas de jardinagem sustent\u00e1vel e manuten\u00e7\u00e3o das \u00e1reas verdes.<\/li>\n<\/ul>\n<p>Somente com um esfor\u00e7o conjunto entre poder p\u00fablico, sociedade civil e moradores, o Cap\u00e3o Redondo poder\u00e1 ter um futuro mais verde e saud\u00e1vel.<\/p>\n\n<div style=\"font-size: 0px; height: 0px; line-height: 0px; margin: 0; padding: 0; clear: both;\"><\/div>","protected":false},"excerpt":{"rendered":"<p>Cap\u00e3o Redondo possui menos \u00e1reas verdes do que a m\u00e9dia dos distritos de SP; entenda como isso afeta a qualidade de vida.<\/p>\n","protected":false},"author":1,"featured_media":2419,"comment_status":"open","ping_status":"closed","sticky":false,"template":"","format":"standard","meta":{"footnotes":""},"categories":[6],"tags":[],"class_list":["post-2420","post","type-post","status-publish","format-standard","has-post-thumbnail","hentry","category-noticias-no-capao-redondo","has_thumb"],"aioseo_notices":[],"_links":{"self":[{"href":"https:\/\/www.encontracapaoredondo.com.br\/sobre\/wp-json\/wp\/v2\/posts\/2420","targetHints":{"allow":["GET"]}}],"collection":[{"href":"https:\/\/www.encontracapaoredondo.com.br\/sobre\/wp-json\/wp\/v2\/posts"}],"about":[{"href":"https:\/\/www.encontracapaoredondo.com.br\/sobre\/wp-json\/wp\/v2\/types\/post"}],"author":[{"embeddable":true,"href":"https:\/\/www.encontracapaoredondo.com.br\/sobre\/wp-json\/wp\/v2\/users\/1"}],"replies":[{"embeddable":true,"href":"https:\/\/www.encontracapaoredondo.com.br\/sobre\/wp-json\/wp\/v2\/comments?post=2420"}],"version-history":[{"count":0,"href":"https:\/\/www.encontracapaoredondo.com.br\/sobre\/wp-json\/wp\/v2\/posts\/2420\/revisions"}],"wp:featuredmedia":[{"embeddable":true,"href":"https:\/\/www.encontracapaoredondo.com.br\/sobre\/wp-json\/wp\/v2\/media\/2419"}],"wp:attachment":[{"href":"https:\/\/www.encontracapaoredondo.com.br\/sobre\/wp-json\/wp\/v2\/media?parent=2420"}],"wp:term":[{"taxonomy":"category","embeddable":true,"href":"https:\/\/www.encontracapaoredondo.com.br\/sobre\/wp-json\/wp\/v2\/categories?post=2420"},{"taxonomy":"post_tag","embeddable":true,"href":"https:\/\/www.encontracapaoredondo.com.br\/sobre\/wp-json\/wp\/v2\/tags?post=2420"}],"curies":[{"name":"wp","href":"https:\/\/api.w.org\/{rel}","templated":true}]}}