{"id":241,"date":"2011-07-18T01:49:06","date_gmt":"2011-07-18T01:49:06","guid":{"rendered":"http:\/\/www.encontracapaoredondo.com.br\/noticias\/?p=241"},"modified":"2019-04-29T16:29:40","modified_gmt":"2019-04-29T19:29:40","slug":"jovem-e-morto-no-capao-redondo","status":"publish","type":"post","link":"https:\/\/www.encontracapaoredondo.com.br\/sobre\/jovem-e-morto-no-capao-redondo\/","title":{"rendered":"Jovem \u00e9 morto no Cap\u00e3o Redondo"},"content":{"rendered":"<div class=\"8fb9da09c1a584b185d8cf81e63b5046\" data-index=\"1\" style=\"float: none; margin:0px;\">\n<!-- Anuncio display - global -->\r\n<ins class=\"adsbygoogle\"\r\n     style=\"display:block\"\r\n     data-ad-client=\"ca-pub-8585364105181520\"\r\n     data-ad-slot=\"8789329856\"\r\n     data-ad-format=\"auto\"\r\n     data-full-width-responsive=\"true\"><\/ins>\r\n<script>\r\n     (adsbygoogle = window.adsbygoogle || []).push({});\r\n<\/script>\n<\/div>\n<p>Um\u00a0jovem foi assassinado dentro de um carro vermelho no guia do bairro Cap\u00e3o Redondo,  zona sul de SP, por volta das 18h40 deste s\u00e1bado (16). Ainda n\u00e3o  h\u00e1 detalhes sobre o motivo da execu\u00e7\u00e3o.<\/p>\n<p>Uma testemunha, que disse conhecer a v\u00edtima &#8220;apenas de vista&#8221;,\u00a0disse que  o rapaz recebeu v\u00e1rios tiros. Segundo ela, a fam\u00edlia do jovem  morto\u00a0mora em um condom\u00ednio na rua em que houve o homic\u00eddio.<\/p>\n<p><em>Fonte: R7<\/em><\/p>\n\n<div style=\"font-size: 0px; height: 0px; line-height: 0px; margin: 0; padding: 0; clear: both;\"><\/div>","protected":false},"excerpt":{"rendered":"<p>Um\u00a0jovem foi assassinado dentro de um carro vermelho no guia do bairro Cap\u00e3o Redondo, zona sul de SP, por volta das 18h40 deste s\u00e1bado (16). Ainda n\u00e3o h\u00e1 detalhes sobre o motivo da execu\u00e7\u00e3o. Uma testemunha, que disse conhecer a v\u00edtima &#8220;apenas de vista&#8221;,\u00a0disse que o rapaz recebeu v\u00e1rios tiros. Segundo ela, a fam\u00edlia do jovem morto\u00a0mora em um condom\u00ednio na rua em que houve o homic\u00eddio. Fonte: R7<\/p>\n","protected":false},"author":1,"featured_media":0,"comment_status":"open","ping_status":"closed","sticky":false,"template":"","format":"standard","meta":{"footnotes":""},"categories":[6],"tags":[],"class_list":["post-241","post","type-post","status-publish","format-standard","hentry","category-noticias-no-capao-redondo"],"aioseo_notices":[],"_links":{"self":[{"href":"https:\/\/www.encontracapaoredondo.com.br\/sobre\/wp-json\/wp\/v2\/posts\/241","targetHints":{"allow":["GET"]}}],"collection":[{"href":"https:\/\/www.encontracapaoredondo.com.br\/sobre\/wp-json\/wp\/v2\/posts"}],"about":[{"href":"https:\/\/www.encontracapaoredondo.com.br\/sobre\/wp-json\/wp\/v2\/types\/post"}],"author":[{"embeddable":true,"href":"https:\/\/www.encontracapaoredondo.com.br\/sobre\/wp-json\/wp\/v2\/users\/1"}],"replies":[{"embeddable":true,"href":"https:\/\/www.encontracapaoredondo.com.br\/sobre\/wp-json\/wp\/v2\/comments?post=241"}],"version-history":[{"count":0,"href":"https:\/\/www.encontracapaoredondo.com.br\/sobre\/wp-json\/wp\/v2\/posts\/241\/revisions"}],"wp:attachment":[{"href":"https:\/\/www.encontracapaoredondo.com.br\/sobre\/wp-json\/wp\/v2\/media?parent=241"}],"wp:term":[{"taxonomy":"category","embeddable":true,"href":"https:\/\/www.encontracapaoredondo.com.br\/sobre\/wp-json\/wp\/v2\/categories?post=241"},{"taxonomy":"post_tag","embeddable":true,"href":"https:\/\/www.encontracapaoredondo.com.br\/sobre\/wp-json\/wp\/v2\/tags?post=241"}],"curies":[{"name":"wp","href":"https:\/\/api.w.org\/{rel}","templated":true}]}}