{"id":235,"date":"2011-07-11T17:26:55","date_gmt":"2011-07-11T17:26:55","guid":{"rendered":"http:\/\/www.encontracapaoredondo.com.br\/noticias\/?p=235"},"modified":"2019-04-29T16:29:40","modified_gmt":"2019-04-29T19:29:40","slug":"greve-da-emtu-pode-atingir-bairro-do-capao-redondo","status":"publish","type":"post","link":"https:\/\/www.encontracapaoredondo.com.br\/sobre\/greve-da-emtu-pode-atingir-bairro-do-capao-redondo\/","title":{"rendered":"Greve da EMTU pode atingir bairro do Cap\u00e3o Redondo"},"content":{"rendered":"<div class=\"8fb9da09c1a584b185d8cf81e63b5046\" data-index=\"1\" style=\"float: none; margin:0px;\">\n<!-- Anuncio display - global -->\r\n<ins class=\"adsbygoogle\"\r\n     style=\"display:block\"\r\n     data-ad-client=\"ca-pub-8585364105181520\"\r\n     data-ad-slot=\"8789329856\"\r\n     data-ad-format=\"auto\"\r\n     data-full-width-responsive=\"true\"><\/ins>\r\n<script>\r\n     (adsbygoogle = window.adsbygoogle || []).push({});\r\n<\/script>\n<\/div>\n<p>A EMTU (Empresa Metropolitana de Transportes Urbanos), o sindicato e a   Empresa Cidade Verde se reuniram na manh\u00e3 desta segunda-feira (11)  para  tentar por fim \u00e0 greve de motoristas e cobradores de \u00f4nibus que  come\u00e7ou  \u00e0s 3h15 desta segunda em Embu-Gua\u00e7u, na Grande S\u00e3o Paulo. A  reuni\u00e3o  teve in\u00edcio \u00e0s 10h15 e, at\u00e9 por volta das 11h30, ainda n\u00e3o  havia  terminado.<\/p>\n<p>Pelo menos 50 mil pessoas foram afetadas pela greve, que foi motivada   pelo atraso no pagamento dos funcion\u00e1rios e tamb\u00e9m pela falta de   dep\u00f3sito do FGTS (Fundo de Garantia de Tempo de Servi\u00e7o).<\/p>\n<p>De acordo com a EMTU, o transporte da popula\u00e7\u00e3o est\u00e1 sendo feito por   outra empresa, a Via\u00e7\u00e3o Miracatiba, que atua tamb\u00e9m em Itapecerica da   Serra. Por enquanto, n\u00e3o foram colocados \u00f4nibus extras para circular,   pois a empresa aguarda o fim da reuni\u00e3o, assim como a prefeitura do   munic\u00edpio.<\/p>\n<p>A empresa opera com oito linhas, que abrange a cidade de Embu-Gua\u00e7u,   Itapecerica da Serra, Cotia, Tabo\u00e3o da Serra e algumas regi\u00f5es da zona   sul, como Parelheiros, Jardim \u00c2ngela, Graja\u00fa.<\/p>\n<p><strong>Outra empresa<br \/>\n<\/strong><br \/>\nJ\u00e1 na empresa Miracatiba, localizada na estrada Jo\u00e3o Rodrigues De   Moraes, no bairro de Olaria, em Itapecerica da Serra, na Grande S\u00e3o   Paulo, que opera com mais de 1.000 funcion\u00e1rios e 41 linhas nas regi\u00f5es   de Itapecerica da Serra, Embu das Artes, Embu-Gua\u00e7u, Cotia, Tabo\u00e3o da  Serra, Jardim das Oliveiras e na regi\u00e3o do Jabaquara e Cap\u00e3o Redondo, na  zona sul, houve um princ\u00edpio de tumulto, mas a  empresa n\u00e3o aderiu \u00e0  greve e todos os ve\u00edculos sa\u00edram da garagem.<\/p>\n<p>A empresa Miracatiba opera com cerca de 290 \u00f4nibus para atender as regi\u00f5es acima citadas e atende pelo menos 150 mil pessoas.<\/p>\n<p><em>Fonte: R7<\/em><\/p>\n\n<div style=\"font-size: 0px; height: 0px; line-height: 0px; margin: 0; padding: 0; clear: both;\"><\/div>","protected":false},"excerpt":{"rendered":"<p>A EMTU (Empresa Metropolitana de Transportes Urbanos), o sindicato e a Empresa Cidade Verde se reuniram na manh\u00e3 desta segunda-feira (11) para tentar por fim \u00e0 greve de motoristas e cobradores de \u00f4nibus que come\u00e7ou \u00e0s 3h15 desta segunda em Embu-Gua\u00e7u, na Grande S\u00e3o Paulo. A reuni\u00e3o teve in\u00edcio \u00e0s 10h15 e, at\u00e9 por volta das 11h30, ainda n\u00e3o havia terminado. Pelo menos 50 mil pessoas foram afetadas pela greve, que foi motivada pelo atraso no pagamento dos funcion\u00e1rios e tamb\u00e9m pela falta de dep\u00f3sito do FGTS (Fundo de Garantia de Tempo de Servi\u00e7o). De acordo com a EMTU, o <\/p>\n","protected":false},"author":1,"featured_media":0,"comment_status":"open","ping_status":"closed","sticky":false,"template":"","format":"standard","meta":{"footnotes":""},"categories":[6],"tags":[],"class_list":["post-235","post","type-post","status-publish","format-standard","hentry","category-noticias-no-capao-redondo"],"aioseo_notices":[],"_links":{"self":[{"href":"https:\/\/www.encontracapaoredondo.com.br\/sobre\/wp-json\/wp\/v2\/posts\/235","targetHints":{"allow":["GET"]}}],"collection":[{"href":"https:\/\/www.encontracapaoredondo.com.br\/sobre\/wp-json\/wp\/v2\/posts"}],"about":[{"href":"https:\/\/www.encontracapaoredondo.com.br\/sobre\/wp-json\/wp\/v2\/types\/post"}],"author":[{"embeddable":true,"href":"https:\/\/www.encontracapaoredondo.com.br\/sobre\/wp-json\/wp\/v2\/users\/1"}],"replies":[{"embeddable":true,"href":"https:\/\/www.encontracapaoredondo.com.br\/sobre\/wp-json\/wp\/v2\/comments?post=235"}],"version-history":[{"count":0,"href":"https:\/\/www.encontracapaoredondo.com.br\/sobre\/wp-json\/wp\/v2\/posts\/235\/revisions"}],"wp:attachment":[{"href":"https:\/\/www.encontracapaoredondo.com.br\/sobre\/wp-json\/wp\/v2\/media?parent=235"}],"wp:term":[{"taxonomy":"category","embeddable":true,"href":"https:\/\/www.encontracapaoredondo.com.br\/sobre\/wp-json\/wp\/v2\/categories?post=235"},{"taxonomy":"post_tag","embeddable":true,"href":"https:\/\/www.encontracapaoredondo.com.br\/sobre\/wp-json\/wp\/v2\/tags?post=235"}],"curies":[{"name":"wp","href":"https:\/\/api.w.org\/{rel}","templated":true}]}}