{"id":233,"date":"2011-07-07T21:04:42","date_gmt":"2011-07-07T21:04:42","guid":{"rendered":"http:\/\/www.encontracapaoredondo.com.br\/noticias\/?p=233"},"modified":"2019-04-29T16:29:40","modified_gmt":"2019-04-29T19:29:40","slug":"incendio-atinge-ferro-velho-no-capao-redondo","status":"publish","type":"post","link":"https:\/\/www.encontracapaoredondo.com.br\/sobre\/incendio-atinge-ferro-velho-no-capao-redondo\/","title":{"rendered":"Inc\u00eandio atinge ferro-velho no Cap\u00e3o Redondo"},"content":{"rendered":"<div class=\"8fb9da09c1a584b185d8cf81e63b5046\" data-index=\"1\" style=\"float: none; margin:0px;\">\n<!-- Anuncio display - global -->\r\n<ins class=\"adsbygoogle\"\r\n     style=\"display:block\"\r\n     data-ad-client=\"ca-pub-8585364105181520\"\r\n     data-ad-slot=\"8789329856\"\r\n     data-ad-format=\"auto\"\r\n     data-full-width-responsive=\"true\"><\/ins>\r\n<script>\r\n     (adsbygoogle = window.adsbygoogle || []).push({});\r\n<\/script>\n<\/div>\n<p>Um inc\u00eandio atingiu um ferro-velho na rua Jo\u00e3o Andr\u00e9 Leyser, bairro do Cap\u00e3o  Redondo, zona sul de S\u00e3o Paulo, por volta das 3h15 desta quinta-feira  (7). N\u00e3o houve v\u00edtimas.<\/p>\n<p>O Corpo de Bombeiros conseguiu controlar totalmente o fogo, por volta das 5h30, com seis equipes da corpora\u00e7\u00e3o.<\/p>\n<p>As causas do inc\u00eandio ser\u00e3o investigadas ap\u00f3s a per\u00edcia no local, segundo os bombeiros.<\/p>\n<p><em>Fonte: R7<\/em><\/p>\n\n<div style=\"font-size: 0px; height: 0px; line-height: 0px; margin: 0; padding: 0; clear: both;\"><\/div>","protected":false},"excerpt":{"rendered":"<p>Um inc\u00eandio atingiu um ferro-velho na rua Jo\u00e3o Andr\u00e9 Leyser, bairro do Cap\u00e3o Redondo, zona sul de S\u00e3o Paulo, por volta das 3h15 desta quinta-feira (7). N\u00e3o houve v\u00edtimas. O Corpo de Bombeiros conseguiu controlar totalmente o fogo, por volta das 5h30, com seis equipes da corpora\u00e7\u00e3o. As causas do inc\u00eandio ser\u00e3o investigadas ap\u00f3s a per\u00edcia no local, segundo os bombeiros. Fonte: R7<\/p>\n","protected":false},"author":1,"featured_media":0,"comment_status":"open","ping_status":"closed","sticky":false,"template":"","format":"standard","meta":{"footnotes":""},"categories":[6],"tags":[],"class_list":["post-233","post","type-post","status-publish","format-standard","hentry","category-noticias-no-capao-redondo"],"aioseo_notices":[],"_links":{"self":[{"href":"https:\/\/www.encontracapaoredondo.com.br\/sobre\/wp-json\/wp\/v2\/posts\/233","targetHints":{"allow":["GET"]}}],"collection":[{"href":"https:\/\/www.encontracapaoredondo.com.br\/sobre\/wp-json\/wp\/v2\/posts"}],"about":[{"href":"https:\/\/www.encontracapaoredondo.com.br\/sobre\/wp-json\/wp\/v2\/types\/post"}],"author":[{"embeddable":true,"href":"https:\/\/www.encontracapaoredondo.com.br\/sobre\/wp-json\/wp\/v2\/users\/1"}],"replies":[{"embeddable":true,"href":"https:\/\/www.encontracapaoredondo.com.br\/sobre\/wp-json\/wp\/v2\/comments?post=233"}],"version-history":[{"count":0,"href":"https:\/\/www.encontracapaoredondo.com.br\/sobre\/wp-json\/wp\/v2\/posts\/233\/revisions"}],"wp:attachment":[{"href":"https:\/\/www.encontracapaoredondo.com.br\/sobre\/wp-json\/wp\/v2\/media?parent=233"}],"wp:term":[{"taxonomy":"category","embeddable":true,"href":"https:\/\/www.encontracapaoredondo.com.br\/sobre\/wp-json\/wp\/v2\/categories?post=233"},{"taxonomy":"post_tag","embeddable":true,"href":"https:\/\/www.encontracapaoredondo.com.br\/sobre\/wp-json\/wp\/v2\/tags?post=233"}],"curies":[{"name":"wp","href":"https:\/\/api.w.org\/{rel}","templated":true}]}}