{"id":230,"date":"2011-07-04T19:21:58","date_gmt":"2011-07-04T19:21:58","guid":{"rendered":"http:\/\/www.encontracapaoredondo.com.br\/noticias\/?p=230"},"modified":"2019-04-29T16:29:40","modified_gmt":"2019-04-29T19:29:40","slug":"ladrao-morre-no-capao-redondo-apos-passar-mal-durante-roubo","status":"publish","type":"post","link":"https:\/\/www.encontracapaoredondo.com.br\/sobre\/ladrao-morre-no-capao-redondo-apos-passar-mal-durante-roubo\/","title":{"rendered":"Ladr\u00e3o morre no Cap\u00e3o Redondo ap\u00f3s passar mal durante roubo"},"content":{"rendered":"<div class=\"8fb9da09c1a584b185d8cf81e63b5046\" data-index=\"1\" style=\"float: none; margin:0px;\">\n<!-- Anuncio display - global -->\r\n<ins class=\"adsbygoogle\"\r\n     style=\"display:block\"\r\n     data-ad-client=\"ca-pub-8585364105181520\"\r\n     data-ad-slot=\"8789329856\"\r\n     data-ad-format=\"auto\"\r\n     data-full-width-responsive=\"true\"><\/ins>\r\n<script>\r\n     (adsbygoogle = window.adsbygoogle || []).push({});\r\n<\/script>\n<\/div>\n<p>Depois de roubar um carro, um bandido morreu ao passar mal na noite de s\u00e1bado (2), no Cap\u00e3o Redondo, zona sul de S\u00e3o Paulo.<\/p>\n<p>Policiais Militares da 3\u00ba Companhia do 37\u00ba Batalh\u00e3o faziam patrulhamento  pela regi\u00e3o quando observaram um grande tumulto no cruzamento da  estrada de Itapecerica coma rua Feiti\u00e7o da Vila, na divisa do Cap\u00e3o  Redondo com a cidade de Embu.<\/p>\n<p>Quando se aproximaram os policiais encontraram o ladr\u00e3o, de 20 anos, com  os batimentos card\u00edacos fracos. Ele foi socorrido ao Hospital M\u00b4boi  Mirim, mas n\u00e3o resistiu e morreu.<\/p>\n<p>Questionado, o outro rapaz, que \u00e9 menor de idade, confessou que os dois tinham roubado o ve\u00edculo que estava parado na via.<\/p>\n<p>Por meio de uma pesquisa, os policiais constataram que o ve\u00edculo tinha  queixa de roubo. O rapaz foi detido e encaminhado ao 47\u00ba Distrito  Policial, onde a ocorr\u00eancia foi elaborada.<br \/>\n<em><br \/>\nFonte: R7<\/em><\/p>\n\n<div style=\"font-size: 0px; height: 0px; line-height: 0px; margin: 0; padding: 0; clear: both;\"><\/div>","protected":false},"excerpt":{"rendered":"<p>Depois de roubar um carro, um bandido morreu ao passar mal na noite de s\u00e1bado (2), no Cap\u00e3o Redondo, zona sul de S\u00e3o Paulo. Policiais Militares da 3\u00ba Companhia do 37\u00ba Batalh\u00e3o faziam patrulhamento pela regi\u00e3o quando observaram um grande tumulto no cruzamento da estrada de Itapecerica coma rua Feiti\u00e7o da Vila, na divisa do Cap\u00e3o Redondo com a cidade de Embu. Quando se aproximaram os policiais encontraram o ladr\u00e3o, de 20 anos, com os batimentos card\u00edacos fracos. Ele foi socorrido ao Hospital M\u00b4boi Mirim, mas n\u00e3o resistiu e morreu. Questionado, o outro rapaz, que \u00e9 menor de idade, confessou <\/p>\n","protected":false},"author":1,"featured_media":0,"comment_status":"open","ping_status":"closed","sticky":false,"template":"","format":"standard","meta":{"footnotes":""},"categories":[6],"tags":[],"class_list":["post-230","post","type-post","status-publish","format-standard","hentry","category-noticias-no-capao-redondo"],"aioseo_notices":[],"_links":{"self":[{"href":"https:\/\/www.encontracapaoredondo.com.br\/sobre\/wp-json\/wp\/v2\/posts\/230","targetHints":{"allow":["GET"]}}],"collection":[{"href":"https:\/\/www.encontracapaoredondo.com.br\/sobre\/wp-json\/wp\/v2\/posts"}],"about":[{"href":"https:\/\/www.encontracapaoredondo.com.br\/sobre\/wp-json\/wp\/v2\/types\/post"}],"author":[{"embeddable":true,"href":"https:\/\/www.encontracapaoredondo.com.br\/sobre\/wp-json\/wp\/v2\/users\/1"}],"replies":[{"embeddable":true,"href":"https:\/\/www.encontracapaoredondo.com.br\/sobre\/wp-json\/wp\/v2\/comments?post=230"}],"version-history":[{"count":0,"href":"https:\/\/www.encontracapaoredondo.com.br\/sobre\/wp-json\/wp\/v2\/posts\/230\/revisions"}],"wp:attachment":[{"href":"https:\/\/www.encontracapaoredondo.com.br\/sobre\/wp-json\/wp\/v2\/media?parent=230"}],"wp:term":[{"taxonomy":"category","embeddable":true,"href":"https:\/\/www.encontracapaoredondo.com.br\/sobre\/wp-json\/wp\/v2\/categories?post=230"},{"taxonomy":"post_tag","embeddable":true,"href":"https:\/\/www.encontracapaoredondo.com.br\/sobre\/wp-json\/wp\/v2\/tags?post=230"}],"curies":[{"name":"wp","href":"https:\/\/api.w.org\/{rel}","templated":true}]}}