{"id":216,"date":"2011-06-16T21:56:41","date_gmt":"2011-06-16T21:56:41","guid":{"rendered":"http:\/\/www.encontracapaoredondo.com.br\/noticias\/?p=216"},"modified":"2019-04-29T16:29:41","modified_gmt":"2019-04-29T19:29:41","slug":"lider-do-furto-do-bc-residia-no-capao-redondo","status":"publish","type":"post","link":"https:\/\/www.encontracapaoredondo.com.br\/sobre\/lider-do-furto-do-bc-residia-no-capao-redondo\/","title":{"rendered":"L\u00edder do furto do BC residia no Cap\u00e3o Redondo"},"content":{"rendered":"<div class=\"8fb9da09c1a584b185d8cf81e63b5046\" data-index=\"1\" style=\"float: none; margin:0px;\">\n<!-- Anuncio display - global -->\r\n<ins class=\"adsbygoogle\"\r\n     style=\"display:block\"\r\n     data-ad-client=\"ca-pub-8585364105181520\"\r\n     data-ad-slot=\"8789329856\"\r\n     data-ad-format=\"auto\"\r\n     data-full-width-responsive=\"true\"><\/ins>\r\n<script>\r\n     (adsbygoogle = window.adsbygoogle || []).push({});\r\n<\/script>\n<\/div>\n<p>Acusado pela pol\u00edcia de ser o l\u00edder e mentor do milion\u00e1rio assalto ao  Banco Central de Fortaleza, Ed\u00e9sio Batista das Neves Sobrinho, de 32  anos, foi preso ontem na Favela do Buraco Quente, zona sul de S\u00e3o Paulo.  O roubo aconteceu em agosto de 2005 e foram levados R$ 165 milh\u00f5es.<\/p>\n<p>Preso em 2008, o bandido havia sido resgatado com nove criminosos em  fevereiro deste ano de uma pris\u00e3o em Itaitinga, a 26 km de Fortaleza.  Neves nega que tenha sido o mentor do maior assalto a banco do Pa\u00eds, mas  admite participa\u00e7\u00e3o na a\u00e7\u00e3o.<\/p>\n<p>No momento da pris\u00e3o, Neves portava documento falso. &#8220;Ele estava  montando uma quadrilha que atua com todos os tipos de droga&#8221;, disse  Wagner Giudice, diretor do Departamento de Investiga\u00e7\u00f5es sobre  Narc\u00f3ticos (Denarc).<\/p>\n<p>Neves \u00e9 paulistano e estudou at\u00e9 a 5.\u00aa s\u00e9rie. Morava no guia Cap\u00e3o  Redondo, tamb\u00e9m na zona sul, segundo a pol\u00edcia. &#8220;\u00c9 muito articulado e  conhece legisla\u00e7\u00e3o&#8221;, afirmou Giudice.<\/p>\n<p>O bandido dever\u00e1 ser encaminhado para um pres\u00eddio de seguran\u00e7a m\u00e1xima.<\/p>\n<p><em>Fonte: O Estado de S. Paulo<\/em><\/p>\n\n<div style=\"font-size: 0px; height: 0px; line-height: 0px; margin: 0; padding: 0; clear: both;\"><\/div>","protected":false},"excerpt":{"rendered":"<p>Acusado pela pol\u00edcia de ser o l\u00edder e mentor do milion\u00e1rio assalto ao Banco Central de Fortaleza, Ed\u00e9sio Batista das Neves Sobrinho, de 32 anos, foi preso ontem na Favela do Buraco Quente, zona sul de S\u00e3o Paulo. O roubo aconteceu em agosto de 2005 e foram levados R$ 165 milh\u00f5es. Preso em 2008, o bandido havia sido resgatado com nove criminosos em fevereiro deste ano de uma pris\u00e3o em Itaitinga, a 26 km de Fortaleza. Neves nega que tenha sido o mentor do maior assalto a banco do Pa\u00eds, mas admite participa\u00e7\u00e3o na a\u00e7\u00e3o. No momento da pris\u00e3o, Neves <\/p>\n","protected":false},"author":1,"featured_media":0,"comment_status":"open","ping_status":"closed","sticky":false,"template":"","format":"standard","meta":{"footnotes":""},"categories":[6],"tags":[],"class_list":["post-216","post","type-post","status-publish","format-standard","hentry","category-noticias-no-capao-redondo"],"aioseo_notices":[],"_links":{"self":[{"href":"https:\/\/www.encontracapaoredondo.com.br\/sobre\/wp-json\/wp\/v2\/posts\/216","targetHints":{"allow":["GET"]}}],"collection":[{"href":"https:\/\/www.encontracapaoredondo.com.br\/sobre\/wp-json\/wp\/v2\/posts"}],"about":[{"href":"https:\/\/www.encontracapaoredondo.com.br\/sobre\/wp-json\/wp\/v2\/types\/post"}],"author":[{"embeddable":true,"href":"https:\/\/www.encontracapaoredondo.com.br\/sobre\/wp-json\/wp\/v2\/users\/1"}],"replies":[{"embeddable":true,"href":"https:\/\/www.encontracapaoredondo.com.br\/sobre\/wp-json\/wp\/v2\/comments?post=216"}],"version-history":[{"count":0,"href":"https:\/\/www.encontracapaoredondo.com.br\/sobre\/wp-json\/wp\/v2\/posts\/216\/revisions"}],"wp:attachment":[{"href":"https:\/\/www.encontracapaoredondo.com.br\/sobre\/wp-json\/wp\/v2\/media?parent=216"}],"wp:term":[{"taxonomy":"category","embeddable":true,"href":"https:\/\/www.encontracapaoredondo.com.br\/sobre\/wp-json\/wp\/v2\/categories?post=216"},{"taxonomy":"post_tag","embeddable":true,"href":"https:\/\/www.encontracapaoredondo.com.br\/sobre\/wp-json\/wp\/v2\/tags?post=216"}],"curies":[{"name":"wp","href":"https:\/\/api.w.org\/{rel}","templated":true}]}}