{"id":2103,"date":"2014-02-12T14:34:35","date_gmt":"2014-02-12T14:34:35","guid":{"rendered":"http:\/\/www.encontracapaoredondo.com.br\/noticias\/?p=2103"},"modified":"2019-04-29T16:28:22","modified_gmt":"2019-04-29T19:28:22","slug":"rapper-edi-rock-realiza-show-solo-na-fabrica-de-cultura-capao-redondo","status":"publish","type":"post","link":"https:\/\/www.encontracapaoredondo.com.br\/sobre\/rapper-edi-rock-realiza-show-solo-na-fabrica-de-cultura-capao-redondo\/","title":{"rendered":"Rapper Edi Rock realiza show solo na F\u00e1brica de Cultura Cap\u00e3o Redondo"},"content":{"rendered":"<div class=\"8fb9da09c1a584b185d8cf81e63b5046\" data-index=\"1\" style=\"float: none; margin:0px;\">\n<!-- Anuncio display - global -->\r\n<ins class=\"adsbygoogle\"\r\n     style=\"display:block\"\r\n     data-ad-client=\"ca-pub-8585364105181520\"\r\n     data-ad-slot=\"8789329856\"\r\n     data-ad-format=\"auto\"\r\n     data-full-width-responsive=\"true\"><\/ins>\r\n<script>\r\n     (adsbygoogle = window.adsbygoogle || []).push({});\r\n<\/script>\n<\/div>\n<p>A F\u00e1brica de Cultura Cap\u00e3o Redondo, unidade do programa F\u00e1bricas de Cultura do Governo do Estado de S\u00e3o Paulo, apresenta no dia 16 de fevereiro, \u00e0s 16h, show solo de Edi Rock, um dos principais nomes do rap brasileiro, integrante da banda Racionais MC\u2019s.<\/p>\n<p>Edi Rock apresentar\u00e1 os sucessos de seu trabalho solo \u201cContra N\u00f3s Ningu\u00e9m Ser\u00e1&#8221;, lan\u00e7ado em 2013, como &#8220;That&#8217;s My Way\u201d. Ele tamb\u00e9m cantar\u00e1 sucessos dos Racionais MC&#8217;s, como &#8220;Negro Drama&#8221;.<\/p>\n<p>O rapper subir\u00e1 ao palco acompanhado da banda Us Fora da Lei, formada por Eduardo Plik (guitarra); Salazar (Sax); DJ Kefing; os vocais Simone Brown e Nego Jam, al\u00e9m da participa\u00e7\u00e3o do rapper Don Pixote. A abertura do show ser\u00e1 feita pelo MC DBS Gord\u00e3o Chefe e pela banda All Star Brasil.<\/p>\n<p><b>Servi\u00e7o<\/p>\n<p>F\u00e1brica de Cultura Cap\u00e3o Redondo<br \/>\n<\/b>Entrada 1: Rua Bacia de S\u00e3o Francisco, S\/N<br \/>\nEntrada 2: Rua Algard, 82<br \/>\nTel: (11) 5822-5240<br \/>\nHor\u00e1rio de funcionamento: ter\u00e7a a sexta das 9h \u00e0s 20h<br \/>\nS\u00e1bados e domingos: vari\u00e1vel de acordo com a programa\u00e7\u00e3o<\/p>\n\n<div style=\"font-size: 0px; height: 0px; line-height: 0px; margin: 0; padding: 0; clear: both;\"><\/div>","protected":false},"excerpt":{"rendered":"<p>A F\u00e1brica de Cultura Cap\u00e3o Redondo, unidade do programa F\u00e1bricas de Cultura do Governo do Estado de S\u00e3o Paulo, apresenta no dia 16 de fevereiro, \u00e0s 16h, show solo de Edi Rock, um dos principais nomes do rap brasileiro, integrante da banda Racionais MC\u2019s. Edi Rock apresentar\u00e1 os sucessos de seu trabalho solo \u201cContra N\u00f3s Ningu\u00e9m Ser\u00e1&#8221;, lan\u00e7ado em 2013, como &#8220;That&#8217;s My Way\u201d. Ele tamb\u00e9m cantar\u00e1 sucessos dos Racionais MC&#8217;s, como &#8220;Negro Drama&#8221;. O rapper subir\u00e1 ao palco acompanhado da banda Us Fora da Lei, formada por Eduardo Plik (guitarra); Salazar (Sax); DJ Kefing; os vocais Simone Brown e <\/p>\n","protected":false},"author":1,"featured_media":0,"comment_status":"open","ping_status":"closed","sticky":false,"template":"","format":"standard","meta":{"footnotes":""},"categories":[6],"tags":[],"class_list":["post-2103","post","type-post","status-publish","format-standard","hentry","category-noticias-no-capao-redondo"],"aioseo_notices":[],"_links":{"self":[{"href":"https:\/\/www.encontracapaoredondo.com.br\/sobre\/wp-json\/wp\/v2\/posts\/2103","targetHints":{"allow":["GET"]}}],"collection":[{"href":"https:\/\/www.encontracapaoredondo.com.br\/sobre\/wp-json\/wp\/v2\/posts"}],"about":[{"href":"https:\/\/www.encontracapaoredondo.com.br\/sobre\/wp-json\/wp\/v2\/types\/post"}],"author":[{"embeddable":true,"href":"https:\/\/www.encontracapaoredondo.com.br\/sobre\/wp-json\/wp\/v2\/users\/1"}],"replies":[{"embeddable":true,"href":"https:\/\/www.encontracapaoredondo.com.br\/sobre\/wp-json\/wp\/v2\/comments?post=2103"}],"version-history":[{"count":0,"href":"https:\/\/www.encontracapaoredondo.com.br\/sobre\/wp-json\/wp\/v2\/posts\/2103\/revisions"}],"wp:attachment":[{"href":"https:\/\/www.encontracapaoredondo.com.br\/sobre\/wp-json\/wp\/v2\/media?parent=2103"}],"wp:term":[{"taxonomy":"category","embeddable":true,"href":"https:\/\/www.encontracapaoredondo.com.br\/sobre\/wp-json\/wp\/v2\/categories?post=2103"},{"taxonomy":"post_tag","embeddable":true,"href":"https:\/\/www.encontracapaoredondo.com.br\/sobre\/wp-json\/wp\/v2\/tags?post=2103"}],"curies":[{"name":"wp","href":"https:\/\/api.w.org\/{rel}","templated":true}]}}