{"id":2096,"date":"2013-12-11T14:26:19","date_gmt":"2013-12-11T14:26:19","guid":{"rendered":"http:\/\/www.encontracapaoredondo.com.br\/noticias\/?p=2096"},"modified":"2019-04-29T16:28:22","modified_gmt":"2019-04-29T19:28:22","slug":"fabrica-de-cultura-capao-redondo-comemora-seu-primeiro-aniversario","status":"publish","type":"post","link":"https:\/\/www.encontracapaoredondo.com.br\/sobre\/fabrica-de-cultura-capao-redondo-comemora-seu-primeiro-aniversario\/","title":{"rendered":"F\u00e1brica de Cultura Cap\u00e3o Redondo comemora seu primeiro anivers\u00e1rio"},"content":{"rendered":"<div class=\"8fb9da09c1a584b185d8cf81e63b5046\" data-index=\"1\" style=\"float: none; margin:0px;\">\n<!-- Anuncio display - global -->\r\n<ins class=\"adsbygoogle\"\r\n     style=\"display:block\"\r\n     data-ad-client=\"ca-pub-8585364105181520\"\r\n     data-ad-slot=\"8789329856\"\r\n     data-ad-format=\"auto\"\r\n     data-full-width-responsive=\"true\"><\/ins>\r\n<script>\r\n     (adsbygoogle = window.adsbygoogle || []).push({});\r\n<\/script>\n<\/div>\n<p>A F\u00e1brica de Cultura Cap\u00e3o Redondo \u2013 unidade do Projeto F\u00e1bricas de Cultura do Governo do Estado de S\u00e3o Paulo, administrada pela POIESIS Instituto de Apoio \u00e0 Cultura, \u00e0 L\u00edngua e \u00e0 Literatura \u2013 comemora o seu primeiro anivers\u00e1rio, no dia 15 de dezembro, com uma grande festa que acontecer\u00e1 das 13h \u00e0s 17h. A entrada \u00e9 gratuita.<\/p>\n<p>Na ocasi\u00e3o, haver\u00e1 uma s\u00e9rie de atividades especiais para os frequentadores da F\u00e1brica. A comemora\u00e7\u00e3o contar\u00e1 com barraquinhas de pipoca, algod\u00e3o doce, refrigerante e cachorro quente, al\u00e9m de brinquedos infl\u00e1veis e pintura facial infantil.<\/p>\n<p><b>Sobre as F\u00e1bricas de Cultura<br \/>\n<\/b>O Governo do Estado de S\u00e3o Paulo mant\u00e9m nove F\u00e1bricas de Cultura em bairros da periferia da Capital Paulista: s\u00e3o cinco unidades na Zona Leste (Cidade Tiradentes, Itaim Paulista, Parque Bel\u00e9m, Sapopemba e Vila Curu\u00e7\u00e1), duas na Zona Norte (Ja\u00e7an\u00e3 e Vila Nova Cachoeirinha) e mais duas na Zona Sul (Jardim S\u00e3o Lu\u00eds e Cap\u00e3o Redondo). Mais uma unidade ser\u00e1 inaugurada na Brasil\u00e2ndia, Zona Norte.<\/p>\n<p>Quatro unidades do programa F\u00e1bricas de Cultura s\u00e3o administradas pela POIESIS \u2013 Instituto de Apoio \u00e0 Cultura, \u00e0 L\u00edngua e \u00e0 Literatura: FC Ja\u00e7an\u00e3, FC Vila Nova Cachoeirinha, FC Jardim S\u00e3o Lu\u00eds e FC Cap\u00e3o Redondo.<\/p>\n<p><b>Anivers\u00e1rio da F\u00e1brica de Cultura Cap\u00e3o Redondo<br \/>\n<\/b>Das 13h \u00e0s 17h<br \/>\nRua Algard, 82. Tel: (11) 5822-5240.<br \/>\nHor\u00e1rio de funcionamento: ter\u00e7a a sexta das 9h \u00e0s 17h.<br \/>\nS\u00e1bados e domingos: vari\u00e1vel de acordo com a programa\u00e7\u00e3o.<\/p>\n\n<div style=\"font-size: 0px; height: 0px; line-height: 0px; margin: 0; padding: 0; clear: both;\"><\/div>","protected":false},"excerpt":{"rendered":"<p>A F\u00e1brica de Cultura Cap\u00e3o Redondo \u2013 unidade do Projeto F\u00e1bricas de Cultura do Governo do Estado de S\u00e3o Paulo, administrada pela POIESIS Instituto de Apoio \u00e0 Cultura, \u00e0 L\u00edngua e \u00e0 Literatura \u2013 comemora o seu primeiro anivers\u00e1rio, no dia 15 de dezembro, com uma grande festa que acontecer\u00e1 das 13h \u00e0s 17h. A entrada \u00e9 gratuita. Na ocasi\u00e3o, haver\u00e1 uma s\u00e9rie de atividades especiais para os frequentadores da F\u00e1brica. A comemora\u00e7\u00e3o contar\u00e1 com barraquinhas de pipoca, algod\u00e3o doce, refrigerante e cachorro quente, al\u00e9m de brinquedos infl\u00e1veis e pintura facial infantil. Sobre as F\u00e1bricas de Cultura O Governo do <\/p>\n","protected":false},"author":1,"featured_media":0,"comment_status":"open","ping_status":"closed","sticky":false,"template":"","format":"standard","meta":{"footnotes":""},"categories":[6],"tags":[],"class_list":["post-2096","post","type-post","status-publish","format-standard","hentry","category-noticias-no-capao-redondo"],"aioseo_notices":[],"_links":{"self":[{"href":"https:\/\/www.encontracapaoredondo.com.br\/sobre\/wp-json\/wp\/v2\/posts\/2096","targetHints":{"allow":["GET"]}}],"collection":[{"href":"https:\/\/www.encontracapaoredondo.com.br\/sobre\/wp-json\/wp\/v2\/posts"}],"about":[{"href":"https:\/\/www.encontracapaoredondo.com.br\/sobre\/wp-json\/wp\/v2\/types\/post"}],"author":[{"embeddable":true,"href":"https:\/\/www.encontracapaoredondo.com.br\/sobre\/wp-json\/wp\/v2\/users\/1"}],"replies":[{"embeddable":true,"href":"https:\/\/www.encontracapaoredondo.com.br\/sobre\/wp-json\/wp\/v2\/comments?post=2096"}],"version-history":[{"count":0,"href":"https:\/\/www.encontracapaoredondo.com.br\/sobre\/wp-json\/wp\/v2\/posts\/2096\/revisions"}],"wp:attachment":[{"href":"https:\/\/www.encontracapaoredondo.com.br\/sobre\/wp-json\/wp\/v2\/media?parent=2096"}],"wp:term":[{"taxonomy":"category","embeddable":true,"href":"https:\/\/www.encontracapaoredondo.com.br\/sobre\/wp-json\/wp\/v2\/categories?post=2096"},{"taxonomy":"post_tag","embeddable":true,"href":"https:\/\/www.encontracapaoredondo.com.br\/sobre\/wp-json\/wp\/v2\/tags?post=2096"}],"curies":[{"name":"wp","href":"https:\/\/api.w.org\/{rel}","templated":true}]}}