{"id":2092,"date":"2013-11-20T00:46:40","date_gmt":"2013-11-20T00:46:40","guid":{"rendered":"http:\/\/www.encontracapaoredondo.com.br\/noticias\/?p=2092"},"modified":"2019-04-29T16:28:22","modified_gmt":"2019-04-29T19:28:22","slug":"cantor-dexter-se-apresenta-no-ceu-capao-redondo","status":"publish","type":"post","link":"https:\/\/www.encontracapaoredondo.com.br\/sobre\/cantor-dexter-se-apresenta-no-ceu-capao-redondo\/","title":{"rendered":"Cantor Dexter se apresenta no CEU Cap\u00e3o Redondo"},"content":{"rendered":"<div class=\"8fb9da09c1a584b185d8cf81e63b5046\" data-index=\"1\" style=\"float: none; margin:0px;\">\n<!-- Anuncio display - global -->\r\n<ins class=\"adsbygoogle\"\r\n     style=\"display:block\"\r\n     data-ad-client=\"ca-pub-8585364105181520\"\r\n     data-ad-slot=\"8789329856\"\r\n     data-ad-format=\"auto\"\r\n     data-full-width-responsive=\"true\"><\/ins>\r\n<script>\r\n     (adsbygoogle = window.adsbygoogle || []).push({});\r\n<\/script>\n<\/div>\n<p>Em comemora\u00e7\u00e3o ao Dia da Consci\u00eancia Negra, a Secretaria Municipal de Promo\u00e7\u00e3o a Igualdade Racial, em parceria com a Secretaria de Cultura do Governo do Estado de S\u00e3o Paulo, promove nos pr\u00f3ximos dias de novembro uma s\u00e9rie de shows pela cidade de S\u00e3o Paulo.<\/p>\n<p>Os eventos s\u00e3o gratuitos e tem entrada livre.<\/p>\n<p>O CEU Cap\u00e3o Redondo recebe no pr\u00f3ximo dia 28 de novembro o cantor de rap Dexter. O evento tem inicio marcado para as 19:30 e \u00e9 gratuito.<\/p>\n<p><strong>Servi\u00e7o:<\/strong><\/p>\n<p>O que: Dexter<br \/>\nOnde: <a title=\"CEU Cap\u00e3o Redondo\" href=\"http:\/\/www.encontracapaoredondo.com.br\/capao-redondo\/ceu-capao-redondo.shtml\" target=\"_blank\">CEU Cap\u00e3o Redondo<\/a><br \/>\nEndere\u00e7o: Rua Daniel Gran, s\/n\u00ba &#8211; Cap\u00e3o Redondo<br \/>\nQuando: 28\/11 \u00e0s 19:30.<br \/>\nValor: Gratuito<\/p>\n<p><strong>\u00a0<\/strong><\/p>\n\n<div style=\"font-size: 0px; height: 0px; line-height: 0px; margin: 0; padding: 0; clear: both;\"><\/div>","protected":false},"excerpt":{"rendered":"<p>Em comemora\u00e7\u00e3o ao Dia da Consci\u00eancia Negra, a Secretaria Municipal de Promo\u00e7\u00e3o a Igualdade Racial, em parceria com a Secretaria de Cultura do Governo do Estado de S\u00e3o Paulo, promove nos pr\u00f3ximos dias de novembro uma s\u00e9rie de shows pela cidade de S\u00e3o Paulo. Os eventos s\u00e3o gratuitos e tem entrada livre. O CEU Cap\u00e3o Redondo recebe no pr\u00f3ximo dia 28 de novembro o cantor de rap Dexter. O evento tem inicio marcado para as 19:30 e \u00e9 gratuito. Servi\u00e7o: O que: Dexter Onde: CEU Cap\u00e3o Redondo Endere\u00e7o: Rua Daniel Gran, s\/n\u00ba &#8211; Cap\u00e3o Redondo Quando: 28\/11 \u00e0s 19:30. Valor: <\/p>\n","protected":false},"author":1,"featured_media":0,"comment_status":"open","ping_status":"closed","sticky":false,"template":"","format":"standard","meta":{"footnotes":""},"categories":[6],"tags":[],"class_list":["post-2092","post","type-post","status-publish","format-standard","hentry","category-noticias-no-capao-redondo"],"aioseo_notices":[],"_links":{"self":[{"href":"https:\/\/www.encontracapaoredondo.com.br\/sobre\/wp-json\/wp\/v2\/posts\/2092","targetHints":{"allow":["GET"]}}],"collection":[{"href":"https:\/\/www.encontracapaoredondo.com.br\/sobre\/wp-json\/wp\/v2\/posts"}],"about":[{"href":"https:\/\/www.encontracapaoredondo.com.br\/sobre\/wp-json\/wp\/v2\/types\/post"}],"author":[{"embeddable":true,"href":"https:\/\/www.encontracapaoredondo.com.br\/sobre\/wp-json\/wp\/v2\/users\/1"}],"replies":[{"embeddable":true,"href":"https:\/\/www.encontracapaoredondo.com.br\/sobre\/wp-json\/wp\/v2\/comments?post=2092"}],"version-history":[{"count":0,"href":"https:\/\/www.encontracapaoredondo.com.br\/sobre\/wp-json\/wp\/v2\/posts\/2092\/revisions"}],"wp:attachment":[{"href":"https:\/\/www.encontracapaoredondo.com.br\/sobre\/wp-json\/wp\/v2\/media?parent=2092"}],"wp:term":[{"taxonomy":"category","embeddable":true,"href":"https:\/\/www.encontracapaoredondo.com.br\/sobre\/wp-json\/wp\/v2\/categories?post=2092"},{"taxonomy":"post_tag","embeddable":true,"href":"https:\/\/www.encontracapaoredondo.com.br\/sobre\/wp-json\/wp\/v2\/tags?post=2092"}],"curies":[{"name":"wp","href":"https:\/\/api.w.org\/{rel}","templated":true}]}}