{"id":206,"date":"2011-05-31T06:25:58","date_gmt":"2011-05-31T06:25:58","guid":{"rendered":"http:\/\/www.encontracapaoredondo.com.br\/noticias\/?p=206"},"modified":"2019-04-29T16:29:41","modified_gmt":"2019-04-29T19:29:41","slug":"capao-redondo-esta-no-circuito-da-primeira-edicao-da-virada-sustentavel","status":"publish","type":"post","link":"https:\/\/www.encontracapaoredondo.com.br\/sobre\/capao-redondo-esta-no-circuito-da-primeira-edicao-da-virada-sustentavel\/","title":{"rendered":"Cap\u00e3o Redondo est\u00e1 no circuito da primeira edi\u00e7\u00e3o da Virada Sustent\u00e1vel"},"content":{"rendered":"<div class=\"8fb9da09c1a584b185d8cf81e63b5046\" data-index=\"1\" style=\"float: none; margin:0px;\">\n<!-- Anuncio display - global -->\r\n<ins class=\"adsbygoogle\"\r\n     style=\"display:block\"\r\n     data-ad-client=\"ca-pub-8585364105181520\"\r\n     data-ad-slot=\"8789329856\"\r\n     data-ad-format=\"auto\"\r\n     data-full-width-responsive=\"true\"><\/ins>\r\n<script>\r\n     (adsbygoogle = window.adsbygoogle || []).push({});\r\n<\/script>\n<\/div>\n<p>A cidade de S\u00e3o Paulo ser\u00e1 espa\u00e7o da primeira Virada Sustent\u00e1vel,  nos dias 4 e 5 de junho,\u00a0 com mais de\u00a0 180 atra\u00e7\u00f5es espalhadas por  cerca de 60 espa\u00e7os da Capital, incluindo parques e pra\u00e7as. Organizada  pela Virada Sustent\u00e1vel Eventos, a virada tem o apoio da Secretaria do  Verde e do Meio Ambiente (SVMA), da Secretaria do Meio Ambiente (SMA) do  Estado e da Secretaria Especial dos Direitos da Pessoa com Defici\u00eancia.<\/p>\n<p>Os  parques Ibirapuera, Trianon e Santo Dias, administrados pela SVMA,  recebem, nos dias 4 e 5, diversas atividades relacionadas \u00e0 programa\u00e7\u00e3o  da Virada Sustent\u00e1vel. O evento visa a ampliar, por meio da arte e da  cultura, o conhecimento sobre sustentabilidade em S\u00e3o Paulo. No primeiro  dia, as atividades v\u00e3o das 8h30 \u00e0s 24h e, no domingo, das 8h \u00e0s 20h.<\/p>\n<p>A  abertura oficial ser\u00e1 no dia 4 de junho, \u00e0s 8h30, no Parque Ibirapuera,  palco de mais de 25 atividades do evento &#8211; medita\u00e7\u00e3o, ioga, tendas  terap\u00eauticas, passeio para identifica\u00e7\u00e3o das \u00e1rvores, conta\u00e7\u00e3o de  hist\u00f3rias infantis, exposi\u00e7\u00f5es, m\u00fasica, oficinas e jogos com enfoque no  meio ambiente. No Parque Trianon, haver\u00e1 uma trilha urbana para  observa\u00e7\u00e3o do c\u00e9u da avenida Paulista no s\u00e1bado, 4, \u00e0s 18h30. A  atividade ser\u00e1 realizada em parceria com a Argonavis Astroclube.<\/p>\n<p>A Virada Sustent\u00e1vel da Kebrada,  que ocorrer\u00e1 no Parque Santo Dias, em guia do bairro Cap\u00e3o Redondo, apresentar\u00e1 um  debate sobre como as redes podem ampliar o conceito de sustentabilidade  nas comunidades do entorno. A iniciativa \u00e9 da Uni\u00e3o Popular de Mulheres  de Campo Limpo e Adjac\u00eancias, Departamento de Gest\u00e3o Descentralizado Sul  I e Administra\u00e7\u00e3o do Parque Santo Dias.<\/p>\n<p>\u201cA Virada Sustent\u00e1vel  teve a preocupa\u00e7\u00e3o, desde o in\u00edcio, de pulverizar sua programa\u00e7\u00e3o em  diferentes locais da Cidade, de forma a evitar grandes deslocamentos e,  principalmente, grandes aglomera\u00e7\u00f5es em um \u00fanico local. Outro cuidado  foi o de n\u00e3o promover o evento apenas em locais visitados pela popula\u00e7\u00e3o  das classes m\u00e9dia e alta, o que explica a presen\u00e7a de diversas  atividades nas regi\u00f5es perif\u00e9ricas da Cidade, como os bairros de Cap\u00e3o  Redondo, na Zona Sul, ou Bel\u00e9m, na Zona Leste\u201d, explica o jornalista  Andr\u00e9 Palhano, organizador do evento.<\/p>\n<p>Al\u00e9m das atividades nos  parques municipais, a Capital ser\u00e1 tomada por diversas atra\u00e7\u00f5es em  diferentes pontos. Todas as atividades s\u00e3o gratuitas. A programa\u00e7\u00e3o  completa pode ser conferida no site www.viradasustentavel.com.<\/p>\n<p>Segunda Sem Carne<\/p>\n<p>Ainda  durante a Virada Sustent\u00e1vel haver\u00e1 mobiliza\u00e7\u00e3o da Campanha Segunda Sem  Carne, organizada em S\u00e3o Paulo pela Sociedade Vegetariana Brasileira,  com apoio da Secretaria do Verde e do Meio Ambiente. Palestras,  quiosques tem\u00e1ticos e v\u00eddeos ser\u00e3o disponibilizados no Conjunto  Nacional, na entrada da alameda Santos, para os interessados em conhecer  o tema.<\/p>\n<p>A campanha se prop\u00f5e a conscientizar as pessoas sobre os  impactos que o uso de carne para alimenta\u00e7\u00e3o tem sobre o meio ambiente, a  sa\u00fade humana e os animais, convidando-as a tirar a carne do prato uma  vez por semana e a descobrir novos sabores.<\/p>\n<p>Parceira do evento, a  Livraria Cultura desenvolver\u00e1 algumas atividades sobre o tema durante a  virada.Um quiosque montado na entrada da livraria pela alameda Santos  explicar\u00e1 a campanha para quem ainda n\u00e3o conhece os fundamentos. No  quiosque haver\u00e1 ainda dicas, distribui\u00e7\u00e3o e venda de artigos da campanha  e degusta\u00e7\u00e3o de comidas sem carne.<\/p>\n<p>No dia 4, das 18h \u00e0s 22h,  ocorrer\u00e3o bate-papos com especialistas na sala de cursos da livraria.  Cada especialista se aprofundar\u00e1 em um tema relacionado ao consumo de  carnes, conforme a programa\u00e7\u00e3o:<\/p>\n<p>18h\u00a0 &#8211;\u00a0 Meio ambiente e consumo de carnes: qual a rela\u00e7\u00e3o?<\/p>\n<p>Guilherme Carvalho (bi\u00f3logo e gerente de Campanhas da HSI no Brasil e coordenador do Departamento de Meio Ambiente da SVB)<\/p>\n<p>18h45\u00a0 &#8211;\u00a0 Benef\u00edcios da alimenta\u00e7\u00e3o sem carne<\/p>\n<p>Dr. Eric Slywitch (m\u00e9dico nutr\u00f3logo e coordenador do Departamento de Medicina e Nutri\u00e7\u00e3o da SVB)<\/p>\n<p>19h30\u00a0 &#8211;\u00a0 Cultura de paz e qualidade de vida<\/p>\n<p>Dr. Celso Galhardo Monteiro (m\u00e9dico homeopata e antropos\u00f3fico e professor de Qualidade de Vida do Brahma Kumaris)<\/p>\n<p>20h15\u00a0 &#8211;\u00a0 Alimenta\u00e7\u00e3o na inf\u00e2ncia<\/p>\n<p>Ana Ceregatti (nutricionista)<\/p>\n<p>21h\u00a0 &#8211;\u00a0 Comer animais? Uma discuss\u00e3o sobre \u00e9tica e comportamento<\/p>\n<p>Nat\u00e1lia  Albuquerque (bi\u00f3loga e mestranda em psicologia experimental com \u00eanfase  em comportamento animal na Universidade de S\u00e3o Paulo).<\/p>\n<p><em>Fonte: Prefeitura de S. Paulo<\/em><\/p>\n\n<div style=\"font-size: 0px; height: 0px; line-height: 0px; margin: 0; padding: 0; clear: both;\"><\/div>","protected":false},"excerpt":{"rendered":"<p>A cidade de S\u00e3o Paulo ser\u00e1 espa\u00e7o da primeira Virada Sustent\u00e1vel, nos dias 4 e 5 de junho,\u00a0 com mais de\u00a0 180 atra\u00e7\u00f5es espalhadas por cerca de 60 espa\u00e7os da Capital, incluindo parques e pra\u00e7as. Organizada pela Virada Sustent\u00e1vel Eventos, a virada tem o apoio da Secretaria do Verde e do Meio Ambiente (SVMA), da Secretaria do Meio Ambiente (SMA) do Estado e da Secretaria Especial dos Direitos da Pessoa com Defici\u00eancia. Os parques Ibirapuera, Trianon e Santo Dias, administrados pela SVMA, recebem, nos dias 4 e 5, diversas atividades relacionadas \u00e0 programa\u00e7\u00e3o da Virada Sustent\u00e1vel. O evento visa a <\/p>\n","protected":false},"author":1,"featured_media":0,"comment_status":"open","ping_status":"closed","sticky":false,"template":"","format":"standard","meta":{"footnotes":""},"categories":[6],"tags":[],"class_list":["post-206","post","type-post","status-publish","format-standard","hentry","category-noticias-no-capao-redondo"],"aioseo_notices":[],"_links":{"self":[{"href":"https:\/\/www.encontracapaoredondo.com.br\/sobre\/wp-json\/wp\/v2\/posts\/206","targetHints":{"allow":["GET"]}}],"collection":[{"href":"https:\/\/www.encontracapaoredondo.com.br\/sobre\/wp-json\/wp\/v2\/posts"}],"about":[{"href":"https:\/\/www.encontracapaoredondo.com.br\/sobre\/wp-json\/wp\/v2\/types\/post"}],"author":[{"embeddable":true,"href":"https:\/\/www.encontracapaoredondo.com.br\/sobre\/wp-json\/wp\/v2\/users\/1"}],"replies":[{"embeddable":true,"href":"https:\/\/www.encontracapaoredondo.com.br\/sobre\/wp-json\/wp\/v2\/comments?post=206"}],"version-history":[{"count":0,"href":"https:\/\/www.encontracapaoredondo.com.br\/sobre\/wp-json\/wp\/v2\/posts\/206\/revisions"}],"wp:attachment":[{"href":"https:\/\/www.encontracapaoredondo.com.br\/sobre\/wp-json\/wp\/v2\/media?parent=206"}],"wp:term":[{"taxonomy":"category","embeddable":true,"href":"https:\/\/www.encontracapaoredondo.com.br\/sobre\/wp-json\/wp\/v2\/categories?post=206"},{"taxonomy":"post_tag","embeddable":true,"href":"https:\/\/www.encontracapaoredondo.com.br\/sobre\/wp-json\/wp\/v2\/tags?post=206"}],"curies":[{"name":"wp","href":"https:\/\/api.w.org\/{rel}","templated":true}]}}