{"id":191,"date":"2011-05-12T14:57:20","date_gmt":"2011-05-12T14:57:20","guid":{"rendered":"http:\/\/www.encontracapaoredondo.com.br\/noticias\/?p=191"},"modified":"2019-04-29T16:29:41","modified_gmt":"2019-04-29T19:29:41","slug":"falta-de-grelha-que-tampa-buraco-causa-problemas-no-capao-redondo","status":"publish","type":"post","link":"https:\/\/www.encontracapaoredondo.com.br\/sobre\/falta-de-grelha-que-tampa-buraco-causa-problemas-no-capao-redondo\/","title":{"rendered":"Falta de grelha que tampa buraco causa problemas no Cap\u00e3o Redondo"},"content":{"rendered":"<div class=\"8fb9da09c1a584b185d8cf81e63b5046\" data-index=\"1\" style=\"float: none; margin:0px;\">\n<!-- Anuncio display - global -->\r\n<ins class=\"adsbygoogle\"\r\n     style=\"display:block\"\r\n     data-ad-client=\"ca-pub-8585364105181520\"\r\n     data-ad-slot=\"8789329856\"\r\n     data-ad-format=\"auto\"\r\n     data-full-width-responsive=\"true\"><\/ins>\r\n<script>\r\n     (adsbygoogle = window.adsbygoogle || []).push({});\r\n<\/script>\n<\/div>\n<p>A Assessoria de Imprensa da Subprefeitura S\u00e9, com rela\u00e7\u00e3o \u00e0  reclama\u00e7\u00e3o sobre a falta de uma grelha em frente \u00e0 Secretaria de  Coordena\u00e7\u00e3o das Subprefeituras, informa que, enquanto um novo  equipamento para substitui\u00e7\u00e3o est\u00e1 sendo confeccionado, uma tampa foi  colocada provisoriamente no local, sanando o problema.<\/p>\n<p>O leitor desmente: N\u00e3o h\u00e1 tampa nenhuma, mas sim 6 tocos de madeira. E  isso \u00e9 comum na regi\u00e3o central, quando a imprensa divulga o problema.  Vou at\u00e9 fotografar outra caixa sem prote\u00e7\u00e3o na Avenida S\u00e3o Jo\u00e3o com a  Rua Conselheiro Chrispiniano. Uma gari por pouco n\u00e3o se machucou. A  cidade est\u00e1 sendo administrada por meio de improvisos. \u00c9 o tipo de  absurdo que, se n\u00e3o for fotografado, \u00e9 dif\u00edcil de algu\u00e9m acreditar.<\/p>\n<p>Um  outro absurdo: na noite dessa quarta-feira, no guia do Cap\u00e3o Redondo, na Avenida  Comendador Santana, 4 funcion\u00e1rios do Posto de Sa\u00fade estavam aflitos  arrastando uma \u00e1rvore ca\u00edda na cal\u00e7ada em frente ao posto, que h\u00e1 tempos  dificultava a passagem de pedestres. Perguntei o que iam fazer e  responderam: &#8220;\u00c9 que saiu no r\u00e1dio e a chefia mandou arrastar e deixar na  esquina&#8221;.<\/p>\n<p><em>Fonte: O Estado de S. Paulo<\/em><\/p>\n\n<div style=\"font-size: 0px; height: 0px; line-height: 0px; margin: 0; padding: 0; clear: both;\"><\/div>","protected":false},"excerpt":{"rendered":"<p>A Assessoria de Imprensa da Subprefeitura S\u00e9, com rela\u00e7\u00e3o \u00e0 reclama\u00e7\u00e3o sobre a falta de uma grelha em frente \u00e0 Secretaria de Coordena\u00e7\u00e3o das Subprefeituras, informa que, enquanto um novo equipamento para substitui\u00e7\u00e3o est\u00e1 sendo confeccionado, uma tampa foi colocada provisoriamente no local, sanando o problema. O leitor desmente: N\u00e3o h\u00e1 tampa nenhuma, mas sim 6 tocos de madeira. E isso \u00e9 comum na regi\u00e3o central, quando a imprensa divulga o problema. Vou at\u00e9 fotografar outra caixa sem prote\u00e7\u00e3o na Avenida S\u00e3o Jo\u00e3o com a Rua Conselheiro Chrispiniano. Uma gari por pouco n\u00e3o se machucou. A cidade est\u00e1 sendo administrada <\/p>\n","protected":false},"author":1,"featured_media":0,"comment_status":"open","ping_status":"closed","sticky":false,"template":"","format":"standard","meta":{"footnotes":""},"categories":[6],"tags":[],"class_list":["post-191","post","type-post","status-publish","format-standard","hentry","category-noticias-no-capao-redondo"],"aioseo_notices":[],"_links":{"self":[{"href":"https:\/\/www.encontracapaoredondo.com.br\/sobre\/wp-json\/wp\/v2\/posts\/191","targetHints":{"allow":["GET"]}}],"collection":[{"href":"https:\/\/www.encontracapaoredondo.com.br\/sobre\/wp-json\/wp\/v2\/posts"}],"about":[{"href":"https:\/\/www.encontracapaoredondo.com.br\/sobre\/wp-json\/wp\/v2\/types\/post"}],"author":[{"embeddable":true,"href":"https:\/\/www.encontracapaoredondo.com.br\/sobre\/wp-json\/wp\/v2\/users\/1"}],"replies":[{"embeddable":true,"href":"https:\/\/www.encontracapaoredondo.com.br\/sobre\/wp-json\/wp\/v2\/comments?post=191"}],"version-history":[{"count":0,"href":"https:\/\/www.encontracapaoredondo.com.br\/sobre\/wp-json\/wp\/v2\/posts\/191\/revisions"}],"wp:attachment":[{"href":"https:\/\/www.encontracapaoredondo.com.br\/sobre\/wp-json\/wp\/v2\/media?parent=191"}],"wp:term":[{"taxonomy":"category","embeddable":true,"href":"https:\/\/www.encontracapaoredondo.com.br\/sobre\/wp-json\/wp\/v2\/categories?post=191"},{"taxonomy":"post_tag","embeddable":true,"href":"https:\/\/www.encontracapaoredondo.com.br\/sobre\/wp-json\/wp\/v2\/tags?post=191"}],"curies":[{"name":"wp","href":"https:\/\/api.w.org\/{rel}","templated":true}]}}